{"id":73194,"date":"2025-12-13T10:38:04","date_gmt":"2025-12-13T10:38:04","guid":{"rendered":"https:\/\/www.europesays.com\/lv\/73194\/"},"modified":"2025-12-13T10:38:04","modified_gmt":"2025-12-13T10:38:04","slug":"viniem-sedeja-virsu-un-izmantoja-ka-matracus-tris-mates-parstaj-kluset-un-nolemj-visai-pasaulei-atklat-krievijas-armijas-nezelibu","status":"publish","type":"post","link":"https:\/\/www.europesays.com\/lv\/73194\/","title":{"rendered":"\u201cVi\u0146iem s\u0113d\u0113ja virs\u016b un izmantoja k\u0101 matra\u010dus.\u201d Tr\u012bs m\u0101tes p\u0101rst\u0101j klus\u0113t un nolemj visai pasaulei atkl\u0101t Krievijas armijas ne\u017e\u0113l\u012bbu"},"content":{"rendered":"<p>    <img decoding=\"async\" src=\"https:\/\/www.europesays.com\/lv\/wp-content\/uploads\/2025\/12\/11269496-1-800x485.jpg\" alt=\"&#10;Krievijas \u201cVostok\u201d  karasp\u0113ka SA 2C5 \u201cHyacinth-S\u201d ekip\u0101\u017eas kaujas pret Ukrainas karasp\u0113ku Dienviddo\u0146eck\u0101. virziens Krievijas kontrol\u0113taj\u0101 Ukrainas da\u013c\u0101, Do\u0146eckas apgabal\u0101, 2024. gada 10. apr\u012bl\u012b.&#10;\"\/><\/p>\n<p>Krievijas \u201cVostok\u201d  karasp\u0113ka SA 2C5 \u201cHyacinth-S\u201d ekip\u0101\u017eas kaujas pret Ukrainas karasp\u0113ku Dienviddo\u0146eck\u0101. virziens Krievijas kontrol\u0113taj\u0101 Ukrainas da\u013c\u0101, Do\u0146eckas apgabal\u0101, 2024. gada 10. apr\u012bl\u012b.<\/p>\n<p>Foto: EPA\/SCANPIX\n<\/p>\n<p>12:20, 13. decembris 2025<\/p>\n<p>Tr\u012bs \u0123imenes no Irpenes, kuru d\u0113li jau pirmaj\u0101s dien\u0101s p\u0113c pilna m\u0113roga iebrukuma Ukrain\u0101 br\u012bvpr\u0101t\u012bgi pieteic\u0101s vien\u012bb\u0101, gandr\u012bz \u010detrus gadus gaid\u012bja savu b\u0113rnu mirst\u012bgo atlieku atbr\u012bvo\u0161anu no g\u016bsta. Galu gal\u0101 t\u0101s tika atrastas kapos, kur t\u0101s bija apglab\u0101tas k\u0101 \u201cnezin\u0101mas\u201d, inform\u0113 \u0101rzemju mediji.<\/p>\n<p>        Las\u012bt\u0101kie<br \/>\n        <a data-imagesrc=\"{&quot;300&quot;:&quot;https:\\\/\\\/lastatic.ams3.cdn.digitaloceanspaces.com\\\/2025\\\/07\\\/Untitled-1500-x-1000-px-63-300x200.jpg&quot;,&quot;1024&quot;:&quot;https:\\\/\\\/lastatic.ams3.cdn.digitaloceanspaces.com\\\/2025\\\/07\\\/Untitled-1500-x-1000-px-63-1024x683.jpg&quot;,&quot;768&quot;:&quot;https:\\\/\\\/lastatic.ams3.cdn.digitaloceanspaces.com\\\/2025\\\/07\\\/Untitled-1500-x-1000-px-63-768x512.jpg&quot;,&quot;200&quot;:&quot;https:\\\/\\\/lastatic.ams3.cdn.digitaloceanspaces.com\\\/2025\\\/07\\\/Untitled-1500-x-1000-px-63-200x133.jpg&quot;,&quot;400&quot;:&quot;https:\\\/\\\/lastatic.ams3.cdn.digitaloceanspaces.com\\\/2025\\\/07\\\/Untitled-1500-x-1000-px-63-400x267.jpg&quot;,&quot;500&quot;:&quot;https:\\\/\\\/lastatic.ams3.cdn.digitaloceanspaces.com\\\/2025\\\/07\\\/Untitled-1500-x-1000-px-63-500x333.jpg&quot;,&quot;800&quot;:&quot;https:\\\/\\\/lastatic.ams3.cdn.digitaloceanspaces.com\\\/2025\\\/07\\\/Untitled-1500-x-1000-px-63-800x533.jpg&quot;,&quot;1000&quot;:&quot;https:\\\/\\\/lastatic.ams3.cdn.digitaloceanspaces.com\\\/2025\\\/07\\\/Untitled-1500-x-1000-px-63-1000x667.jpg&quot;,&quot;1500&quot;:&quot;https:\\\/\\\/lastatic.ams3.cdn.digitaloceanspaces.com\\\/2025\\\/07\\\/Untitled-1500-x-1000-px-63.jpg&quot;}\" data-focuspoint=\"&quot;&quot;\" data-p=\"2478601\" href=\"https:\/\/www.la.lv\/asv-strategija-izskatas-pec-kara-pieteikuma-eiropas-savienibai-britu-eksperts-par-iespejamiem-trampa-ricibas-riskiem\" class=\"content-item lazy-load\" wp_automatic_readability=\"26.5\" rel=\"nofollow noopener\" target=\"_blank\"><\/p>\n<p>                                <img decoding=\"async\" src=\"\" alt=\"\" style=\"\" data-imageid=\"\"\/><\/p>\n<p>                                TV24<\/p>\n<p>                                            \u201cASV strat\u0113\u0123ija izskat\u0101s p\u0113c kara pieteikuma Eiropas Savien\u012bbai.\u201d Britu eksperts par iesp\u0113jamiem Trampa r\u012bc\u012bbas riskiem\n                            <\/p>\n<p><\/a><a data-imagesrc=\"{&quot;300&quot;:&quot;https:\\\/\\\/lastatic.ams3.cdn.digitaloceanspaces.com\\\/2025\\\/12\\\/virves-300x200.png&quot;,&quot;1024&quot;:&quot;https:\\\/\\\/lastatic.ams3.cdn.digitaloceanspaces.com\\\/2025\\\/12\\\/virves-1024x683.png&quot;,&quot;500&quot;:&quot;https:\\\/\\\/lastatic.ams3.cdn.digitaloceanspaces.com\\\/2025\\\/12\\\/virves-500x333.png&quot;,&quot;800&quot;:&quot;https:\\\/\\\/lastatic.ams3.cdn.digitaloceanspaces.com\\\/2025\\\/12\\\/virves-800x533.png&quot;,&quot;1536&quot;:&quot;https:\\\/\\\/lastatic.ams3.cdn.digitaloceanspaces.com\\\/2025\\\/12\\\/virves.png&quot;}\" data-focuspoint=\"&quot;&quot;\" data-p=\"2480397\" href=\"https:\/\/www.la.lv\/atrs-psihologiskais-tests-kura-no-virvem-jusuprat-is-visgaraka\" class=\"content-item lazy-load\" wp_automatic_readability=\"27\" rel=\"nofollow noopener\" target=\"_blank\"><\/p>\n<p>                                <img decoding=\"async\" src=\"\" alt=\"\" style=\"\" data-imageid=\"\"\/><\/p>\n<p>                                Kokteilis<\/p>\n<p>\n                                                \u0100trs psiholo\u0123iskais tests: kura no virv\u0113m, j\u016bsupr\u0101t, ir visgar\u0101k\u0101?<\/p>\n<p><\/a><a data-imagesrc=\"{&quot;300&quot;:&quot;https:\\\/\\\/lastatic.ams3.cdn.digitaloceanspaces.com\\\/2025\\\/09\\\/9807beb6-0cfd-46b1-ba1c-d6055ae6bbba-300x200.jpg&quot;,&quot;1024&quot;:&quot;https:\\\/\\\/lastatic.ams3.cdn.digitaloceanspaces.com\\\/2025\\\/09\\\/9807beb6-0cfd-46b1-ba1c-d6055ae6bbba-1024x683.jpg&quot;,&quot;1536&quot;:&quot;https:\\\/\\\/lastatic.ams3.cdn.digitaloceanspaces.com\\\/2025\\\/09\\\/9807beb6-0cfd-46b1-ba1c-d6055ae6bbba-1536x1024.jpg&quot;,&quot;500&quot;:&quot;https:\\\/\\\/lastatic.ams3.cdn.digitaloceanspaces.com\\\/2025\\\/09\\\/9807beb6-0cfd-46b1-ba1c-d6055ae6bbba-500x333.jpg&quot;,&quot;800&quot;:&quot;https:\\\/\\\/lastatic.ams3.cdn.digitaloceanspaces.com\\\/2025\\\/09\\\/9807beb6-0cfd-46b1-ba1c-d6055ae6bbba-800x533.jpg&quot;,&quot;1800&quot;:&quot;https:\\\/\\\/lastatic.ams3.cdn.digitaloceanspaces.com\\\/2025\\\/09\\\/9807beb6-0cfd-46b1-ba1c-d6055ae6bbba.jpg&quot;}\" data-focuspoint=\"&quot;&quot;\" data-p=\"2480320\" href=\"https:\/\/www.la.lv\/asv-daris-visu-lai-neviens-so-celu-nevaretu-bloket-nopludusi-informacija-par-miera-sarunu-punktu-kas-var-izmainit-eiropas-nakotni\" class=\"content-item lazy-load\" wp_automatic_readability=\"27.5\" rel=\"nofollow noopener\" target=\"_blank\"><\/p>\n<p>                                <img decoding=\"async\" src=\"\" alt=\"\" style=\"\" data-imageid=\"\"\/><\/p>\n<p>                                            \u201cASV dar\u012bs visu, lai neviens \u0161o ce\u013cu nevar\u0113tu blo\u0137\u0113t\u201d \u2013 nopl\u016bdusi inform\u0101cija par miera sarunu punktu, kas var izmain\u012bt Eiropas n\u0101kotni\n                            <\/p>\n<p><\/a><br \/>\n        <a class=\"read-more\" href=\"https:\/\/www.la.lv\/top\" rel=\"nofollow noopener\" target=\"_blank\">Las\u012bt citas zi\u0146as<\/a><\/p>\n<p>Tikai pateicoties neatlaid\u012bgaj\u0101m p\u016bl\u0113m izdev\u0101s d\u0113lus atrast un apglab\u0101t ar godu, k\u0101 ar\u012b atkl\u0101t Krievijas kara noziegumus.<\/p>\n<p>Tr\u012bs tuvi draugi, kas paz\u012bstami jau gadiem ilgi<br \/>\n    CITI \u0160OBR\u012aD LASA<\/p>\n<p>Tr\u012bs sievietes \u2013 O\u013cesja (Art\u016bra m\u0101te), Val\u0113rija (Ruslana m\u0101te) un Ludmila (Alekseja m\u0101te) \u2013 p\u0113d\u0113jos gados \u013coti satuvin\u0101j\u0101s. Vi\u0146u b\u0113rni bija ne\u0161\u0137irami. Arturs un Aleksejs bija draugi jau kop\u0161 tr\u012bs gadu vecuma un b\u0113rnud\u0101rza laikiem.<\/p>\n<p>Z\u0113ni bija l\u012bdz\u012bgi gan p\u0113c rakstura, gan izskata \u2013 abi gandr\u012bz divus metrus gari. Iebrukuma s\u0101kum\u0101 Art\u016bram un Ruslanam bija 22 gadi, Aleksejam \u2013 20. Vi\u0146i aizveda savus radiniekus uz Ukrainas rietumiem un atgriez\u0101s Irpen\u0113, kur iest\u0101j\u0101s br\u012bvpr\u0101t\u012bgo vien\u012bb\u0101.<\/p>\n<p>Alekseja m\u0101te atceras d\u0113la p\u0113d\u0113jos v\u0101rdus: <\/p>\n<blockquote><p>\u201cEs \u013coti labi atceros, kad vi\u0146\u0161 teica: \u201cAr mani viss b\u016bs k\u0101rt\u012bb\u0101.\u201d\u201d<\/p><\/blockquote>\n<p>Misija, g\u016bsts un sp\u012bdzin\u0101\u0161anas p\u0113das<\/p>\n<p>Sakari ar pui\u0161iem tika p\u0101rtraukti 2022. gada 2. mart\u0101. Taj\u0101 dien\u0101 Ruslanam, Art\u016bram un Aleksejam tika uzdots nog\u0101d\u0101t mun\u012bciju un dronus m\u016bsu poz\u012bcij\u0101s.<\/p>\n<p>Net\u0101lu no Vorzelas z\u0113ni non\u0101ca ap\u0161audes centr\u0101, kur v\u0113l\u0101k tika sag\u016bst\u012bti. Marta beig\u0101s k\u0101d\u0101 Krievijas kan\u0101l\u0101 par\u0101d\u012bj\u0101s video, kur\u0101 redzams, k\u0101 Art\u016brs un Ruslans tiek pratin\u0101ti me\u017e\u0101.<\/p>\n<blockquote><p>\u201cKaimi\u0146\u0161 man ats\u016bt\u012bja video, kur\u0101 vi\u0146\u0161 ir smagi piekauts, nometies ce\u013cos, piln\u012bb\u0101 pak\u013cauts orkiem\u2026 Mums teica, ka vi\u0146us nevar nogalin\u0101t, jo ir video, kur\u0101 vi\u0146i tiek tur\u0113ti g\u016bst\u0101,\u201d st\u0101sta Artura m\u0101te.<\/p><\/blockquote>\n<p>Ruslana radinieki iesniedza DNS paraugus 2022. gad\u0101. Vi\u0146i mekl\u0113ja pavedienus ieslodz\u012bto vid\u016b Je\u013cenovk\u0101 un Novozibk\u0101, pirmstiesas aiztur\u0113\u0161anas centros. \u201cEs joproj\u0101m mekl\u0113ju vi\u0146u dz\u012bvu,\u201d atceras Ruslana m\u0101te.<\/p>\n<p>Pag\u0101ja gads, un radiniekiem nebija piek\u013cuves krimin\u0101llietas materi\u0101liem, izmekl\u0113t\u0101ji past\u0101v\u012bgi main\u012bj\u0101s. M\u0101tes uzs\u0101ka savu izmekl\u0113\u0161anu, izmantojot neofici\u0101lus kontaktus. Vi\u0146as atrada Irpenes iedz\u012bvot\u0101ju Sergeju Kondratenko, kuru vienlaikus bija sag\u016bst\u012bju\u0161i krievi.<\/p>\n<p>Vi\u0146\u0161 apstiprin\u0101ja, ka pavad\u012bjis apm\u0113ram piecas dienas kop\u0101 ar Alekseju, Ruslanu un Art\u016bru un atkl\u0101ja, ka vi\u0146i tika sp\u012bdzin\u0101ti:<\/p>\n<blockquote><p>\u201cVi\u0146us sp\u012bdzin\u0101ja \u2013 bija marts, auksti, vi\u0146iem s\u0113d\u0113ja virs\u016b un izmantoja k\u0101 matra\u010dus,\u201d vi\u0146\u0161 st\u0101sta.<\/p><\/blockquote>\n<p>Z\u0113ni se\u0161as reizes tika pak\u013cauti n\u0101vessoda draudiem. P\u0113c tam tie tika tur\u0113ti sald\u0113tav\u0101 Gostomelas lidost\u0101. 7. mart\u0101 da\u017ei civiliedz\u012bvot\u0101ji tika sag\u016bst\u012bti, bet citi sod\u012bti ar n\u0101vi.<\/p>\n<p>Mirst\u012bg\u0101s atliekas un DNS sakrit\u012bba<\/p>\n<p>Kad Kijivas apgabals tika atbr\u012bvots, no Gostomelas ang\u0101riem uz Bu\u010das tiesu medic\u012bnas ekspert\u012bzes biroju tika nog\u0101d\u0101tas apdegu\u0161as mirst\u012bg\u0101s atliekas, tik sakrop\u013cotas, ka pat nebija iesp\u0113jams noteikt l\u012b\u0137u skaitu.<\/p>\n<p>Tiesu medic\u012bnas \u0101rsts Sergejs \u013bahovi\u010ds paskaidroja, ka mirst\u012bg\u0101s atliekas bija stipri sadegu\u0161as, un augst\u0101 temperat\u016bra t\u0101s p\u0101rv\u0113rta ogl\u0113s.<\/p>\n<p>No apdegu\u0161ajiem mirst\u012bgo atlieku fragmentiem izdev\u0101s ieg\u016bt DNS, bet komun\u0101lo pakalpojumu darbinieki tos sl\u0113pa Gostomelas kaps\u0113t\u0101, atz\u012bm\u0113jot tos k\u0101 \u201cnezin\u0101mu personu \u012bpa\u0161umu\u201d.<\/p>\n<p>P\u0113c \u010detriem gadiem nezi\u0146as, nogurusi no mekl\u0113jumiem, Val\u0113rijas kundze izmantoja savus kontaktus, lai piepras\u012btu DNS testu. Izr\u0101d\u012bj\u0101s, ka vi\u0146as DNS datub\u0101z\u0113 v\u0113l nebija re\u0123istr\u0113ts. Kad Val\u0113rijas dati tika iesniegti, tie 99,9% sakrita ar mirst\u012bgaj\u0101m atliek\u0101m ar numuru 352.<\/p>\n<p>B\u0113res un c\u012b\u0146as turpin\u0101jums<\/p>\n<p>Art\u016brs, Ruslans un Aleksejs tika godam apglab\u0101ti Varo\u0146u alej\u0101 Irpen\u0113, blakus viens otram.<\/p>\n<blockquote><p>\u201cM\u0113s apbed\u012bj\u0101m savus b\u0113rnus ar cie\u0146u,\u201d sac\u012bja Ludmila.<\/p><\/blockquote>\n<p>M\u0101t\u0113m c\u012b\u0146a v\u0113l nav beigusies \u2013 vi\u0146\u0101m j\u0101par\u0101da, ka vi\u0146u d\u0113li ir \u012bsti varo\u0146i, jo vi\u0146i jau no kara pirm\u0101s dienas br\u012bvpr\u0101t\u012bgi aizst\u0101v\u0113ja savu valsti.<\/p>\n<p>\u201cEs v\u0113los, lai visa cilv\u0113ce zin\u0101tu, ka vi\u0146i ir varo\u0146i,\u201d saka Val\u0113rija.<\/p>\n<p>Ta\u010du galven\u0101 c\u012b\u0146a turpin\u0101s \u2013 nodro\u0161in\u0101t, lai visi pier\u0101d\u012bjumi par kara noziegumiem tiktu sav\u0101kti. Jo tiem, kas no\u0161\u0101va un sadedzin\u0101ja vi\u0146u neapbru\u0146otos d\u0113lus, \u201cir v\u0101rdi, pak\u0101pes un amati Krievijas armij\u0101.\u201d<\/p>\n<p>T\u0113mas<\/p>\n<p>    SAIST\u012aTIE RAKSTI<\/p>\n","protected":false},"excerpt":{"rendered":"Krievijas \u201cVostok\u201d karasp\u0113ka SA 2C5 \u201cHyacinth-S\u201d ekip\u0101\u017eas kaujas pret Ukrainas karasp\u0113ku Dienviddo\u0146eck\u0101. virziens Krievijas kontrol\u0113taj\u0101 Ukrainas da\u013c\u0101, Do\u0146eckas&hellip;\n","protected":false},"author":2,"featured_media":73195,"comment_status":"","ping_status":"","sticky":false,"template":"","format":"standard","meta":{"footnotes":""},"categories":[14],"tags":[23,57,28,29,32,33,22,30,31,35,39,38,36,37,34,40,20,26,27,24,25,54,55,56,21,58],"class_list":{"0":"post-73194","1":"post","2":"type-post","3":"status-publish","4":"format-standard","5":"has-post-thumbnail","7":"category-zinas-no-arvalstim","8":"tag-aktualitates","9":"tag-arvalstim","10":"tag-breaking-news","11":"tag-breakingnews","12":"tag-featured-news","13":"tag-featurednews","14":"tag-headlines","15":"tag-latest-news","16":"tag-latestnews","17":"tag-latvia","18":"tag-latvian","19":"tag-latviesu","20":"tag-latviesu-valoda","21":"tag-latviesuvaloda","22":"tag-latvija","23":"tag-lv","24":"tag-news","25":"tag-popularakas-zinas","26":"tag-popularakaszinas","27":"tag-top-stories","28":"tag-topstories","29":"tag-world","30":"tag-world-news","31":"tag-worldnews","32":"tag-zinas","33":"tag-zinas-no-arvalstim"},"share_on_mastodon":{"url":"","error":""},"_links":{"self":[{"href":"https:\/\/www.europesays.com\/lv\/wp-json\/wp\/v2\/posts\/73194","targetHints":{"allow":["GET"]}}],"collection":[{"href":"https:\/\/www.europesays.com\/lv\/wp-json\/wp\/v2\/posts"}],"about":[{"href":"https:\/\/www.europesays.com\/lv\/wp-json\/wp\/v2\/types\/post"}],"author":[{"embeddable":true,"href":"https:\/\/www.europesays.com\/lv\/wp-json\/wp\/v2\/users\/2"}],"replies":[{"embeddable":true,"href":"https:\/\/www.europesays.com\/lv\/wp-json\/wp\/v2\/comments?post=73194"}],"version-history":[{"count":0,"href":"https:\/\/www.europesays.com\/lv\/wp-json\/wp\/v2\/posts\/73194\/revisions"}],"wp:featuredmedia":[{"embeddable":true,"href":"https:\/\/www.europesays.com\/lv\/wp-json\/wp\/v2\/media\/73195"}],"wp:attachment":[{"href":"https:\/\/www.europesays.com\/lv\/wp-json\/wp\/v2\/media?parent=73194"}],"wp:term":[{"taxonomy":"category","embeddable":true,"href":"https:\/\/www.europesays.com\/lv\/wp-json\/wp\/v2\/categories?post=73194"},{"taxonomy":"post_tag","embeddable":true,"href":"https:\/\/www.europesays.com\/lv\/wp-json\/wp\/v2\/tags?post=73194"}],"curies":[{"name":"wp","href":"https:\/\/api.w.org\/{rel}","templated":true}]}}