{"id":73216,"date":"2025-12-13T11:16:07","date_gmt":"2025-12-13T11:16:07","guid":{"rendered":"https:\/\/www.europesays.com\/lv\/73216\/"},"modified":"2025-12-13T11:16:07","modified_gmt":"2025-12-13T11:16:07","slug":"nakamais-kars-bus-neiedomajams-un-atskirigs-no-otra-pasaules-kara-lente-lv","status":"publish","type":"post","link":"https:\/\/www.europesays.com\/lv\/73216\/","title":{"rendered":"N\u0101kamais kar\u0161 b\u016bs neiedom\u0101jams un at\u0161\u0137ir\u012bgs no Otr\u0101 pasaules kara\u00a0\u2014\u00a0Lente.lv"},"content":{"rendered":"<p>NATO biju\u0161ais padomnieks br\u012bdina par neiedom\u0101jamu n\u0101kotnes karu<\/p>\n<p>K\u0101 inform\u0113 port\u0101ls jauns.lv, biju\u0161ais NATO \u0123ener\u0101lsekret\u0101ra \u012bpa\u0161ais padomnieks Marko Laitti (Marko Laitti) pau\u017e nopietnas ba\u017eas par n\u0101kotnes konfliktu potenci\u0101lu, uzsverot, ka tie var\u0113tu b\u016bt piln\u012bgi at\u0161\u0137ir\u012bgi no jebk\u0101, ko esam pieredz\u0113ju\u0161i l\u012bdz \u0161im, pat sal\u012bdzinot ar Otr\u0101 pasaules kara posto\u0161ajiem notikumiem. Vi\u0146a br\u012bdin\u0101jumi rosina dzi\u013cas p\u0101rdomas par glob\u0101l\u0101s dro\u0161\u012bbas arhitekt\u016bras n\u0101kotni un iesp\u0113jamajiem izaicin\u0101jumiem, kas var\u0113tu sagaid\u012bt cilv\u0113ci.<\/p>\n<p>Tehnolo\u0123iju ietekme uz kara taktik\u0101m<\/p>\n<p>Laitti skaidro, ka tehnolo\u0123iju strauj\u0101 att\u012bst\u012bba, \u012bpa\u0161i m\u0101ksl\u012bg\u0101 intelekta, kibern\u0113tisk\u0101s un bezpilota sist\u0113mu jom\u0101, fundament\u0101li main\u012bs karadarb\u012bbas raksturu. &#8220;N\u0101kamais kar\u0161 neb\u016bs l\u012bdz\u012bgs Otrajam pasaules karam. T\u0101 b\u016bs piln\u012bgi cita pieredze,&#8221; vi\u0146\u0161 br\u012bdina, nor\u0101dot uz jaun\u0101m dimensij\u0101m, kur\u0101s var\u0113tu notikt konflikti. Iesp\u0113jams, ka karadarb\u012bba notiks ne tikai fiziskaj\u0101 telp\u0101, bet ar\u012b digit\u0101laj\u0101 vid\u0113, kur inform\u0101cijas kar\u0161 un kiberuzbrukumi var\u0113tu rad\u012bt paral\u012bzi un haosu v\u0113l pirms tradicion\u0101lo bru\u0146oto sp\u0113ku iesaist\u012b\u0161an\u0101s. \u0160\u0101ds scen\u0101rijs var\u0113tu b\u016bt \u012bpa\u0161i satrauco\u0161s, jo tas mazina tradicion\u0101lo aizsardz\u012bbas sp\u0113ju efektivit\u0101ti un rada nepiecie\u0161am\u012bbu p\u0113c jauniem strat\u0113\u0123iskiem risin\u0101jumiem.<\/p>\n<p>Kibern\u0113tiskais fronts un inform\u0101cijas kar\u0161<\/p>\n<p>\u012apa\u0161u uzsvaru Laitti liek uz kibern\u0113tisko fronti. Vi\u0146\u0161 prognoz\u0113, ka \u0161\u0101du uzbrukumu m\u0113r\u0137is var\u0113tu b\u016bt nevis milit\u0101ri objekti, bet gan kritisk\u0101 infrastrukt\u016bra \u2013 ener\u0123\u0113tikas t\u012bkli, finan\u0161u sist\u0113mas, sakaru l\u012bnijas un pat vesel\u012bbas apr\u016bpes sist\u0113mas. \u0160\u0101du uzbrukumu sekas var\u0113tu b\u016bt katastrof\u0101las, radot pla\u0161u sabiedr\u012bbas neapmierin\u0101t\u012bbu, paniku un destabiliz\u0113jot valstu darb\u012bbu no iek\u0161ienes. &#8220;M\u0113s run\u0101jam par pasauli, kur\u0101 viss ir savstarp\u0113ji savienots. Tas noz\u012bm\u0113, ka ar\u012b uzbrukumi var b\u016bt \u013coti pla\u0161a m\u0113roga un ar neparedzam\u0101m sek\u0101m,&#8221; saka biju\u0161ais padomnieks. \u0160\u012b savstarp\u0113j\u0101 atkar\u012bba, kas m\u016bsdienu pasaul\u0113 ir gan sv\u0113t\u012bba, gan l\u0101sts, k\u013c\u016bst par jaunu milit\u0101ro m\u0113r\u0137u lauku.<\/p>\n<p>Cilv\u0113ka lomas izmai\u0146as kaujaslauk\u0101<\/p>\n<p>Att\u012bstoties automatiz\u0113taj\u0101m un m\u0101ksl\u012bg\u0101 intelekta vad\u012btaj\u0101m sist\u0113m\u0101m, main\u012bsies ar\u012b cilv\u0113ka loma karadarb\u012bb\u0101. Laitti prognoz\u0113, ka tradicion\u0101lais karav\u012brs kaujas lauk\u0101 var\u0113tu k\u013c\u016bt par retumu. Dr\u012bz\u0101k n\u0101kotnes konfliktu risin\u0101\u0161an\u0101 iesaist\u012bsies augsti kvalific\u0113ti speci\u0101listi, kuri p\u0101rvald\u012bs sare\u017e\u0123\u012btas tehnolo\u0123isk\u0101s sist\u0113mas, analiz\u0113s inform\u0101ciju un pie\u0146ems strat\u0113\u0123iskus l\u0113mumus. Tas rada jaut\u0101jumu par milit\u0101ro sp\u0113ku veido\u0161anas principiem un nepiecie\u0161am\u012bbu p\u0113c jauna veida milit\u0101rperson\u0101m. K\u0101da b\u016bs cilv\u0113ka emociju un mor\u0101les loma, kad l\u0113mumus par uzbrukumiem un aizsardz\u012bbu pie\u0146ems algoritmi? \u0160is ir viens no dzi\u013c\u0101kajiem \u0113tiskajiem jaut\u0101jumiem, ko n\u0101kotnes kari izvirza.<\/p>\n<p>Jauni draudi un nepiecie\u0161am\u012bba p\u0113c gatav\u012bbas<\/p>\n<p>Biju\u0161\u0101 NATO padomnieka br\u012bdin\u0101jumi nav tikai hipot\u0113tiskas prognozes, bet gan aicin\u0101jums nekav\u0113joties r\u012bkoties. Vi\u0146\u0161 uzsver, ka gan NATO, gan atsevi\u0161\u0137\u0101m valst\u012bm ir steidzami j\u0101piel\u0101go savas aizsardz\u012bbas strat\u0113\u0123ijas, j\u0101iegulda l\u012bdzek\u013ci jaunu tehnolo\u0123iju att\u012bst\u012bb\u0101 un j\u0101audzina speci\u0101listi, kas sp\u0113tu t\u0101s efekt\u012bvi izmantot. Gatav\u012bba \u0161\u0101diem jaunajiem draudiem ir b\u016btiska, lai sp\u0113tu ne tikai attur\u0113t potenci\u0101los agresorus, bet ar\u012b aizsarg\u0101t savus pilso\u0146us un sabiedr\u012bbu no neiedom\u0101jam\u0101m sek\u0101m. N\u0101kotnes dro\u0161\u012bba ir atkar\u012bga no m\u016bsu sp\u0113jas saprast un rea\u0123\u0113t uz main\u012bgo \u0123eopolitisko un tehnolo\u0123isko ainavu.<\/p>\n<p>Secin\u0101jumi un n\u0101kotnes perspekt\u012bvas<\/p>\n<p>Marko Laitti paust\u0101s domas liecina par fundament\u0101l\u0101m p\u0101rmai\u0146\u0101m, kas skar pa\u0161u kara b\u016bt\u012bbu. Lai gan tas var \u0161\u0137ist bied\u0113jo\u0161i, ir svar\u012bgi \u0161os br\u012bdin\u0101jumus uztvert nopietni un mekl\u0113t risin\u0101jumus. Att\u012bstoties tehnolo\u0123ij\u0101m, main\u0101s ar\u012b konfliktu dinamika. N\u0101kotnes kari var\u0113tu b\u016bt \u0101tr\u0101ki, neprognoz\u0113jam\u0101ki un ar potenci\u0101li daudz pla\u0161\u0101k\u0101m sek\u0101m nek\u0101 jebkad agr\u0101k. Cilv\u0113cei ir j\u0101apzin\u0101s \u0161ie riski un j\u0101s\u0101k akt\u012bvi str\u0101d\u0101t pie t\u0101, lai nodro\u0161in\u0101tu mieru un dro\u0161\u012bbu main\u012bgaj\u0101 pasaul\u0113. Tas prasa ne tikai milit\u0101ru, bet ar\u012b diplom\u0101tisku un tehnolo\u0123isku gatav\u012bbu, k\u0101 ar\u012b dzi\u013cu izpratni par jauno dro\u0161\u012bbas izaicin\u0101jumu dabu.<\/p>\n","protected":false},"excerpt":{"rendered":"NATO biju\u0161ais padomnieks br\u012bdina par neiedom\u0101jamu n\u0101kotnes karu K\u0101 inform\u0113 port\u0101ls jauns.lv, biju\u0161ais NATO \u0123ener\u0101lsekret\u0101ra \u012bpa\u0161ais padomnieks Marko&hellip;\n","protected":false},"author":2,"featured_media":73217,"comment_status":"","ping_status":"","sticky":false,"template":"","format":"standard","meta":{"footnotes":""},"categories":[5],"tags":[23,28,29,32,33,22,18606,30,31,35,39,38,36,37,34,40,18604,18605,71,20,26,27,3738,24,25,21],"class_list":{"0":"post-73216","1":"post","2":"type-post","3":"status-publish","4":"format-standard","5":"has-post-thumbnail","7":"category-aktualitates","8":"tag-aktualitates","9":"tag-breaking-news","10":"tag-breakingnews","11":"tag-featured-news","12":"tag-featurednews","13":"tag-headlines","14":"tag-kibernetiskais-kars","15":"tag-latest-news","16":"tag-latestnews","17":"tag-latvia","18":"tag-latvian","19":"tag-latviesu","20":"tag-latviesu-valoda","21":"tag-latviesuvaloda","22":"tag-latvija","23":"tag-lv","24":"tag-marks-laitti","25":"tag-nakotnes-kars","26":"tag-nato","27":"tag-news","28":"tag-popularakas-zinas","29":"tag-popularakaszinas","30":"tag-tehnologijas","31":"tag-top-stories","32":"tag-topstories","33":"tag-zinas"},"share_on_mastodon":{"url":"https:\/\/pubeurope.com\/@lv\/115711979268977822","error":""},"_links":{"self":[{"href":"https:\/\/www.europesays.com\/lv\/wp-json\/wp\/v2\/posts\/73216","targetHints":{"allow":["GET"]}}],"collection":[{"href":"https:\/\/www.europesays.com\/lv\/wp-json\/wp\/v2\/posts"}],"about":[{"href":"https:\/\/www.europesays.com\/lv\/wp-json\/wp\/v2\/types\/post"}],"author":[{"embeddable":true,"href":"https:\/\/www.europesays.com\/lv\/wp-json\/wp\/v2\/users\/2"}],"replies":[{"embeddable":true,"href":"https:\/\/www.europesays.com\/lv\/wp-json\/wp\/v2\/comments?post=73216"}],"version-history":[{"count":0,"href":"https:\/\/www.europesays.com\/lv\/wp-json\/wp\/v2\/posts\/73216\/revisions"}],"wp:featuredmedia":[{"embeddable":true,"href":"https:\/\/www.europesays.com\/lv\/wp-json\/wp\/v2\/media\/73217"}],"wp:attachment":[{"href":"https:\/\/www.europesays.com\/lv\/wp-json\/wp\/v2\/media?parent=73216"}],"wp:term":[{"taxonomy":"category","embeddable":true,"href":"https:\/\/www.europesays.com\/lv\/wp-json\/wp\/v2\/categories?post=73216"},{"taxonomy":"post_tag","embeddable":true,"href":"https:\/\/www.europesays.com\/lv\/wp-json\/wp\/v2\/tags?post=73216"}],"curies":[{"name":"wp","href":"https:\/\/api.w.org\/{rel}","templated":true}]}}