{"id":73218,"date":"2025-12-13T11:21:05","date_gmt":"2025-12-13T11:21:05","guid":{"rendered":"https:\/\/www.europesays.com\/lv\/73218\/"},"modified":"2025-12-13T11:21:05","modified_gmt":"2025-12-13T11:21:05","slug":"video-%e2%9f%a9-talsos-jauniesi-nosvilina-sabiedrisko-tualeti-apollo-lv","status":"publish","type":"post","link":"https:\/\/www.europesays.com\/lv\/73218\/","title":{"rendered":"VIDEO \u27e9 Talsos jaunie\u0161i nosvilina sabiedrisko tualeti &#8211; Apollo.lv"},"content":{"rendered":"<ol>\n<li><a href=\"https:\/\/news.google.com\/rss\/articles\/CBMiiAFBVV95cUxNMFlyaUJIa2dFN1ZuendSVmFlT0JXNnlFT0JyNmcyblNhakwxYnNMVzdLUi1kZGVsWjRJMWdmMWw5QnZBMDlaR0F5d1ROUDhnVHQ5dTVhYW9Zc3kyMVU2NXV4R0xYcklDU3FEM2RWeWlKdHBWeGNoc0ZKSnVHWTBhZXE5bkVpUXRq?oc=5\" target=\"_blank\" rel=\"nofollow noopener\">VIDEO \u27e9 Talsos jaunie\u0161i nosvilina sabiedrisko tualeti<\/a>&nbsp;&nbsp;Apollo.lv<\/li>\n<li><a href=\"https:\/\/news.google.com\/rss\/articles\/CBMiuwFBVV95cUxPY2FLVlJqQjdnSE9CMzZvcGp5OFZSTExaVDM2V3dFRTNmdlNRTjR2bnhjUDVoRkg3RzgzV1Q2b0RfX2ZtM05weW04VzdjY3NhRVVQczZZcnhINmhacHlZeXdVZE8tamhqSEk3NXhCWng2Rnpkd3hyaTlsc1hkQUtNdGxFbmRLclRfSjNpdFd4QTF3aW1QY2MyZnFlckhMa0dHZlZZeDRWQ0h6eEExcGlqaWFQWThWNlF2SXVJ?oc=5\" target=\"_blank\" rel=\"nofollow noopener\">Talsos jaunie\u0161i nosvilina sabiedrisko tualeti, policisti p\u0113c vi\u0146iem ierodas skol\u0101<\/a>&nbsp;&nbsp;tv3.lv<\/li>\n<li><a href=\"https:\/\/news.google.com\/rss\/articles\/CBMigwFBVV95cUxPWHpleDg4UzZsQklxSENrUlpUMVcwUnJ0TDZ3TFphaWN4VG54YUVTMm9NSlc4UUw3cUhDMW5XTTFfTGpTUW81MlJ2dS00REdscFJrZFVGQVRqVDR1Z2xpb2NISS04NUN2LW91cU84dmVBOXhkVnd4dDFpYnlRRHlyWjlIMA?oc=5\" target=\"_blank\" rel=\"nofollow noopener\">FOTO. Brut\u0101ls vandalisms viesu nam\u0101 Ropa\u017eu novad\u0101: \u012bpa\u0161nieki \u0161ok\u0101<\/a>&nbsp;&nbsp;NRA<\/li>\n<li><a href=\"https:\/\/news.google.com\/rss\/articles\/CBMi6AFBVV95cUxOcUExXzFMMExRdTNfbFpyMWJyeFZ5dTJ3UWFEbFVwWlNlSGZKd3p4U2JKcUNPSm9kYVNLT1J6MWU2SFNtd3lvNlJ0Vm5FdXVGMlJGU2dZTkdVZ2NDUVRWRXR4SXNIV01mdzlYUG1icVpGOEk2dnE1WFhhMzdFTTQyUk95TlJnalRKNHJvUkI4Qm5wWnRnVE9HNVNQT3ZUZWg5dEFiMTRtcVEwbUF2LUNOYzJpcU1peDFWeGJDM2xlS0otbk5hOWNXdXU1NExIX3dmSUVHNTlnTVRhRHhIS1VpMUxIRG1hV0Mw?oc=5\" target=\"_blank\" rel=\"nofollow noopener\">Policija skaidro situ\u0101ciju, kad agres\u012bvi &#8220;viesi&#8221; izdemol\u0113ja Ropa\u017eu novada viesu m\u0101ju \u201cLaimnieki\u201d un m\u0113\u0123in\u0101ja uzbraukt saimniekam<\/a>&nbsp;&nbsp;Inbox.lv<\/li>\n<li><a href=\"https:\/\/news.google.com\/rss\/articles\/CBMiwgFBVV95cUxNZ0N5c0NsUFFnVURRMWhFZ3pUR2xSZ3M0ak9NbURodUs5dFRkUGNmNmZkZzA3MGtlMjBIMUVxTWpvUkRoWjNjUkFJODNhNTJOWEhoMHJBR0thNHJPUXF5Mnl4eFh6WHNiWkZuZjB3OExETzBERnhjZWZJYzl4ekdhLVRjVzRxc1dHLURIS0stNFgwLTFLbC1ubmZjQnhVRzU4Zkphd19YZlF4REhvazNIV2V5UjBRSF9GYWtxTTVNM0VaUQ?oc=5\" target=\"_blank\" rel=\"nofollow noopener\">Talsos mekl\u0113 jaunie\u0161us, kas aizdedzin\u0101ja publisko tualeti; sabiedr\u012bba aicina pal\u012bg\u0101<\/a>&nbsp;&nbsp;Lente.lv<\/li>\n<\/ol>\n","protected":false},"excerpt":{"rendered":"VIDEO \u27e9 Talsos jaunie\u0161i nosvilina sabiedrisko tualeti&nbsp;&nbsp;Apollo.lv Talsos jaunie\u0161i nosvilina sabiedrisko tualeti, policisti p\u0113c vi\u0146iem ierodas skol\u0101&nbsp;&nbsp;tv3.lv FOTO.&hellip;\n","protected":false},"author":2,"featured_media":68939,"comment_status":"","ping_status":"","sticky":false,"template":"","format":"standard","meta":{"footnotes":""},"categories":[12],"tags":[23,28,29,32,33,22,705,30,31,35,39,38,36,37,34,40,20,163,26,27,9280,24,25,21],"class_list":{"0":"post-73218","1":"post","2":"type-post","3":"status-publish","4":"format-standard","5":"has-post-thumbnail","7":"category-latvija","8":"tag-aktualitates","9":"tag-breaking-news","10":"tag-breakingnews","11":"tag-featured-news","12":"tag-featurednews","13":"tag-headlines","14":"tag-jauniesi","15":"tag-latest-news","16":"tag-latestnews","17":"tag-latvia","18":"tag-latvian","19":"tag-latviesu","20":"tag-latviesu-valoda","21":"tag-latviesuvaloda","22":"tag-latvija","23":"tag-lv","24":"tag-news","25":"tag-policija","26":"tag-popularakas-zinas","27":"tag-popularakaszinas","28":"tag-talsi","29":"tag-top-stories","30":"tag-topstories","31":"tag-zinas"},"share_on_mastodon":{"url":"https:\/\/pubeurope.com\/@lv\/115711998976874762","error":""},"_links":{"self":[{"href":"https:\/\/www.europesays.com\/lv\/wp-json\/wp\/v2\/posts\/73218","targetHints":{"allow":["GET"]}}],"collection":[{"href":"https:\/\/www.europesays.com\/lv\/wp-json\/wp\/v2\/posts"}],"about":[{"href":"https:\/\/www.europesays.com\/lv\/wp-json\/wp\/v2\/types\/post"}],"author":[{"embeddable":true,"href":"https:\/\/www.europesays.com\/lv\/wp-json\/wp\/v2\/users\/2"}],"replies":[{"embeddable":true,"href":"https:\/\/www.europesays.com\/lv\/wp-json\/wp\/v2\/comments?post=73218"}],"version-history":[{"count":0,"href":"https:\/\/www.europesays.com\/lv\/wp-json\/wp\/v2\/posts\/73218\/revisions"}],"wp:featuredmedia":[{"embeddable":true,"href":"https:\/\/www.europesays.com\/lv\/wp-json\/wp\/v2\/media\/68939"}],"wp:attachment":[{"href":"https:\/\/www.europesays.com\/lv\/wp-json\/wp\/v2\/media?parent=73218"}],"wp:term":[{"taxonomy":"category","embeddable":true,"href":"https:\/\/www.europesays.com\/lv\/wp-json\/wp\/v2\/categories?post=73218"},{"taxonomy":"post_tag","embeddable":true,"href":"https:\/\/www.europesays.com\/lv\/wp-json\/wp\/v2\/tags?post=73218"}],"curies":[{"name":"wp","href":"https:\/\/api.w.org\/{rel}","templated":true}]}}