{"id":73275,"date":"2025-12-13T13:00:10","date_gmt":"2025-12-13T13:00:10","guid":{"rendered":"https:\/\/www.europesays.com\/lv\/73275\/"},"modified":"2025-12-13T13:00:10","modified_gmt":"2025-12-13T13:00:10","slug":"vinjete-nebus-jamaksa-devinus-menesus-gada-lente-lv","status":"publish","type":"post","link":"https:\/\/www.europesays.com\/lv\/73275\/","title":{"rendered":"vinjete neb\u016bs j\u0101maks\u0101 devi\u0146us m\u0113ne\u0161us gad\u0101\u00a0\u2014\u00a0Lente.lv"},"content":{"rendered":"<p>Zemniekiem atvieglota maks\u0101jumu k\u0101rt\u012bba: vinjete neb\u016bs nepiecie\u0161ama devi\u0146us m\u0113ne\u0161us gad\u0101<\/p>\n<p>Satiksmes ministrs Atis \u0160vinka ir inform\u0113jis par b\u016btisk\u0101m izmai\u0146\u0101m autoce\u013cu lieto\u0161anas nodevu sist\u0113m\u0101, kas atvieglos dz\u012bvi Latvijas zemniekiem. Turpm\u0101k lauksaimniekiem b\u016bs pieejams atbr\u012bvojums no vinjetes jeb autoce\u013cu lieto\u0161anas nodevas veselus devi\u0146us m\u0113ne\u0161us gad\u0101. \u0160is l\u0113mums, kas st\u0101sies sp\u0113k\u0101, izriet no diskusij\u0101m ar zemnieku organiz\u0101cij\u0101m un ir iecer\u0113ts k\u0101 atbalsts \u0161ai nozarei, kas ikdien\u0101 str\u0101d\u0101, lai nodro\u0161in\u0101tu tautai p\u0101rtiku.<\/p>\n<p>Ilg\u0101ks atbr\u012bvojuma periods \u2013 re\u0101la pal\u012bdz\u012bba<\/p>\n<p>L\u012bdz\u0161in\u0113j\u0101 k\u0101rt\u012bba paredz\u0113ja, ka zemnieki, kuri savus sp\u0113kratus re\u0123istr\u0113 Lauku atbalsta dienest\u0101 (LAD), var\u0113ja neiev\u0113rot autoce\u013cu lieto\u0161anas nodevas maks\u0101jumus tikai ra\u017eas nov\u0101k\u0161anas laik\u0101, proti, no 10. j\u016blija l\u012bdz 30. septembrim. Ta\u010du jaunie groz\u012bjumi likumdo\u0161an\u0101 paredz iev\u0113rojami papla\u0161in\u0101t \u0161o atbr\u012bvojuma laiku. Tagad zemnieki var\u0113s baud\u012bt br\u012bvdienas no vinjetes maks\u0101jumiem devi\u0146us m\u0113ne\u0161us gad\u0101, kas noz\u012bm\u0113 periodu no 1. marta l\u012bdz 30. novembrim. Tas ir patiesi sirdij tuvs un praktisks atbalsts, kas \u013caus liel\u0101ko da\u013cu gada m\u016bsu zemes saimniekiem p\u0101rvietoties pa valsts autoce\u013ciem, neuztraucoties par papildu izmaks\u0101m saviem darba transportl\u012bdzek\u013ciem.<\/p>\n<p>Visaptvero\u0161s atbalsts un pla\u0161\u0101ks tv\u0113rums<\/p>\n<p>Satiksmes ministrs \u0160vinka uzsv\u0113ris, ka \u0161ie likuma groz\u012bjumi attieksies uz visda\u017e\u0101d\u0101kaj\u0101m saimniec\u012bb\u0101m \u2013 gan lopkopjiem, gan graudu, d\u0101rze\u0146u un ogu audz\u0113t\u0101jiem, ja vien vi\u0146i ir re\u0123istr\u0113ti LAD. \u0160is ir skaidrs sign\u0101ls par to, cik \u013coti sabiedr\u012bba un vald\u012bba nov\u0113rt\u0113 zemnieku neatlaid\u012bgo darbu. Tas ir ne tikai finansi\u0101ls atvieglojums, bet ar\u012b apliecin\u0101jums r\u016bp\u0113m par lauksaimniec\u012bbas nozares att\u012bst\u012bbu un konkur\u0113tsp\u0113ju.<\/p>\n<p>Turkl\u0101t, lai gan zi\u0146u centr\u0101 ir zemnieki, ministrs iecer\u0113jis virz\u012bt papildin\u0101jumus Autoce\u013cu lieto\u0161anas nodevas likum\u0101, kas paredz atbalstu ar\u012b cit\u0101m grup\u0101m. Tiek pl\u0101nots pie\u0161\u0137irt 50% atlaidi par vienu \u0123imenes \u012bpa\u0161um\u0101 eso\u0161u kravas auto transportl\u012bdzek\u013ciem, kas pieder daudzb\u0113rnu \u0123imen\u0113m un reemigrantiem, ja to masa ir no trim l\u012bdz 3,5 tonn\u0101m. \u0160\u0101ds pla\u0161\u0101ks atbalsta meh\u0101nisms apliecina v\u0113lmi rast risin\u0101jumus, kas pal\u012bdz\u0113tu da\u017e\u0101d\u0101m iedz\u012bvot\u0101ju grup\u0101m.<\/p>\n<p>Iepriek\u0161\u0113jie izaicin\u0101jumi un n\u0101kotnes perspekt\u012bvas<\/p>\n<p>\u0160\u012bs pozit\u012bv\u0101s izmai\u0146as nav n\u0101ku\u0161as viegli. Jau iepriek\u0161 biedr\u012bba \u201cZemnieku saeima\u201d pauda ba\u017eas par pl\u0101noto autoce\u013cu nodevu palielin\u0101\u0161anu kravas automa\u0161\u012bn\u0101m ar masu no 3 l\u012bdz 3,5 tonn\u0101m, jo tas sevi\u0161\u0137i skar N1 kategorijas vieglo komerctransportu, ko lauksaimnieki pla\u0161i izmanto sav\u0101m ikdienas darba vajadz\u012bb\u0101m. Juris Lazdi\u0146\u0161, biedr\u012bbas \u201cZemnieku saeima\u201d valdes priek\u0161s\u0113d\u0113t\u0101js, iepriek\u0161 kritiski izteicies, ka \u0161\u0101ds izmaksu k\u0101pums ir absol\u016bti nepie\u0146emams un nav god\u012bgs, piel\u012bdzinot to \u201csp\u013c\u0101vienam sej\u0101\u201d lauksaimniekiem, me\u017esaimniekiem un mazajiem uz\u0146\u0113m\u0113jiem. <\/p>\n<p>\u0160obr\u012bd pan\u0101ktais kompromiss ir rezult\u0101ts diskusij\u0101m, kur\u0101s satiksmes ministrs, sadarbojoties ar koal\u012bcijas deput\u0101tiem, izstr\u0101d\u0101ja likuma groz\u012bjumus, kas preciz\u0113tu un papla\u0161in\u0101tu atbalsta meh\u0101nismu zemniekiem. Lai gan \u0161\u012bs izmai\u0146as rad\u012bs aptuvenu 3,9 miljonu eiro ietekmi uz autoce\u013cu p\u0101rb\u016bves bud\u017eetu, ministrija kop\u0101 ar Finan\u0161u ministriju akt\u012bvi mekl\u0113 risin\u0101jumus \u0161\u012bs summas kompens\u0113\u0161anai, apliecinot ap\u0146em\u0161anos turpin\u0101t autoce\u013cu uztur\u0113\u0161anu un att\u012bst\u012bbu. \u0160is solis ir svar\u012bgs, lai nodro\u0161in\u0101tu vienm\u0113r\u012bgu tautsaimniec\u012bbas att\u012bst\u012bbu un atbalst\u012btu nozares, kas veicina Latvijas labkl\u0101j\u012bbu.<\/p>\n<p>Kopsavilkums<\/p>\n<p>L\u0113mums par devi\u0146u m\u0113ne\u0161u atbr\u012bvojumu no vinjetes maksas zemniekiem ir noz\u012bm\u012bgs solis uz priek\u0161u, kas atvieglos daudzu lauksaimnieku ikdienu. Tas par\u0101da, ka valsts ir gatava piel\u0101goties nozares re\u0101laj\u0101m vajadz\u012bb\u0101m un sniegt taust\u0101mu atbalstu. Turpm\u0101k ir svar\u012bgi turpin\u0101t dialogu starp vald\u012bbu un zemnieku organiz\u0101cij\u0101m, lai rastu l\u012bdzsvarotus risin\u0101jumus, kas veicina gan nozares att\u012bst\u012bbu, gan valsts infrastrukt\u016bras uztur\u0113\u0161anu.<\/p>\n","protected":false},"excerpt":{"rendered":"Zemniekiem atvieglota maks\u0101jumu k\u0101rt\u012bba: vinjete neb\u016bs nepiecie\u0161ama devi\u0146us m\u0113ne\u0161us gad\u0101 Satiksmes ministrs Atis \u0160vinka ir inform\u0113jis par b\u016btisk\u0101m&hellip;\n","protected":false},"author":2,"featured_media":73276,"comment_status":"","ping_status":"","sticky":false,"template":"","format":"standard","meta":{"footnotes":""},"categories":[5],"tags":[23,4959,18056,28,29,32,33,22,30,31,35,39,38,36,37,34,7604,40,20,26,27,956,24,25,18631,17438,18630,21],"class_list":{"0":"post-73275","1":"post","2":"type-post","3":"status-publish","4":"format-standard","5":"has-post-thumbnail","7":"category-aktualitates","8":"tag-aktualitates","9":"tag-atis-svinka","10":"tag-autocelu-lietosanas-nodeva","11":"tag-breaking-news","12":"tag-breakingnews","13":"tag-featured-news","14":"tag-featurednews","15":"tag-headlines","16":"tag-latest-news","17":"tag-latestnews","18":"tag-latvia","19":"tag-latvian","20":"tag-latviesu","21":"tag-latviesu-valoda","22":"tag-latviesuvaloda","23":"tag-latvija","24":"tag-lauksaimnieciba","25":"tag-lv","26":"tag-news","27":"tag-popularakas-zinas","28":"tag-popularakaszinas","29":"tag-satiksmes-ministrija","30":"tag-top-stories","31":"tag-topstories","32":"tag-transportlidzeklu-nodoklis","33":"tag-vinjete","34":"tag-zemnieki","35":"tag-zinas"},"share_on_mastodon":{"url":"https:\/\/pubeurope.com\/@lv\/115712388276775708","error":""},"_links":{"self":[{"href":"https:\/\/www.europesays.com\/lv\/wp-json\/wp\/v2\/posts\/73275","targetHints":{"allow":["GET"]}}],"collection":[{"href":"https:\/\/www.europesays.com\/lv\/wp-json\/wp\/v2\/posts"}],"about":[{"href":"https:\/\/www.europesays.com\/lv\/wp-json\/wp\/v2\/types\/post"}],"author":[{"embeddable":true,"href":"https:\/\/www.europesays.com\/lv\/wp-json\/wp\/v2\/users\/2"}],"replies":[{"embeddable":true,"href":"https:\/\/www.europesays.com\/lv\/wp-json\/wp\/v2\/comments?post=73275"}],"version-history":[{"count":0,"href":"https:\/\/www.europesays.com\/lv\/wp-json\/wp\/v2\/posts\/73275\/revisions"}],"wp:featuredmedia":[{"embeddable":true,"href":"https:\/\/www.europesays.com\/lv\/wp-json\/wp\/v2\/media\/73276"}],"wp:attachment":[{"href":"https:\/\/www.europesays.com\/lv\/wp-json\/wp\/v2\/media?parent=73275"}],"wp:term":[{"taxonomy":"category","embeddable":true,"href":"https:\/\/www.europesays.com\/lv\/wp-json\/wp\/v2\/categories?post=73275"},{"taxonomy":"post_tag","embeddable":true,"href":"https:\/\/www.europesays.com\/lv\/wp-json\/wp\/v2\/tags?post=73275"}],"curies":[{"name":"wp","href":"https:\/\/api.w.org\/{rel}","templated":true}]}}