{"id":73312,"date":"2025-12-13T13:42:26","date_gmt":"2025-12-13T13:42:26","guid":{"rendered":"https:\/\/www.europesays.com\/lv\/73312\/"},"modified":"2025-12-13T13:42:26","modified_gmt":"2025-12-13T13:42:26","slug":"maris-antonevics-balonu-kars-lasi-lv","status":"publish","type":"post","link":"https:\/\/www.europesays.com\/lv\/73312\/","title":{"rendered":"M\u0101ris Antonevi\u010ds: Balonu kar\u0161 &#8211; Lasi.lv"},"content":{"rendered":"<ol>\n<li><a href=\"https:\/\/news.google.com\/rss\/articles\/CBMiekFVX3lxTE03VEVveHFsS0hqVnBncWdHd0UyMjNQdlhleTU0djZvS25YTTNOZzl3UG1ZLTFQTGwzMGpZa3RiWnBPYllQZmxDc0NIY3JzcnZFUnJ0aEFRSS0wVVZTY3p3UW9ad1lDVTBqc1U0SEI1dFNQTENwVnZMZnln?oc=5\" target=\"_blank\" rel=\"nofollow noopener\">M\u0101ris Antonevi\u010ds: Balonu kar\u0161<\/a>&nbsp;&nbsp;Lasi.lv<\/li>\n<li><a href=\"https:\/\/news.google.com\/rss\/articles\/CBMi2AFBVV95cUxQMldhYzNYa1loWXJ0X3hfMGV2VWw2QzNQUWtJeklid3FIZ29MZ0ZZVVRWMkp0RS1fTHhQNUlsWC0xS3QxTUtIamtqRV94dVNsS1dZTGlmdDFjSm1ubUswcF9xcDlBWTJrTmpoYWI0X1J3NVM0dkhZWWx6c3lDSF9tS0pDZ0xMLTNCRWc1RlViaVZ3R1lfSXA2ejBpYmNyUzJZM0stR2l3V2xsclBqZWt0RzhxOE53WjN0eHlabWwwVmVrdGdTLWRCNG8yMmdmbWZKaU4tOTEwSWo?oc=5\" target=\"_blank\" rel=\"nofollow noopener\">Lietuva izsaka protestu Baltkrievijai par \u012bpa\u0161uma sagr\u0101b\u0161anu; Vi\u013c\u0146\u0101 protest\u0113 kravu p\u0101rvad\u0101t\u0101ji<\/a>&nbsp;&nbsp;Delfi<\/li>\n<li><a href=\"https:\/\/news.google.com\/rss\/articles\/CBMipwFBVV95cUxNampFRWxrNGNXVTZHdkpycXRydTdpaWxhQWpETzFOMDdQNG1rQ1pSdW5iaHVKbzVVc09rQWJNSUZEUGgyQU13QVRSWW1Eb0ZESno5Z1dFd0laSUFKM0hoTEZNX0J1bHFEWE1YRndTazZwUDFVa0RNSnlvRkVPdlB6MmJONjFBOUNrZkk4aHVURm1XMkZ5cGtjOGhGQ1dvZTRGWkZJVi1ucw?oc=5\" target=\"_blank\" rel=\"nofollow noopener\">Lietuvas Valsts dro\u0161\u012bbas departaments br\u012bdina valsts iedz\u012bvot\u0101jus<\/a>&nbsp;&nbsp;Jauns.lv<\/li>\n<li><a href=\"https:\/\/news.google.com\/rss\/articles\/CBMidEFVX3lxTE01WVk2bGRnSUgwR0dhX1Bpa1N0dE8zVWlyeTA1dmtjUkxBX2J0dHViY0JsTVlCWjVkSDlucThiNFhqQ2VfT21lTDQ2RWF2SmNLV1phMm1SbVY4OTNLVWNQQVoyYTk1OE45NWZSeDg3TDZUTWZt?oc=5\" target=\"_blank\" rel=\"nofollow noopener\">Tie ir draudi civilajiem! Lietuv\u0101 izsludin\u0101ta \u0101rk\u0101rtas situ\u0101cija<\/a>&nbsp;&nbsp;LA.LV<\/li>\n<li><a href=\"https:\/\/news.google.com\/rss\/articles\/CBMinwFBVV95cUxQbmxVRUJfRmpEaGJ5LWhXOXNiSm1FRHdyQS1kUHhySWxSWGhmMXZZX2FRbldJNFdHYVFoY3JzeFJHUG1XeFZkM0RzNHpyMzY0UW9XbW96dS1pOTVjbWVXTjE5WHBpZzRzMjh3Rl8yUGpjLTVjeE44UkR4M0JjUW5LYTNlRUhKZ2VNLW9GQnJrLUJQM3N2dmY5ZFE1Wnhaa1U?oc=5\" target=\"_blank\" rel=\"nofollow noopener\">Lietuva apsv\u0113rs iesp\u0113ju iesald\u0113t vai konfisc\u0113t Baltkrievijas \u012bpa\u0161umus<\/a>&nbsp;&nbsp;TVNET<\/li>\n<\/ol>\n","protected":false},"excerpt":{"rendered":"M\u0101ris Antonevi\u010ds: Balonu kar\u0161&nbsp;&nbsp;Lasi.lv Lietuva izsaka protestu Baltkrievijai par \u012bpa\u0161uma sagr\u0101b\u0161anu; Vi\u013c\u0146\u0101 protest\u0113 kravu p\u0101rvad\u0101t\u0101ji&nbsp;&nbsp;Delfi Lietuvas Valsts dro\u0161\u012bbas&hellip;\n","protected":false},"author":2,"featured_media":69958,"comment_status":"","ping_status":"","sticky":false,"template":"","format":"standard","meta":{"footnotes":""},"categories":[14],"tags":[23,57,28,29,32,33,22,30,31,35,39,38,36,37,34,40,20,26,27,24,25,54,55,56,21,58],"class_list":{"0":"post-73312","1":"post","2":"type-post","3":"status-publish","4":"format-standard","5":"has-post-thumbnail","7":"category-zinas-no-arvalstim","8":"tag-aktualitates","9":"tag-arvalstim","10":"tag-breaking-news","11":"tag-breakingnews","12":"tag-featured-news","13":"tag-featurednews","14":"tag-headlines","15":"tag-latest-news","16":"tag-latestnews","17":"tag-latvia","18":"tag-latvian","19":"tag-latviesu","20":"tag-latviesu-valoda","21":"tag-latviesuvaloda","22":"tag-latvija","23":"tag-lv","24":"tag-news","25":"tag-popularakas-zinas","26":"tag-popularakaszinas","27":"tag-top-stories","28":"tag-topstories","29":"tag-world","30":"tag-world-news","31":"tag-worldnews","32":"tag-zinas","33":"tag-zinas-no-arvalstim"},"share_on_mastodon":{"url":"https:\/\/pubeurope.com\/@lv\/115712553422066158","error":""},"_links":{"self":[{"href":"https:\/\/www.europesays.com\/lv\/wp-json\/wp\/v2\/posts\/73312","targetHints":{"allow":["GET"]}}],"collection":[{"href":"https:\/\/www.europesays.com\/lv\/wp-json\/wp\/v2\/posts"}],"about":[{"href":"https:\/\/www.europesays.com\/lv\/wp-json\/wp\/v2\/types\/post"}],"author":[{"embeddable":true,"href":"https:\/\/www.europesays.com\/lv\/wp-json\/wp\/v2\/users\/2"}],"replies":[{"embeddable":true,"href":"https:\/\/www.europesays.com\/lv\/wp-json\/wp\/v2\/comments?post=73312"}],"version-history":[{"count":0,"href":"https:\/\/www.europesays.com\/lv\/wp-json\/wp\/v2\/posts\/73312\/revisions"}],"wp:featuredmedia":[{"embeddable":true,"href":"https:\/\/www.europesays.com\/lv\/wp-json\/wp\/v2\/media\/69958"}],"wp:attachment":[{"href":"https:\/\/www.europesays.com\/lv\/wp-json\/wp\/v2\/media?parent=73312"}],"wp:term":[{"taxonomy":"category","embeddable":true,"href":"https:\/\/www.europesays.com\/lv\/wp-json\/wp\/v2\/categories?post=73312"},{"taxonomy":"post_tag","embeddable":true,"href":"https:\/\/www.europesays.com\/lv\/wp-json\/wp\/v2\/tags?post=73312"}],"curies":[{"name":"wp","href":"https:\/\/api.w.org\/{rel}","templated":true}]}}