{"id":73319,"date":"2025-12-13T13:48:05","date_gmt":"2025-12-13T13:48:05","guid":{"rendered":"https:\/\/www.europesays.com\/lv\/73319\/"},"modified":"2025-12-13T13:48:05","modified_gmt":"2025-12-13T13:48:05","slug":"kaunas-dubultslepkavam-veikta-psihiatriska-ekspertize-interneta-izplatita-vina-varda-rakstita-zina","status":"publish","type":"post","link":"https:\/\/www.europesays.com\/lv\/73319\/","title":{"rendered":"Kau\u0146as dubultslepkavam veikta psihiatrisk\u0101 ekspert\u012bze; internet\u0101 izplat\u012bta vi\u0146a v\u0101rd\u0101 rakst\u012bta zi\u0146a"},"content":{"rendered":"<p><a href=\"https:\/\/tv3.lv\/zinas\/arvalstis\/skatoties-uz-vina-seju-mani-parnem-drebuli-kaunas-iedzivotaja-kura-izvairijas-no-slepkavas-ir-soka-stavokli\/\" rel=\"nofollow noopener\" target=\"_blank\">Noskaties ar\u012b: Lietuvu satricin\u0101jusi baisa dubultslepkav\u012bba<\/a><\/p>\n<p>Tikm\u0113r sabiedr\u012bb\u0101 pla\u0161i apspriesta zi\u0146a, kas par\u0101d\u012bjusies\u00a0soci\u0101lajos t\u012bklos aizdom\u0101s tur\u0113t\u0101 v\u0101rd\u0101. P\u0113c tam, kad v\u012brietis jau atrad\u0101s apcietin\u0101jum\u0101, vi\u0146a soci\u0101l\u0101 t\u012bkla profil\u0101 tika public\u0113ta atvaino\u0161an\u0101s un no\u017e\u0113la par izdar\u012bto.<\/p>\n<p>Lietuvas ieslodz\u012bjumu vietu p\u0101rvalde rea\u0123\u0113ja nekav\u0113joties. Tika p\u0101rbaud\u012bta kamera, kur\u0101 aizdom\u0101s tur\u0113tais tiek tur\u0113ts kop\u0101 ar citiem ieslodz\u012btajiem. P\u0101rbaudes laik\u0101 netika atrastas nek\u0101das viedier\u012bces. Ar\u012b pats apcietin\u0101tais noliedza, ka b\u016btu public\u0113jis jebk\u0101du zi\u0146u.<\/p>\n<p>Zi\u0146ojum\u0101 teikts, ka vi\u0146\u0161 no\u017e\u0113lo nodar\u012bt\u0101s s\u0101pes un saprot, ka da\u013cai cilv\u0113ku \u0161\u0101da atvaino\u0161an\u0101s var \u0161\u0137ist bezj\u0113dz\u012bga. Tom\u0113r sabiedr\u012bbas viedok\u013ci par \u0161o zi\u0146u at\u0161\u0137iras. Da\u017ei uzskata, ka to var\u0113ja rakst\u012bt pats aizdom\u0101s tur\u0113tais, citi \u2013 ka k\u0101ds cits apzin\u0101ti m\u0113\u0123ina sakaitin\u0101t cilv\u0113kus.<\/p>\n<p>Jau v\u0113st\u012bts, ka pag\u0101ju\u0161aj\u0101 ned\u0113\u013c\u0101 Lietuvu p\u0101r\u0161alca smagi noziegumi, par kuru pastr\u0101d\u0101\u0161anu aizdom\u0101s tiek tur\u0113ts 29 gadus vecais Bens Mikutavi\u010ds.<\/p>\n<p>Zin\u0101ms, ka 4. decembr\u012b Kau\u0146\u0101 cietsird\u012bgi <a href=\"https:\/\/tv3.lv\/zinas\/arvalstis\/tragiska-slepkaviba-lietuva-nogalinatas-divas-jaunietes-netalu-atrasta-ari-granata\/\" rel=\"nofollow noopener\" target=\"_blank\">nogalin\u0101tas divas jaunietes<\/a> \u2013 Mikutavi\u010da 22 gadus vec\u0101 m\u0101s\u012bca Simona un 24 gadus vec\u0101 nekustamo \u012bpa\u0161umu m\u0101klere Gabriele.<\/p>\n<p>Vai t\u0101 bija atrieb\u012bba?<\/p>\n<p>Abu sievie\u0161u \u0137erme\u0146i tika atrasti ar griezt\u0101m un durt\u0101m br\u016bc\u0113m, un policija apstiprin\u0101jusi, ka \u0161ie noziegumi ir saist\u012bti.<\/p>\n<p>Zin\u0101ms, ka 22 gadus vec\u0101 Simona bija \u013c\u0101vusi br\u0101l\u0113nam apmesties sav\u0101 dz\u012bvokl\u012b, ta\u010du p\u0113c k\u0101da laika \u0161obr\u012bd nezin\u0101mu iemeslu d\u0113\u013c vi\u0146am n\u0101c\u0101s izv\u0101kties. T\u0101p\u0113c viena no versij\u0101m par pastr\u0101d\u0101to slepkav\u012bbu tiek min\u0113ta tie\u0161i atrieb\u012bba.<\/p>\n<p>Policijai \u0161obr\u012bd nav inform\u0101cijas par to, ka Mikutavi\u010ds iepriek\u0161 b\u016btu pazinis 24 gadus veco Gabrieli. Zin\u0101ms, ka vi\u0146\u0161 bija sarun\u0101jis apskat\u012bt vienu no jaun\u0101s m\u0101kleres iz\u012br\u0113tajiem dz\u012bvok\u013ciem un tad pastr\u0101d\u0101ja slepkav\u012bbu.<\/p>\n","protected":false},"excerpt":{"rendered":"Noskaties ar\u012b: Lietuvu satricin\u0101jusi baisa dubultslepkav\u012bba Tikm\u0113r sabiedr\u012bb\u0101 pla\u0161i apspriesta zi\u0146a, kas par\u0101d\u012bjusies\u00a0soci\u0101lajos t\u012bklos aizdom\u0101s tur\u0113t\u0101 v\u0101rd\u0101. P\u0113c&hellip;\n","protected":false},"author":2,"featured_media":73320,"comment_status":"","ping_status":"","sticky":false,"template":"","format":"standard","meta":{"footnotes":""},"categories":[14],"tags":[23,57,28,29,18639,32,33,22,30,31,35,39,38,36,37,34,40,20,26,27,24,25,54,55,56,21,58],"class_list":{"0":"post-73319","1":"post","2":"type-post","3":"status-publish","4":"format-standard","5":"has-post-thumbnail","7":"category-zinas-no-arvalstim","8":"tag-aktualitates","9":"tag-arvalstim","10":"tag-breaking-news","11":"tag-breakingnews","12":"tag-dubultslepkavibakaunalietuva","13":"tag-featured-news","14":"tag-featurednews","15":"tag-headlines","16":"tag-latest-news","17":"tag-latestnews","18":"tag-latvia","19":"tag-latvian","20":"tag-latviesu","21":"tag-latviesu-valoda","22":"tag-latviesuvaloda","23":"tag-latvija","24":"tag-lv","25":"tag-news","26":"tag-popularakas-zinas","27":"tag-popularakaszinas","28":"tag-top-stories","29":"tag-topstories","30":"tag-world","31":"tag-world-news","32":"tag-worldnews","33":"tag-zinas","34":"tag-zinas-no-arvalstim"},"share_on_mastodon":{"url":"https:\/\/pubeurope.com\/@lv\/115712576958254519","error":""},"_links":{"self":[{"href":"https:\/\/www.europesays.com\/lv\/wp-json\/wp\/v2\/posts\/73319","targetHints":{"allow":["GET"]}}],"collection":[{"href":"https:\/\/www.europesays.com\/lv\/wp-json\/wp\/v2\/posts"}],"about":[{"href":"https:\/\/www.europesays.com\/lv\/wp-json\/wp\/v2\/types\/post"}],"author":[{"embeddable":true,"href":"https:\/\/www.europesays.com\/lv\/wp-json\/wp\/v2\/users\/2"}],"replies":[{"embeddable":true,"href":"https:\/\/www.europesays.com\/lv\/wp-json\/wp\/v2\/comments?post=73319"}],"version-history":[{"count":0,"href":"https:\/\/www.europesays.com\/lv\/wp-json\/wp\/v2\/posts\/73319\/revisions"}],"wp:featuredmedia":[{"embeddable":true,"href":"https:\/\/www.europesays.com\/lv\/wp-json\/wp\/v2\/media\/73320"}],"wp:attachment":[{"href":"https:\/\/www.europesays.com\/lv\/wp-json\/wp\/v2\/media?parent=73319"}],"wp:term":[{"taxonomy":"category","embeddable":true,"href":"https:\/\/www.europesays.com\/lv\/wp-json\/wp\/v2\/categories?post=73319"},{"taxonomy":"post_tag","embeddable":true,"href":"https:\/\/www.europesays.com\/lv\/wp-json\/wp\/v2\/tags?post=73319"}],"curies":[{"name":"wp","href":"https:\/\/api.w.org\/{rel}","templated":true}]}}