{"id":73327,"date":"2025-12-13T14:00:08","date_gmt":"2025-12-13T14:00:08","guid":{"rendered":"https:\/\/www.europesays.com\/lv\/73327\/"},"modified":"2025-12-13T14:00:08","modified_gmt":"2025-12-13T14:00:08","slug":"melna-jura-nedrikst-klut-par-krievijas-un-ukrainas-konfrontacijas-zonu","status":"publish","type":"post","link":"https:\/\/www.europesays.com\/lv\/73327\/","title":{"rendered":"Meln\u0101 j\u016bra nedr\u012bkst k\u013c\u016bt par Krievijas un Ukrainas &#8220;konfront\u0101cijas zonu&#8221;"},"content":{"rendered":"<p>&#8220;Melno j\u016bru nevajadz\u0113tu uzskat\u012bt par konfront\u0101cijas zonu. Tas nen\u0101ktu par labu ne Krievijai, ne Ukrainai. Ikvienam ir vajadz\u012bga dro\u0161a ku\u0123o\u0161ana Melnaj\u0101 j\u016br\u0101,&#8221; ofici\u0101l\u0101 zi\u0146u a\u0123ent\u016bra &#8220;Anadolu&#8221; cit\u0113ja Erdogana teikto \u017eurn\u0101listiem Turcijas prezidenta lidma\u0161\u012bn\u0101.<\/p>\n<p>Piektdien Kijiva un operators pazi\u0146oja, ka Krievijas gaisa triecien\u0101 cietis Turcijai piedero\u0161s ku\u0123is Ukrainas Meln\u0101s j\u016bras ost\u0101 Odes\u0101.<\/p>\n<p>Uzbrukums notika da\u017eas stundas p\u0113c tam, kad Erdogans par dro\u0161\u012bbu Melnaj\u0101 j\u016br\u0101 bija run\u0101jis ar Krievijas diktatoru Vladimiru Putinu Turkmenist\u0101n\u0101 notieko\u0161\u0101 samita laik\u0101.<\/p>\n<p>Erdogana birojs inform\u0113ja, ka divpus\u0113j\u0101s tik\u0161an\u0101s laik\u0101 ar Putinu Erdogans bija aicin\u0101jis nosl\u0113gt &#8220;ierobe\u017eotu pamieru&#8221; attiec\u012bb\u0101 uz uzbrukumiem ost\u0101m un ener\u0123\u0113tikas objektiem Krievijas un Ukrainas kar\u0101.<\/p>\n<p>Lidma\u0161\u012bn\u0101 Erdogans sac\u012bja, ka ar Putinu galvenok\u0101rt p\u0101rrun\u0101jis kara un miera centienus, zi\u0146oja &#8220;Anadolu&#8221;.<\/p>\n<p>&#8220;T\u0101pat k\u0101 visi citi dal\u012bbnieki, ar\u012b Putina kungs \u013coti labi zina, k\u0101da ir Turcijas nost\u0101ja \u0161aj\u0101 jaut\u0101jum\u0101,&#8221; vi\u0146\u0161 uzsv\u0113ra.<\/p>\n<p>&#8220;P\u0113c \u0161\u012bs tik\u0161an\u0101s ar Putinu ceram, ka mums b\u016bs iesp\u0113ja apspriest miera pl\u0101nu ar\u012b ar ASV prezidentu [Donaldu] Trampu,&#8221; vi\u0146\u0161 piebilda.<\/p>\n<p>&#8220;Miers nav t\u0101lu, tas ir redzams,&#8221; p\u0101rliec\u012bbu pauda Erdogans.<\/p>\n<p><a href=\"https:\/\/www.apollo.lv\/term\/555475\/turcija\" class=\"topicLink\" target=\"_blank\" rel=\"nofollow noopener\">Turcija<\/a>, kas centusies uztur\u0113t attiec\u012bbas gan ar Maskavu, gan Kijivu, kontrol\u0113 Bosfora \u0161aurumu, kas ir noz\u012bm\u012bgs Ukrainas lab\u012bbas un Krievijas naftas p\u0101rvad\u0101jumiem uz Vidusj\u016bru.<\/p>\n<p>P\u0113d\u0113jo ned\u0113\u013cu laik\u0101 vair\u0101ki uzbrukumi Melnaj\u0101 j\u016br\u0101 biju\u0161i v\u0113rsti pret tankku\u0123iem, kas saist\u012bti ar Krieviju. <a href=\"https:\/\/www.apollo.lv\/term\/8497\/ukraina\" class=\"topicLink\" target=\"_blank\" rel=\"nofollow noopener\">Ukraina<\/a> pazi\u0146oja, ka da\u017ei no tiem ir biju\u0161i t\u0101s veikti bezpilota lidapar\u0101tu uzbrukumi.<\/p>\n<p>Tos asi kritiz\u0113ja Ankara, kas saist\u012bb\u0101 ar uzbrukumiem Melnaj\u0101 j\u016br\u0101 ir izsaukusi gan Krievijas, gan Ukrainas v\u0113stniekus.<\/p>\n","protected":false},"excerpt":{"rendered":"&#8220;Melno j\u016bru nevajadz\u0113tu uzskat\u012bt par konfront\u0101cijas zonu. Tas nen\u0101ktu par labu ne Krievijai, ne Ukrainai. Ikvienam ir vajadz\u012bga&hellip;\n","protected":false},"author":2,"featured_media":73328,"comment_status":"","ping_status":"","sticky":false,"template":"","format":"standard","meta":{"footnotes":""},"categories":[14],"tags":[23,57,28,29,32,33,22,234,74,30,31,35,39,38,36,37,34,40,20,26,27,24,25,2380,276,54,55,56,21,58],"class_list":{"0":"post-73327","1":"post","2":"type-post","3":"status-publish","4":"format-standard","5":"has-post-thumbnail","7":"category-zinas-no-arvalstim","8":"tag-aktualitates","9":"tag-arvalstim","10":"tag-breaking-news","11":"tag-breakingnews","12":"tag-featured-news","13":"tag-featurednews","14":"tag-headlines","15":"tag-krievija","16":"tag-krievijas-iebrukums-ukraina","17":"tag-latest-news","18":"tag-latestnews","19":"tag-latvia","20":"tag-latvian","21":"tag-latviesu","22":"tag-latviesu-valoda","23":"tag-latviesuvaloda","24":"tag-latvija","25":"tag-lv","26":"tag-news","27":"tag-popularakas-zinas","28":"tag-popularakaszinas","29":"tag-top-stories","30":"tag-topstories","31":"tag-turcija","32":"tag-ukraina","33":"tag-world","34":"tag-world-news","35":"tag-worldnews","36":"tag-zinas","37":"tag-zinas-no-arvalstim"},"share_on_mastodon":{"url":"https:\/\/pubeurope.com\/@lv\/115712624274973499","error":""},"_links":{"self":[{"href":"https:\/\/www.europesays.com\/lv\/wp-json\/wp\/v2\/posts\/73327","targetHints":{"allow":["GET"]}}],"collection":[{"href":"https:\/\/www.europesays.com\/lv\/wp-json\/wp\/v2\/posts"}],"about":[{"href":"https:\/\/www.europesays.com\/lv\/wp-json\/wp\/v2\/types\/post"}],"author":[{"embeddable":true,"href":"https:\/\/www.europesays.com\/lv\/wp-json\/wp\/v2\/users\/2"}],"replies":[{"embeddable":true,"href":"https:\/\/www.europesays.com\/lv\/wp-json\/wp\/v2\/comments?post=73327"}],"version-history":[{"count":0,"href":"https:\/\/www.europesays.com\/lv\/wp-json\/wp\/v2\/posts\/73327\/revisions"}],"wp:featuredmedia":[{"embeddable":true,"href":"https:\/\/www.europesays.com\/lv\/wp-json\/wp\/v2\/media\/73328"}],"wp:attachment":[{"href":"https:\/\/www.europesays.com\/lv\/wp-json\/wp\/v2\/media?parent=73327"}],"wp:term":[{"taxonomy":"category","embeddable":true,"href":"https:\/\/www.europesays.com\/lv\/wp-json\/wp\/v2\/categories?post=73327"},{"taxonomy":"post_tag","embeddable":true,"href":"https:\/\/www.europesays.com\/lv\/wp-json\/wp\/v2\/tags?post=73327"}],"curies":[{"name":"wp","href":"https:\/\/api.w.org\/{rel}","templated":true}]}}