{"id":73331,"date":"2025-12-13T14:06:17","date_gmt":"2025-12-13T14:06:17","guid":{"rendered":"https:\/\/www.europesays.com\/lv\/73331\/"},"modified":"2025-12-13T14:06:17","modified_gmt":"2025-12-13T14:06:17","slug":"asv-plano-atcelt-dalu-sankciju-baltkrievijai","status":"publish","type":"post","link":"https:\/\/www.europesays.com\/lv\/73331\/","title":{"rendered":"ASV pl\u0101no atcelt da\u013cu sankciju Baltkrievijai"},"content":{"rendered":"<p class=\"lead\">\n                                ASV atcels sankcijas Baltkrievijas k\u0101lija karbon\u0101ta nozarei, pazi\u0146oja ASV \u012bpa\u0161ais s\u016btnis Baltkrievij\u0101 D\u017eons Kouls.\n                            <\/p>\n<p style=\"margin-left:0px;\">Piektdien un sestdien Koulam Minsk\u0101 bija sarunas ar Baltkrievijas diktatoru Aleksandru Luka\u0161enko.<\/p>\n<p style=\"margin-left:0px;\">Kouls \u017eurn\u0101listiem divu dienu sarunas raksturoja k\u0101 &#8220;\u013coti produkt\u012bvas&#8221;, v\u0113st\u012bja Baltkrievijas valsts zi\u0146u a\u0123ent\u016bra &#8220;Belta&#8221;.<\/p>\n<p style=\"margin-left:0px;\">Sarun\u0101s galven\u0101 uzman\u012bba tika piev\u0113rsta pas\u0101kumiem, lai normaliz\u0113tu attiec\u012bbas starp Va\u0161ingtonu un Minsku, k\u0101 ar\u012b sankciju atcel\u0161anai un Baltkrievijas politieslodz\u012bto atbr\u012bvo\u0161anai, sac\u012bja Kouls. Vi\u0146\u0161 ar\u012b teica, ka, palielinoties dialogam, abu valstu attiec\u012bbas virz\u0101s no &#8220;maziem so\u013ciem uz p\u0101rliecino\u0161\u0101kiem so\u013ciem&#8221;.<\/p>\n<p style=\"margin-left:0px;\">Sarun\u0101s tika apspriesta ar\u012b Venecu\u0113la, k\u0101 ar\u012b Krievijas iebrukums Ukrain\u0101, zi\u0146oja &#8220;Belta&#8221;.<\/p>\n<p style=\"margin-left:0px;\">Kouls \u017eurn\u0101listiem sac\u012bja, ka Luka\u0161enko devis &#8220;labus padomus&#8221;, k\u0101 risin\u0101t konfliktu, nor\u0101dot, ka Luka\u0161enko un Krievijas diktators Vladimirs Putins ir &#8220;ilggad\u0113ji draugi&#8221; ar &#8220;vajadz\u012bgo attiec\u012bbu l\u012bmeni, lai apspriestu \u0161\u0101dus jaut\u0101jumus&#8221;.<\/p>\n<p style=\"margin-left:0px;\">&#8220;Protams, prezidents Putins var pie\u0146emt da\u017eus padomus, bet citus ne,&#8221; sac\u012bja Kouls.<\/p>\n<p style=\"margin-left:0px;\">Gadiem ilgi Maskavas sabiedrot\u0101 Baltkrievija ir bijusi pak\u013cauta Rietumvalstu sankcij\u0101m gan cilv\u0113kties\u012bbu p\u0101rk\u0101pumu d\u0113\u013c, gan at\u013caujas Krievijai izmantot savu teritoriju, lai \u012bstenotu atk\u0101rtoto iebrukumu Ukrain\u0101.<\/p>\n<p style=\"margin-left:0px;\">Iepriek\u0161\u0113jo reizi ASV amatpersonas ar Luka\u0161enko tik\u0101s septembr\u012b, kad Va\u0161ingtona pazi\u0146oja par da\u013cas sankciju m\u012bkstin\u0101\u0161anu, jo Baltkrievija atbr\u012bvoja vair\u0101k nek\u0101 50 politieslodz\u012bto, \u013caujot vi\u0146iem doties uz Lietuvu. Kopum\u0101 kop\u0161 2024. gada j\u016blija Baltkrievija ir atbr\u012bvojusi vair\u0101k nek\u0101 430 politieslodz\u012bto, kas liel\u0101 m\u0113r\u0101 tiek uzskat\u012bts par centieniem tuvin\u0101ties Rietumiem.<\/p>\n<p style=\"margin-left:0px;\">ASV 2021. gad\u0101 ieviesa sankcijas pret Baltkrievijas k\u0101lija miner\u0101lm\u0113slojuma ra\u017eo\u0161anas nozari, atbildot uz to, ka Baltkrievijas varas iest\u0101des izprovoc\u0113ja migr\u0101cijas kr\u012bzi uz sav\u0101m robe\u017e\u0101m ar Eiropas Savien\u012bbas valst\u012bm un apspieda opoz\u012bciju.<\/p>\n<p style=\"margin-left:0px;\">Baltkrievija ir pasaul\u0113 noz\u012bm\u012bga k\u0101lija karbon\u0101ta miner\u0101lm\u0113slojuma pieg\u0101d\u0101t\u0101ja.<\/p>\n<p class=\"paragraph-muted\">Izv\u0113lies savu soct\u012bklu platformu, lai sekotu LASI.LV: <a href=\"https:\/\/www.facebook.com\/portals.lasi.lv\" target=\"_blank\" rel=\"noopener noreferrer nofollow\">Facebook<\/a>, <a href=\"https:\/\/twitter.com\/lasilvportals\" target=\"_blank\" rel=\"noopener noreferrer nofollow\">X<\/a>, <a href=\"https:\/\/bsky.app\/profile\/lasilv.bsky.social\" target=\"_blank\" rel=\"noopener noreferrer nofollow\">Bluesky<\/a>, <a href=\"https:\/\/www.draugiem.lv\/lasilv\/?pg=4\" target=\"_blank\" rel=\"noopener noreferrer nofollow\">Draugiem<\/a> vai ar\u012b <a href=\"https:\/\/www.instagram.com\/lasilv_zinas\/\" target=\"_blank\" rel=\"noopener noreferrer nofollow\">Instagram<\/a>. Pievienojies m\u016bsu las\u012bt\u0101ju pulkam, lai sa\u0146emtu \u012bpa\u0161i tev atlas\u012btu noder\u012bgu, praktisku un aktu\u0101lu saturu.\u00a0<\/p>\n<p><a href=\"https:\/\/lasi.lv\/abonesana\" rel=\"nofollow noopener\" target=\"_blank\">Abon\u0113<\/a>\u00a0LASI.LV gadam\u00a0vai k\u0101du no\u00a0&#8220;Latvijas Mediju&#8221; periodiskajiem izdevumiem 2026. gadam, un laim\u0113 1500 eiro vai Philips kafijas autom\u0101tu. Loterijas at\u013caujas nr. 8744.<\/p>\n<p><img decoding=\"async\" src=\"https:\/\/www.europesays.com\/lv\/wp-content\/uploads\/2025\/12\/1765444512_87_2025100311425268df8c8c1572e.jpg\" alt=\"\" loading=\"lazy\"\/><\/p>\n<p style=\"margin-left:auto;\">Pieraksties LASI.LV redaktora v\u0113stkopai <a href=\"https:\/\/lasi.lv\/vestkopa\/lasi-lv-galvena-redaktora-vestkopa\" rel=\"nofollow noopener\" target=\"_blank\">\u0161eit<\/a>.<\/p>\n<p>Pieraksties v\u0113stkopai un divas reizes ned\u0113\u013c\u0101 sa\u0146em padzi\u013cin\u0101tu LASI.LV galven\u0101 redaktora aktu\u0101lo zi\u0146u, kompetentu viedok\u013cu un interesant\u0101ko interviju apkopojumu.<\/p>\n<p>Ko tu sa\u0146emsi:<\/p>\n<ul>\n<li>Daudzveid\u012bgus koment\u0101rus un kompetentus Latvijas Mediju \u017eurn\u0101listu un autoru viedok\u013cus par aktu\u0101lo<\/li>\n<li>Ekspertu koment\u0101rus par da\u017e\u0101diem praktiskiem, noder\u012bgiem tematiem<\/li>\n<li>Aizraujo\u0161us materi\u0101lus par v\u0113sturi, psiholo\u0123iju, kult\u016bru<\/li>\n<li>Gata \u0160\u013c\u016bkas karikat\u016bru<\/li>\n<li>Tav\u0101 e-pasta kast\u012bt\u0113 katru ceturtdienu<\/li>\n<\/ul>\n<p style=\"margin-left:auto;\">\u00a0<\/p>\n<p><script async src=\"https:\/\/platform.twitter.com\/widgets.js\" charset=\"utf-8\"><\/script><script async src=\"\/\/www.instagram.com\/embed.js\"><\/script><\/p>\n","protected":false},"excerpt":{"rendered":"ASV atcels sankcijas Baltkrievijas k\u0101lija karbon\u0101ta nozarei, pazi\u0146oja ASV \u012bpa\u0161ais s\u016btnis Baltkrievij\u0101 D\u017eons Kouls. Piektdien un sestdien Koulam&hellip;\n","protected":false},"author":2,"featured_media":34021,"comment_status":"","ping_status":"","sticky":false,"template":"","format":"standard","meta":{"footnotes":""},"categories":[14],"tags":[23,57,28,29,32,33,22,30,31,35,39,38,36,37,34,40,20,26,27,24,25,54,55,56,21,58],"class_list":{"0":"post-73331","1":"post","2":"type-post","3":"status-publish","4":"format-standard","5":"has-post-thumbnail","7":"category-zinas-no-arvalstim","8":"tag-aktualitates","9":"tag-arvalstim","10":"tag-breaking-news","11":"tag-breakingnews","12":"tag-featured-news","13":"tag-featurednews","14":"tag-headlines","15":"tag-latest-news","16":"tag-latestnews","17":"tag-latvia","18":"tag-latvian","19":"tag-latviesu","20":"tag-latviesu-valoda","21":"tag-latviesuvaloda","22":"tag-latvija","23":"tag-lv","24":"tag-news","25":"tag-popularakas-zinas","26":"tag-popularakaszinas","27":"tag-top-stories","28":"tag-topstories","29":"tag-world","30":"tag-world-news","31":"tag-worldnews","32":"tag-zinas","33":"tag-zinas-no-arvalstim"},"share_on_mastodon":{"url":"https:\/\/pubeurope.com\/@lv\/115712647939424209","error":""},"_links":{"self":[{"href":"https:\/\/www.europesays.com\/lv\/wp-json\/wp\/v2\/posts\/73331","targetHints":{"allow":["GET"]}}],"collection":[{"href":"https:\/\/www.europesays.com\/lv\/wp-json\/wp\/v2\/posts"}],"about":[{"href":"https:\/\/www.europesays.com\/lv\/wp-json\/wp\/v2\/types\/post"}],"author":[{"embeddable":true,"href":"https:\/\/www.europesays.com\/lv\/wp-json\/wp\/v2\/users\/2"}],"replies":[{"embeddable":true,"href":"https:\/\/www.europesays.com\/lv\/wp-json\/wp\/v2\/comments?post=73331"}],"version-history":[{"count":0,"href":"https:\/\/www.europesays.com\/lv\/wp-json\/wp\/v2\/posts\/73331\/revisions"}],"wp:featuredmedia":[{"embeddable":true,"href":"https:\/\/www.europesays.com\/lv\/wp-json\/wp\/v2\/media\/34021"}],"wp:attachment":[{"href":"https:\/\/www.europesays.com\/lv\/wp-json\/wp\/v2\/media?parent=73331"}],"wp:term":[{"taxonomy":"category","embeddable":true,"href":"https:\/\/www.europesays.com\/lv\/wp-json\/wp\/v2\/categories?post=73331"},{"taxonomy":"post_tag","embeddable":true,"href":"https:\/\/www.europesays.com\/lv\/wp-json\/wp\/v2\/tags?post=73331"}],"curies":[{"name":"wp","href":"https:\/\/api.w.org\/{rel}","templated":true}]}}