{"id":73363,"date":"2025-12-13T14:50:08","date_gmt":"2025-12-13T14:50:08","guid":{"rendered":"https:\/\/www.europesays.com\/lv\/73363\/"},"modified":"2025-12-13T14:50:08","modified_gmt":"2025-12-13T14:50:08","slug":"latvijas-biatlonistes-pasaules-kausa-posma-stafete-finise-18-vieta-uzvar-zviedrietes-raksts-2","status":"publish","type":"post","link":"https:\/\/www.europesays.com\/lv\/73363\/","title":{"rendered":"Latvijas biatlonistes Pasaules kausa posma stafet\u0113 fini\u0161\u0113 18. viet\u0101, uzvar zviedrietes \/ Raksts"},"content":{"rendered":"<p>Pasaules kausa sezonu biatlon\u0101 sestdien posm\u0101 Austrij\u0101 sievietes turpin\u0101ja\u00a04&#215;6 kilometru stafet\u0113, kur Latvijas kvartets ieguva 18. vietu. Latvietes piebremz\u0113ja viens soda aplis, bet divas s\u0101ncen\u0161u vien\u012bbas izdev\u0101s atst\u0101t aiz sevis.<\/p>\n<p>Uzvar\u0113ja zviedrietes Ella Halvarsone, Anna Magnusone, Elvira \u0112berga un Hanna \u0112berga, kuras fini\u0161\u0101 par 40,3 sekund\u0113m apsteidza otro vietu ieguvu\u0161o Norv\u0113\u0123ijas komandu. Bez soda ap\u013ciem iztiku\u0161o laure\u0101tu trijnieku nosl\u0113dza v\u0101cietes 51,3 sekundes aiz uzvar\u0113t\u0101j\u0101m.<\/p>\n<p>Latvijas \u010detriniek\u0101 posmu veik\u0161anas sec\u012bb\u0101 start\u0113ja Baiba Bendika, Sanita Buli\u0146a, Annija Keita Sabule un Sandra Buli\u0146a, bet veiksm\u012bgi sezonu s\u0101kus\u012b Estere Volfa m\u0101j\u0101s atlabst p\u0113c saslim\u0161anas.<\/p>\n<p>Baibas Bendikas pirm\u0101 \u0161au\u0161ana\u00a0<\/p>\n<p>Bendika pirmaj\u0101 ugunsl\u012bnij\u0101 gu\u013cus \u0161\u0101va \u0101tri, bet visu m\u0113r\u0137u aizv\u0113r\u0161anai vajadz\u0113ja ar\u012b divas papildu patronas, kas vi\u0146ai \u013c\u0101va distanc\u0113 atgriezties 18.\u00a0poz\u012bcij\u0101. Vad\u012bb\u0101 izvirz\u012bj\u0101s Zviedrija, kam tikai nepilnu sekundi zaud\u0113ja Austrija. Bendika no l\u012bderes Ellas Halvarsones atpalika jau 29,3 sekundes.<\/p>\n<p>Baibas Bendikas otr\u0101 \u0161au\u0161ana\u00a0<\/p>\n<p>N\u0101kamaj\u0101 ugunsl\u012bnij\u0101, \u0161aujot st\u0101vus, Bendika piecus m\u0113r\u0137us aizv\u0113ra ar se\u0161\u0101m lod\u0113m un pak\u0101p\u0101s uz 16. vietu. No l\u012bderes Baiba tobr\u012bd atpalika 36,6 sekundes.<\/p>\n<p>Sanitas Buli\u0146as\u00a0pirm\u0101 \u0161au\u0161ana\u00a0<\/p>\n<p>Sanita Buli\u0146a stafeti p\u0101r\u0146\u0113ma 15. poz\u012bcij\u0101, ko saglab\u0101ja ar\u012b p\u0113c savas pirm\u0101s \u0161au\u0161anas, kur izmantoja vienu rezerves patronu.\u00a0Perfekti \u0161\u0101va Anna Magnusone un nostiprin\u0101ja vad\u012bbu Zviedrijai.<\/p>\n<p>Sanitas Buli\u0146as otr\u0101 \u0161au\u0161ana\u00a0<\/p>\n<p>Ilg\u0101k Sanita aizkav\u0113j\u0101s \u0161au\u0161an\u0101 st\u0101vus, kur nopeln\u012bja vienu soda apli, tom\u0113r 15. vietu saglab\u0101ja. Vad\u012bb\u0101 arvien tur\u0113j\u0101s Zviedrija, bet uz otro poz\u012bciju pak\u0101p\u0101s Igaunijas komanda.\u00a0<\/p>\n<p>Annijas Keitas Sabules\u00a0pirm\u0101 \u0161au\u0161ana\u00a0<\/p>\n<p>Sabule priek\u0161p\u0113d\u0113jo posmu s\u0101ka 14. poz\u012bcij\u0101 divas min\u016btes un 7,6 sekundes aiz l\u012bderes. \u0160au\u0161an\u0101 gu\u013cus vi\u0146ai pietika ar vienu papildu patronu un tras\u0113 latviete atgriez\u0101s 15. viet\u0101. Tikm\u0113r Elvira \u0112berga saglab\u0101ja dro\u0161as l\u012bderpoz\u012bcijas Zviedrijai.<\/p>\n<p>\u0160au\u0161an\u0101 st\u0101vus Sabulei nebija vajadz\u012bba p\u0113c papildu patron\u0101m, un vi\u0146a pak\u0101p\u0101s uz 13. vietu, bet stafeti Sandrai Buli\u0146ai nodeva 15. poz\u012bcij\u0101.\u00a0Zviedrieti Hannu \u0112bergu aizkav\u0113ja divi papildu \u0161\u0101vieni, tom\u0113r vi\u0146a arvien tur\u0113j\u0101s dro\u0161\u0101 vad\u012bb\u0101.\u00a0<\/p>\n<p>Sandra Buli\u0146a p\u0113d\u0113j\u0101 posma pirmaj\u0101 \u0161au\u0161an\u0101 lika liet\u0101 visas tr\u012bs papildu patronas, bet soda apli nenopeln\u012bja, atgrie\u017eoties tras\u0113 18. viet\u0101. Sac\u012bk\u0161u l\u012bdere Hanna \u0112berga arvien tuvoj\u0101s Sandrai, raisot ba\u017eas, vai Latviju neapsteigs par apli.\u00a0<\/p>\n<p>Ar\u012b p\u0113d\u0113jo \u0161au\u0161anu Sandra pasp\u0113ja aizvad\u012bt, turkl\u0101t \u0161oreiz nek\u013c\u016bd\u012bj\u0101s ne reizi. Latvija bija p\u0113d\u0113j\u0101 no komand\u0101m, kas tika l\u012bdz fini\u0161am, bet atst\u0101ja aiz sevis slov\u0113nietes un Kazahst\u0101nas biatlonistes.<\/p>\n<p>Iepriek\u0161 sestdien\u00a012,5 kilometru iedz\u012b\u0161anas distanc\u0113 v\u012brie\u0161iem <a href=\"https:\/\/www.lsm.lv\/raksts\/sports\/biatlons\/13.12.2025-tiesraide-pasaules-kausa-posms-biatlona-iedzisanas-distance-viriesiem.a626211\/\" class=\"lsm-link\" data-type=\"article\" data-id=\"626211\" rel=\"nofollow noopener\" target=\"_blank\">32. vietu sasniedza Ren\u0101rs Birkent\u0101ls<\/a>.<\/p>\n<p>Sezonas otr\u0101 posma nosl\u0113gum\u0101 sv\u0113tdien Hohfilcen\u0113 stafet\u0113 sp\u0113kosies kungi un iedz\u012b\u0161an\u0101 laure\u0101tes noteiks d\u0101mas, Latviju p\u0101rst\u0101vot Bendikai.<\/p>\n<p>L\u012bdz Ziemassv\u0113tkiem\u00a0biatlonisti v\u0113l start\u0113s Ans\u012b, Francij\u0101, savuk\u0101rt p\u0113c Jaungada l\u012bdz Mil\u0101nas\u2013Kort\u012bnas ziemas olimpiskaj\u0101m sp\u0113l\u0113m notiks posmi gan V\u0101cijas tras\u0113s Oberhof\u0101 un R\u016bpolding\u0101, gan Nove Mesto, \u010cehij\u0101. P\u0113c olimpiskaj\u0101m sp\u0113l\u0113m v\u0113l b\u016bs tr\u012bs posmi, biatlonistiem sacen\u0161oties Kontiolahti, Somij\u0101, k\u0101 ar\u012b Igaunijas pils\u0113t\u0101 Otep\u0113 un Holmenkollen\u0101, Norv\u0113\u0123ij\u0101.<\/p>\n<p>                    Valodas k\u013c\u016bda rakst\u0101?<\/p>\n<p class=\"d-none d-md-block\">Iez\u012bm\u0113jiet tekstu un spiediet Ctrl+Enter, lai nos\u016bt\u012btu labojamo teksta fragmentu redaktoram! Par faktu k\u013c\u016bd\u0101m l\u016bdzam zi\u0146ot e-past\u0101 <a href=\"https:\/\/www.lsm.lv\/cdn-cgi\/l\/email-protection\" class=\"__cf_email__\" data-cfemail=\"e7958283868c848e8d86a78b948ac98b91\" rel=\"nofollow noopener\" target=\"_blank\">[email\u00a0protected]<\/a>.<\/p>\n<p class=\"d-md-none\">Iez\u012bm\u0113jiet tekstu un spiediet uz Zi\u0146ot par k\u013c\u016bdu pogas, lai nos\u016bt\u012btu labojamo teksta fragmentu redaktoram!<\/p>\n<p>\n                    Zi\u0146ot par k\u013c\u016bdu\n                <\/p>\n","protected":false},"excerpt":{"rendered":"Pasaules kausa sezonu biatlon\u0101 sestdien posm\u0101 Austrij\u0101 sievietes turpin\u0101ja\u00a04&#215;6 kilometru stafet\u0113, kur Latvijas kvartets ieguva 18. vietu. Latvietes&hellip;\n","protected":false},"author":2,"featured_media":73356,"comment_status":"","ping_status":"","sticky":false,"template":"","format":"standard","meta":{"footnotes":""},"categories":[14],"tags":[23,57,28,29,32,33,22,30,31,35,39,38,36,37,34,40,20,26,27,24,25,54,55,56,21,58],"class_list":{"0":"post-73363","1":"post","2":"type-post","3":"status-publish","4":"format-standard","5":"has-post-thumbnail","7":"category-zinas-no-arvalstim","8":"tag-aktualitates","9":"tag-arvalstim","10":"tag-breaking-news","11":"tag-breakingnews","12":"tag-featured-news","13":"tag-featurednews","14":"tag-headlines","15":"tag-latest-news","16":"tag-latestnews","17":"tag-latvia","18":"tag-latvian","19":"tag-latviesu","20":"tag-latviesu-valoda","21":"tag-latviesuvaloda","22":"tag-latvija","23":"tag-lv","24":"tag-news","25":"tag-popularakas-zinas","26":"tag-popularakaszinas","27":"tag-top-stories","28":"tag-topstories","29":"tag-world","30":"tag-world-news","31":"tag-worldnews","32":"tag-zinas","33":"tag-zinas-no-arvalstim"},"share_on_mastodon":{"url":"https:\/\/pubeurope.com\/@lv\/115712820739344220","error":""},"_links":{"self":[{"href":"https:\/\/www.europesays.com\/lv\/wp-json\/wp\/v2\/posts\/73363","targetHints":{"allow":["GET"]}}],"collection":[{"href":"https:\/\/www.europesays.com\/lv\/wp-json\/wp\/v2\/posts"}],"about":[{"href":"https:\/\/www.europesays.com\/lv\/wp-json\/wp\/v2\/types\/post"}],"author":[{"embeddable":true,"href":"https:\/\/www.europesays.com\/lv\/wp-json\/wp\/v2\/users\/2"}],"replies":[{"embeddable":true,"href":"https:\/\/www.europesays.com\/lv\/wp-json\/wp\/v2\/comments?post=73363"}],"version-history":[{"count":0,"href":"https:\/\/www.europesays.com\/lv\/wp-json\/wp\/v2\/posts\/73363\/revisions"}],"wp:featuredmedia":[{"embeddable":true,"href":"https:\/\/www.europesays.com\/lv\/wp-json\/wp\/v2\/media\/73356"}],"wp:attachment":[{"href":"https:\/\/www.europesays.com\/lv\/wp-json\/wp\/v2\/media?parent=73363"}],"wp:term":[{"taxonomy":"category","embeddable":true,"href":"https:\/\/www.europesays.com\/lv\/wp-json\/wp\/v2\/categories?post=73363"},{"taxonomy":"post_tag","embeddable":true,"href":"https:\/\/www.europesays.com\/lv\/wp-json\/wp\/v2\/tags?post=73363"}],"curies":[{"name":"wp","href":"https:\/\/api.w.org\/{rel}","templated":true}]}}