{"id":73369,"date":"2025-12-13T14:58:08","date_gmt":"2025-12-13T14:58:08","guid":{"rendered":"https:\/\/www.europesays.com\/lv\/73369\/"},"modified":"2025-12-13T14:58:08","modified_gmt":"2025-12-13T14:58:08","slug":"rigas-1-slimnica-ieviesti-stingraki-gripas-epidemijas-ierobezosanas-pasakumi-1188-lv","status":"publish","type":"post","link":"https:\/\/www.europesays.com\/lv\/73369\/","title":{"rendered":"R\u012bgas 1. slimn\u012bc\u0101 ieviesti stingr\u0101ki gripas epid\u0113mijas ierobe\u017eo\u0161anas pas\u0101kumi &#8211; 1188.lv"},"content":{"rendered":"<ol>\n<li><a href=\"https:\/\/news.google.com\/rss\/articles\/CBMirAFBVV95cUxQd1hHTXRsVVpwWGtnb1BteE5wRUNKeDZKUVNIVXZnblktX1dacE00dF9rQTZBc2ZPeDZUWjNaQ0pJUXYwaUNtbDdNRzB3cFpZWGstcEJmVHpoaEpfMkpvamxuaS1GRVNyNkdlZEplVnV6WkI5Z2JERk1UZ0hLOExLLUktM3BZeWdnVnczSnJIM3VuNVJpdjhWNmJjYWZkUmJnc3VGeDJtcVlQQlBv?oc=5\" target=\"_blank\" rel=\"nofollow noopener\">R\u012bgas 1. slimn\u012bc\u0101 ieviesti stingr\u0101ki gripas epid\u0113mijas ierobe\u017eo\u0161anas pas\u0101kumi<\/a>&nbsp;&nbsp;1188.lv<\/li>\n<li><a href=\"https:\/\/news.google.com\/rss\/articles\/CBMiigFBVV95cUxQLVFydDUxYWNhVDM3dXhGMjB3SzBQVVExY3k4UzF2dTJvODVhdTdvdkdFQV9zTURrNEFiRWxpVVRxaXQ0enM4Mm5tMXlERlV2SEdkSDJjYnp6cTBuTzd3TkRJbzdCc0ltQkRqcy1BYVpmZXA1dUszcmRjTEEzdlJxeEpfV08yb1I5WkE?oc=5\" target=\"_blank\" rel=\"nofollow noopener\">Infektolo\u0123e: Riska grupu gripas pacientu skaits pieaug<\/a>&nbsp;&nbsp;TVNET<\/li>\n<li><a href=\"https:\/\/news.google.com\/rss\/articles\/CBMi0gFBVV95cUxNNk5UaHdkcEdwM21uQWZDUmQzUzZKSWdNRkcwakFyVDNCUVZwZ3NjYjdQUE4tRElBSzIwcHpRLVQ5SlQ3azdiWVN5NHBvcVY4ZVlmNlBRbjRuRm1WMmdSZ3dIQko5MXNmd3BCa3VYRDNma0ZDeEpiN0pfcVRHLWVIaFFfMnUtSkdBZ3RUMTdzb3B5MmJTbVlSc2VZT1dEdHVDZG5KQXlYZUw0UXU2YVh1NFNWWTNkcHZWMnI2UmFQb05PYTVoMDRJbzFlYlhrOXktV2c?oc=5\" target=\"_blank\" rel=\"nofollow noopener\">Sejas maskas un apmekl\u0113\u0161anas at\u013caujas \u2013 slimn\u012bc\u0101s gripas epid\u0113mijas laik\u0101 nosaka ierobe\u017eojumus<\/a>&nbsp;&nbsp;Delfi<\/li>\n<li><a href=\"https:\/\/news.google.com\/rss\/articles\/CBMic0FVX3lxTE05VWhlWWliNDg0VVpEUWJvbTYtT1JZckNEZ01Ral90VGFramg0ZnBTdEtaajNBZlZFUUJIWEZfWHNIMEZUaF83Y05IQkNPQlpaZW9wYlBpY2JCZXUwbFVuUE9kSVdSYWhldS1xWUVOM0tmNzg?oc=5\" target=\"_blank\" rel=\"nofollow noopener\">Saslimst\u012bba ar gripu strauji pieaug<\/a>&nbsp;&nbsp;Apollo.lv<\/li>\n<li><a href=\"https:\/\/news.google.com\/rss\/articles\/CBMi2AFBVV95cUxPaWt1cVZrSWNrTnBsV0FCdnduVllUWEJXQ2VNMGVleEVDUFNJb280VUtEY0FndFF6dFI4U2EyY1JZN1J0ZHRpV2FWMGNmWlR4Sk1WRWc5MWk5M09OOVkyTkxXR3Fyd3JzYlV6ZXpYTjBwNEdEM1cycG9ZZ0tBaERQYVltZUhSN2t6OFFBZXh0R0VuUkVxRDJGLWVDVlJqVEhTMjVvd3JkS2h3OWZfSC1kOEdTMnJkYl8waVg2UExpNTBGWWp2dDFrZFdrZVl3eURkREpZamQ4R1E?oc=5\" target=\"_blank\" rel=\"nofollow noopener\">Ventspils un Talsu slimn\u012bc\u0101s gripas epid\u0113mijas laik\u0101 noteikti ierobe\u017eojumi apmekl\u0113t\u0101jiem<\/a>&nbsp;&nbsp;Diena<\/li>\n<\/ol>\n","protected":false},"excerpt":{"rendered":"R\u012bgas 1. slimn\u012bc\u0101 ieviesti stingr\u0101ki gripas epid\u0113mijas ierobe\u017eo\u0161anas pas\u0101kumi&nbsp;&nbsp;1188.lv Infektolo\u0123e: Riska grupu gripas pacientu skaits pieaug&nbsp;&nbsp;TVNET Sejas maskas&hellip;\n","protected":false},"author":2,"featured_media":73370,"comment_status":"","ping_status":"","sticky":false,"template":"","format":"standard","meta":{"footnotes":""},"categories":[5],"tags":[129,18021,1562,23,28,29,32,33,22,30,31,35,39,38,36,37,34,40,20,26,27,18027,1563,18028,1564,24,25,21],"class_list":{"0":"post-73369","1":"post","2":"type-post","3":"status-publish","4":"format-standard","5":"has-post-thumbnail","7":"category-aktualitates","8":"tag-__typenameadvicekeyword","9":"tag-id164","10":"tag-id397","11":"tag-aktualitates","12":"tag-breaking-news","13":"tag-breakingnews","14":"tag-featured-news","15":"tag-featurednews","16":"tag-headlines","17":"tag-latest-news","18":"tag-latestnews","19":"tag-latvia","20":"tag-latvian","21":"tag-latviesu","22":"tag-latviesu-valoda","23":"tag-latviesuvaloda","24":"tag-latvija","25":"tag-lv","26":"tag-news","27":"tag-popularakas-zinas","28":"tag-popularakaszinas","29":"tag-sluggripa","30":"tag-slugveselibas-aprupe","31":"tag-titlegripa","32":"tag-titleveselibas-aprupe","33":"tag-top-stories","34":"tag-topstories","35":"tag-zinas"},"share_on_mastodon":{"url":"https:\/\/pubeurope.com\/@lv\/115712852179030622","error":""},"_links":{"self":[{"href":"https:\/\/www.europesays.com\/lv\/wp-json\/wp\/v2\/posts\/73369","targetHints":{"allow":["GET"]}}],"collection":[{"href":"https:\/\/www.europesays.com\/lv\/wp-json\/wp\/v2\/posts"}],"about":[{"href":"https:\/\/www.europesays.com\/lv\/wp-json\/wp\/v2\/types\/post"}],"author":[{"embeddable":true,"href":"https:\/\/www.europesays.com\/lv\/wp-json\/wp\/v2\/users\/2"}],"replies":[{"embeddable":true,"href":"https:\/\/www.europesays.com\/lv\/wp-json\/wp\/v2\/comments?post=73369"}],"version-history":[{"count":0,"href":"https:\/\/www.europesays.com\/lv\/wp-json\/wp\/v2\/posts\/73369\/revisions"}],"wp:featuredmedia":[{"embeddable":true,"href":"https:\/\/www.europesays.com\/lv\/wp-json\/wp\/v2\/media\/73370"}],"wp:attachment":[{"href":"https:\/\/www.europesays.com\/lv\/wp-json\/wp\/v2\/media?parent=73369"}],"wp:term":[{"taxonomy":"category","embeddable":true,"href":"https:\/\/www.europesays.com\/lv\/wp-json\/wp\/v2\/categories?post=73369"},{"taxonomy":"post_tag","embeddable":true,"href":"https:\/\/www.europesays.com\/lv\/wp-json\/wp\/v2\/tags?post=73369"}],"curies":[{"name":"wp","href":"https:\/\/api.w.org\/{rel}","templated":true}]}}