{"id":73377,"date":"2025-12-13T15:05:07","date_gmt":"2025-12-13T15:05:07","guid":{"rendered":"https:\/\/www.europesays.com\/lv\/73377\/"},"modified":"2025-12-13T15:05:07","modified_gmt":"2025-12-13T15:05:07","slug":"dzeza-un-klasikas-melodijas-spikeros-lu-aula-un-cirka-lente-lv","status":"publish","type":"post","link":"https:\/\/www.europesays.com\/lv\/73377\/","title":{"rendered":"d\u017eeza un klasikas melodijas Sp\u012b\u0137eros, LU aul\u0101 un cirk\u0101\u00a0\u2014\u00a0Lente.lv"},"content":{"rendered":"<p>Festiv\u0101ls &#8220;Eiropas Ziemassv\u0113tki&#8221; R\u012bg\u0101 \u2013 klasisk\u0101s m\u016bzikas un d\u017eeza melodijas sv\u0113tku gaid\u0101s<\/p>\n<p>K\u0101 zi\u0146o av\u012bze Diena, no 11. l\u012bdz 30. decembrim R\u012bg\u0101 norisin\u0101sies ikgad\u0113jais festiv\u0101ls &#8220;Eiropas Ziemassv\u0113tki&#8221;, aicinot iedz\u012bvot\u0101jus un viesus sv\u0113tku noska\u0146\u0101, kas piepild\u012bta ar klasisk\u0101s m\u016bzikas, d\u017eeza un tradicion\u0101lo Ziemassv\u0113tku melodiju daudzveid\u012bbu. \u0160\u012b gada festiv\u0101ls sol\u0101s b\u016bt \u012bpa\u0161i kr\u0101\u0161\u0146s, jo t\u0101 norises vietas ir Sp\u012b\u0137eru koncertz\u0101le, Latvijas Universit\u0101tes (LU) Liel\u0101 aula un R\u012bgas cirks, pied\u0101v\u0101jot unik\u0101lu pieredzi da\u017e\u0101d\u0101s kult\u016bras telp\u0101s. Festiv\u0101ls ir k\u013cuvis par gaid\u012btu notikumu R\u012bg\u0101, sniedzot prieku un iedvesmu sv\u0113tku laik\u0101.<\/p>\n<p>Bag\u0101t\u012bga programma klasikas un d\u017eeza cien\u012bt\u0101jiem<\/p>\n<p>Festiv\u0101la programma ir r\u016bp\u012bgi veidota, lai apmierin\u0101tu da\u017e\u0101das muzik\u0101l\u0101s gaumes. Klaus\u012bt\u0101ji var\u0113s baud\u012bt gan Johana Sebasti\u0101na Baha, Fran\u010da \u0160\u016bberta un Kloda Debis\u012b klasiskos ska\u0146darbus, gan ar\u012b Riharda \u0160trausa un citu di\u017egaru darbus, kas rad\u012bs \u012bpa\u0161u gaisotni gada tum\u0161\u0101kaj\u0101 laik\u0101. Tom\u0113r festiv\u0101ls neaprobe\u017eojas tikai ar klasiku \u2013 \u012bpa\u0161u vietu ie\u0146em d\u017eeza m\u016bzika. Viens no gaid\u012bt\u0101kajiem notikumiem ir d\u017eeza zvaigznes D\u017eord\u017eijas Ses\u012blas (Georgia C\u00e9cile) un Latvijas Radio bigbenda kop\u012bgais koncerts, kas norisin\u0101sies R\u012bgas cirk\u0101 27. decembr\u012b. D\u017eord\u017eija Ses\u012bla, sa\u0146\u0113musi presti\u017eas balvas par savu talantu, ir viena no Lielbrit\u0101nijas d\u017eeza skatuves l\u012bder\u0113m, un vi\u0146as unik\u0101lais balss tembrs un emocion\u0101l\u0101 dzied\u0101juma dzi\u013cums sola neaizmirstamu pieredzi. Papildus tam, 11. decembr\u012b festiv\u0101ls tiks atkl\u0101ts ar koncertu &#8220;Latvijas d\u017eeza zvaigznes&#8221; Sp\u012b\u0137eru koncertz\u0101l\u0113, kur\u0101 uzst\u0101sies saksofonists Toms Rudzinskis, \u0123it\u0101rists Mat\u012bss \u010cudars, bundzinieks J\u0101nis Jaunalksnis un kontrabasists J\u0101nis Rubiks. Vi\u0146i atska\u0146os ori\u0123in\u0101lm\u016bziku un sv\u0113tku melodijas d\u017eeza standartu stil\u0101.<\/p>\n<p>Latvijas m\u0101kslinieku spo\u017eums uz skatuv\u0113m<\/p>\n<p>Festiv\u0101l\u0101 uzst\u0101sies ar\u012b daudzi iem\u012b\u013coti Latvijas m\u0101kslinieki. Starp vi\u0146iem ir kameror\u0137estris &#8220;Sinfonietta R\u012bga&#8221;, vijolniece Alfija Bakijeva, R\u012bgas Saksofonu kvartets, dzied\u0101t\u0101ji Edgars O\u0161leja, Et\u012bna Em\u012blija Saul\u012bte, Ter\u0113ze Gretere, Brigita Reisone, Ralfs Eilands, k\u0101 ar\u012b aktieri Guna Zari\u0146a un Artis Jan\u010devskis. \u012apa\u0161u vietu programm\u0101 ie\u0146em aktrise Guna Zari\u0146a ar savu koncertprogrammu &#8220;Dzeltens trotu\u0101rs&#8221;, kas notiks Sp\u012b\u0137eru koncertz\u0101l\u0113 14. decembr\u012b. \u0160is notikums apvienos te\u0101tra m\u0101kslas dzi\u013cumu ar instrument\u0101l\u0101s m\u016bzikas virtuozit\u0101ti, radot aizraujo\u0161u pieredzi, kur\u0101 v\u0101rdi un ska\u0146as savijas vienot\u0101 st\u0101st\u0101. Artis Jan\u010devskis savuk\u0101rt aicina uz koncertprogrammu &#8220;Debis\u012b. Ir j\u0101piedz\u012bvo&#8221; Sp\u012b\u0137eru koncertz\u0101l\u0113 20. decembr\u012b.<\/p>\n<p>Pla\u0161a nori\u0161u vietu izv\u0113le<\/p>\n<p>\u0160\u012b gada festiv\u0101ls &#8220;Eiropas Ziemassv\u0113tki&#8221; savu daudzveid\u012bgo programmu pied\u0101v\u0101s vair\u0101k\u0101s R\u012bgas noz\u012bm\u012bg\u0101s kult\u016bras viet\u0101s. Sp\u012b\u0137eru koncertz\u0101le, kas paz\u012bstama ar savu m\u0101j\u012bgo un m\u016bsdien\u012bgo atmosf\u0113ru, uz\u0146ems vair\u0101kus festiv\u0101la pas\u0101kumus, nodro\u0161inot izcilu akustiku un int\u012bmu skan\u0113jumu. Latvijas Universit\u0101tes Liel\u0101 aula, v\u0113sturiska un majest\u0101tiska telpa, k\u013c\u016bs par m\u0101jvietu &#8220;Sinfonietta R\u012bga&#8221; koncertam &#8220;Baroka Ziemassv\u0113tki&#8221;, kur\u0101 izskan\u0113s Johana Sebasti\u0101na Baha un Georgs Filipa T\u0113ma\u0146a (Georg Philipp Telemann) darbi 19. decembr\u012b. Savuk\u0101rt R\u012bgas cirks, kas vienm\u0113r pied\u0101v\u0101 ko neparastu, uz\u0146ems Latvijas Radio bigbenda un d\u017eeza zvaigznes D\u017eord\u017eijas Ses\u012blas (Georgia C\u00e9cile) nosl\u0113guma koncertu 27. decembr\u012b, piesakoties k\u0101 izcil\u0101k\u0101 vieta \u0161ovam.<\/p>\n<p>Ziemassv\u0113tku burv\u012bba un sv\u0113tku gaid\u012b\u0161anas prieks<\/p>\n<p>Festiv\u0101ls &#8220;Eiropas Ziemassv\u0113tki&#8221; ir vair\u0101k nek\u0101 tikai koncertu virkne; tas ir aicin\u0101jums izbaud\u012bt sv\u0113tku burv\u012bbu un kop\u0101 b\u016b\u0161anas prieku. Programm\u0101 iek\u013cauti gan augstas klases m\u0101kslinieku priek\u0161nesumi, gan sv\u0113tku noska\u0146u rad\u012b\u0161ana ar tradicion\u0101l\u0101m Ziemassv\u0113tku melodij\u0101m, pied\u0101v\u0101jot katram apmekl\u0113t\u0101jam iesp\u0113ju atrast kaut ko \u012bpa\u0161u. Ar\u012b R\u012bgas cirks pied\u0101v\u0101 savu Ziemassv\u0113tku programmu \u2013 &#8220;Aukst\u0101s ledene&#8221;, kas paredz\u0113ta visai \u0123imenei, kur\u0101 b\u0113rni un pieaugu\u0161ie var\u0113s sastapt da\u017e\u0101dus cirka m\u0101ksliniekus un kop\u012bgi risin\u0101t &#8220;auksto lede\u0146u nosl\u0113pumu&#8221;. \u0160is festiv\u0101ls ir lieliska iesp\u0113ja gada nogal\u0113 ieskandin\u0101t sv\u0113tkus ar augstv\u0113rt\u012bgu kult\u016bras baud\u012bjumu, kas piepild\u012bs sirdi ar siltumu un prieku.<\/p>\n","protected":false},"excerpt":{"rendered":"Festiv\u0101ls &#8220;Eiropas Ziemassv\u0113tki&#8221; R\u012bg\u0101 \u2013 klasisk\u0101s m\u016bzikas un d\u017eeza melodijas sv\u0113tku gaid\u0101s K\u0101 zi\u0146o av\u012bze Diena, no 11.&hellip;\n","protected":false},"author":2,"featured_media":73378,"comment_status":"","ping_status":"","sticky":false,"template":"","format":"standard","meta":{"footnotes":""},"categories":[19],"tags":[18658,12649,89,90,18657,35,39,38,36,37,34,18659,40,2741,4482,18656],"class_list":{"0":"post-73377","1":"post","2":"type-post","3":"status-publish","4":"format-standard","5":"has-post-thumbnail","7":"category-izklaide","8":"tag-dzeza-koncerti","9":"tag-eiropas-ziemassvetki","10":"tag-entertainment","11":"tag-izklaide","12":"tag-klasiska-muzika-riga","13":"tag-latvia","14":"tag-latvian","15":"tag-latviesu","16":"tag-latviesu-valoda","17":"tag-latviesuvaloda","18":"tag-latvija","19":"tag-latvijas-universitates-aula","20":"tag-lv","21":"tag-rigas-cirks","22":"tag-spikeru-koncertzale","23":"tag-ziemassvetku-festivals"},"share_on_mastodon":{"url":"https:\/\/pubeurope.com\/@lv\/115712879749688237","error":""},"_links":{"self":[{"href":"https:\/\/www.europesays.com\/lv\/wp-json\/wp\/v2\/posts\/73377","targetHints":{"allow":["GET"]}}],"collection":[{"href":"https:\/\/www.europesays.com\/lv\/wp-json\/wp\/v2\/posts"}],"about":[{"href":"https:\/\/www.europesays.com\/lv\/wp-json\/wp\/v2\/types\/post"}],"author":[{"embeddable":true,"href":"https:\/\/www.europesays.com\/lv\/wp-json\/wp\/v2\/users\/2"}],"replies":[{"embeddable":true,"href":"https:\/\/www.europesays.com\/lv\/wp-json\/wp\/v2\/comments?post=73377"}],"version-history":[{"count":0,"href":"https:\/\/www.europesays.com\/lv\/wp-json\/wp\/v2\/posts\/73377\/revisions"}],"wp:featuredmedia":[{"embeddable":true,"href":"https:\/\/www.europesays.com\/lv\/wp-json\/wp\/v2\/media\/73378"}],"wp:attachment":[{"href":"https:\/\/www.europesays.com\/lv\/wp-json\/wp\/v2\/media?parent=73377"}],"wp:term":[{"taxonomy":"category","embeddable":true,"href":"https:\/\/www.europesays.com\/lv\/wp-json\/wp\/v2\/categories?post=73377"},{"taxonomy":"post_tag","embeddable":true,"href":"https:\/\/www.europesays.com\/lv\/wp-json\/wp\/v2\/tags?post=73377"}],"curies":[{"name":"wp","href":"https:\/\/api.w.org\/{rel}","templated":true}]}}