{"id":73389,"date":"2025-12-13T15:15:05","date_gmt":"2025-12-13T15:15:05","guid":{"rendered":"https:\/\/www.europesays.com\/lv\/73389\/"},"modified":"2025-12-13T15:15:05","modified_gmt":"2025-12-13T15:15:05","slug":"vilna-10-000-cilveku-masveida-proteste-aizstavot-sabiedriska-medija-lrt-neatkaribu-lente-lv","status":"publish","type":"post","link":"https:\/\/www.europesays.com\/lv\/73389\/","title":{"rendered":"Vi\u013c\u0146\u0101 10 000 cilv\u0113ku masveid\u0101 protest\u0113, aizst\u0101vot sabiedrisk\u0101 medija LRT neatkar\u012bbu\u00a0\u2014\u00a0Lente.lv"},"content":{"rendered":"<p>Pla\u0161a tautas mobiliz\u0101cija Vi\u013c\u0146\u0101 par v\u0101rda br\u012bv\u012bbu<\/p>\n<p>Pag\u0101ju\u0161aj\u0101 otrdien\u0101 Lietuvas galvaspils\u0113t\u0101 Vi\u013c\u0146\u0101 notika v\u0113rien\u012bga protesta akcija, kas pulc\u0113ja aptuveni 10 000 cilv\u0113ku. Demonstranti pulc\u0113j\u0101s Neatkar\u012bbas laukum\u0101, net\u0101lu no Seima \u0113kas, lai paustu savu sa\u0161utumu par politiskajiem m\u0113\u0123in\u0101jumiem apdraud\u0113t Lietuvas sabiedrisk\u0101 medija \u2013 LRT \u2013 neatkar\u012bbu. Akcijai dots nosaukums &#8220;Rokas nost no v\u0101rda br\u012bv\u012bbas!&#8221; liecina par t\u0101s galveno m\u0113r\u0137i \u2013 aizst\u0101v\u0113t preses br\u012bv\u012bbu un demokr\u0101tisk\u0101s v\u0113rt\u012bbas. \u0160is pas\u0101kums ir d\u0113v\u0113ts par *v\u0113rien\u012bg\u0101ko protesta akciju valst\u012b p\u0113d\u0113jo gadu laik\u0101*, apliecinot pilso\u0146u dzi\u013c\u0101s ba\u017eas par mediju br\u012bv\u012bbas st\u0101vokli Lietuv\u0101.<\/p>\n<p>Politisko m\u0113\u0123in\u0101jumu aizsegs un sekas<\/p>\n<p>Protesta centr\u0101lais iemesls bija valdo\u0161\u0101s koal\u012bcijas rosin\u0101tie likuma groz\u012bjumi, kas paredz\u0113tu atvieglot LRT \u0123ener\u0101ldirektora atlai\u0161anu. Tiek uzskat\u012bts, ka \u0161ie groz\u012bjumi ir m\u0113\u0123in\u0101jums politiski ietekm\u0113t sabiedrisk\u0101 medija saturu un pie\u0161\u0137irt politi\u0137iem liel\u0101ku kontroli p\u0101r t\u0101 darb\u012bbu. Papildus tam, Seims ar\u012b ir nol\u0113mis uz trim gadiem iesald\u0113t LRT bud\u017eetu un no 2029. gada samazin\u0101t l\u012bdzek\u013cu \u012bpatsvaru, kas tiek novirz\u012bts LRT. \u0160ie so\u013ci ir rad\u012bju\u0161i nopietnas ba\u017eas ne tikai Lietuv\u0101, bet ar\u012b cit\u0101s Baltijas valst\u012bs, jo tie tiek uzskat\u012bti par *b\u012bstamiem demokr\u0101tijas erozijas simptomiem* un var\u0113tu rad\u012bt satrauco\u0161u precedentu re\u0123ion\u0101.<\/p>\n<p>Pla\u0161a sabiedr\u012bbas atbalsts un solidarit\u0101te<\/p>\n<p>Demonstr\u0101cij\u0101 piedal\u012bj\u0101s ne tikai LRT darbinieki un \u017eurn\u0101listi, bet ar\u012b pla\u0161s sabiedr\u012bbas loks \u2013 no m\u016bzi\u0137iem un kult\u016bras darbiniekiem l\u012bdz studentiem un pension\u0101riem. Daudziem protest\u0113t\u0101jiem rok\u0101s bija plak\u0101ti ar uzrakstiem &#8220;Rokas nost&#8221; un karikat\u016br\u0101m, kas ironiski atspogu\u013coja politi\u0137u centienus ierobe\u017eot v\u0101rda br\u012bv\u012bbu. M\u016bzi\u0137is Andrjus Mamontovs uzsv\u0113ra, ka br\u012bv\u012bba nav past\u0101v\u012bga v\u0113rt\u012bba un reiz\u0113m t\u0101 ir akt\u012bvi j\u0101aizst\u0101v, jo vienm\u0113r atrad\u012bsies sp\u0113ki, kas v\u0113l\u0113sies to at\u0146emt. Vi\u0146a uzruna atkl\u0101ja dzi\u013cu izpratni par v\u0113sturisko pieredzi un nepiecie\u0161am\u012bbu b\u016bt modriem. Paral\u0113li protestam tika izveidota ar\u012b *pet\u012bcija pret politi\u0137u centieniem p\u0101r\u0146emt LRT*, ko parakst\u012bju\u0161i jau vair\u0101k nek\u0101 130 t\u016bksto\u0161i Lietuvas iedz\u012bvot\u0101ju, apliecinot pilso\u0146u akt\u012bvo iesaisti un nev\u0113l\u0113\u0161anos pie\u013caut sabiedrisk\u0101 medija neatkar\u012bbas grau\u0161anu.<\/p>\n<p>Ba\u017eas par v\u0101rda br\u012bv\u012bbas n\u0101kotni<\/p>\n<p>Lietuvas Profesion\u0101lo \u017eurn\u0101listu asoci\u0101cijas priek\u0161s\u0113d\u0113t\u0101ja Birute Davidon\u012bte pauda ba\u017eas, ka populistisk\u0101s partijas un citi politiskie sp\u0113ki, tostarp soci\u0101ldemokr\u0101ti un prezidents, cen\u0161as pamaz\u0101m p\u0101r\u0146emt kontroli p\u0101r sabiedrisko raidorganiz\u0101ciju. Vi\u0146a nor\u0101d\u012bja, ka \u0161\u0101di m\u0113\u0123in\u0101jumi ir *pretrun\u0101 Eiropas Mediju br\u012bv\u012bbas aktam* un apdraud sabiedrisk\u0101s raidorganiz\u0101cijas neatkar\u012bbu kopum\u0101. LRT \u0123ener\u0101ldirektore pati ir paudusi, ka politi\u0137iem vienk\u0101r\u0161i nepat\u012bk fakts, ka sabiedriskais medijs ir sp\u0113c\u012bgs un neatkar\u012bgs. Vi\u0146a ar\u012b atz\u012bm\u0113ja, ka notieko\u0161ais ir pavad\u012bts ar apjom\u012bgu nomelno\u0161anas kampa\u0146u soci\u0101lajos medijos pret LRT un t\u0101s darbiniekiem, kas v\u0113l vair\u0101k pastiprina ba\u017eas par br\u012bv\u012bbas ierobe\u017eo\u0161anu. Protest\u0113t\u0101ji skand\u0113ja &#8220;Rokas nost!&#8221; un &#8220;J\u016bs neat\u0146emsiet mums v\u0101rda br\u012bv\u012bbu!&#8221;.<\/p>\n<p>Solidarit\u0101te un starptautisk\u0101 rezonanse<\/p>\n<p>\u0160is protests izrais\u012bjis rezonansi ar\u012b Latvij\u0101. Latvijas \u017durn\u0101listu asoci\u0101cija (L\u017dA) ir paudusi satraukumu par aktualit\u0101t\u0113m Lietuv\u0101, uzsverot, ka sabiedriskie mediji ir sabiedr\u012bbas kontroles meh\u0101nisms p\u0101r varu un to neatkar\u012bba ir demokr\u0101tijas st\u016brakmens. Lai gan Latvij\u0101 mediju politisk\u0101 ietekme pa\u0161laik nav tik izteikta k\u0101 Lietuv\u0101, tom\u0113r ar\u012b \u0161eit ir nov\u0113rojami satrauco\u0161i sign\u0101li, piem\u0113ram, politi\u0137u nev\u0113l\u0113\u0161an\u0101s akcept\u0113t nevalstisko organiz\u0101ciju izraudz\u012bto Sabiedrisko elektronisko pla\u0161sazi\u0146as l\u012bdzek\u013cu padomes (SEPLP) locekli. L\u017dA aicina Latvijas likumdev\u0113jus nodro\u0161in\u0101t piln\u012bgu sabiedrisko mediju neatkar\u012bbu un uzsver, ka mediju br\u012bv\u012bba ir *pamats valsts notur\u012bbai pret manipul\u0101cij\u0101m un dezinform\u0101ciju*.<\/p>\n<p>N\u0101kotnes perspekt\u012bvas un aicin\u0101jums modr\u012bbai<\/p>\n<p>M\u012bti\u0146\u0161 nosl\u0113dz\u0101s ar Lietuvas himnas dzied\u0101\u0161anu un kora uzst\u0101\u0161anos, simboliz\u0113jot tautas vienot\u012bbu un ap\u0146\u0113m\u012bbu aizst\u0101v\u0113t savas ties\u012bbas. Lietuvas sabiedrisk\u0101 medija darbinieki jau iepriek\u0161 bija s\u0101ku\u0161i ned\u0113\u013cu ilgu protestu ar klusuma br\u012b\u017eiem \u0113ter\u0101, lai piev\u0113rstu uzman\u012bbu ilgsto\u0161ajiem uzbrukumiem medijam. Lai gan pa\u0161laik Lietuvas Seim\u0101 ir nov\u0113rojama tendence sarukt atbalstam &#8220;Nemunas r\u012btausmas&#8221; rosin\u0101tajiem likuma groz\u012bjumiem, tom\u0113r notikumu att\u012bst\u012bba liecina, ka c\u012b\u0146a par sabiedrisk\u0101 medija neatkar\u012bbu turpin\u0101sies. Situ\u0101cija Lietuv\u0101 atg\u0101dina par nepiecie\u0161am\u012bbu past\u0101v\u012bgi sarg\u0101t br\u012bv\u012bbu un demokr\u0101tisk\u0101s v\u0113rt\u012bbas, jo t\u0101s nav pa\u0161saprotamas un prasa nep\u0101rtrauktu pilso\u0146u modr\u012bbu un iesaisti. K\u0101 nor\u0101d\u012bjis viens no protest\u0113t\u0101jiem, ja b\u016bs nepiecie\u0161ams, cilv\u0113ki n\u0101ks atkal un atkal, lai aizst\u0101v\u0113tu savu v\u0101rda br\u012bv\u012bbu.<\/p>\n","protected":false},"excerpt":{"rendered":"Pla\u0161a tautas mobiliz\u0101cija Vi\u013c\u0146\u0101 par v\u0101rda br\u012bv\u012bbu Pag\u0101ju\u0161aj\u0101 otrdien\u0101 Lietuvas galvaspils\u0113t\u0101 Vi\u013c\u0146\u0101 notika v\u0113rien\u012bga protesta akcija, kas pulc\u0113ja&hellip;\n","protected":false},"author":2,"featured_media":73390,"comment_status":"","ping_status":"","sticky":false,"template":"","format":"standard","meta":{"footnotes":""},"categories":[12],"tags":[23,28,29,3239,32,33,22,30,31,35,39,38,36,37,34,18661,40,20,26,27,18662,18663,24,25,597,21],"class_list":{"0":"post-73389","1":"post","2":"type-post","3":"status-publish","4":"format-standard","5":"has-post-thumbnail","7":"category-latvija","8":"tag-aktualitates","9":"tag-breaking-news","10":"tag-breakingnews","11":"tag-demokratija","12":"tag-featured-news","13":"tag-featurednews","14":"tag-headlines","15":"tag-latest-news","16":"tag-latestnews","17":"tag-latvia","18":"tag-latvian","19":"tag-latviesu","20":"tag-latviesu-valoda","21":"tag-latviesuvaloda","22":"tag-latvija","23":"tag-lrt-neatkariba","24":"tag-lv","25":"tag-news","26":"tag-popularakas-zinas","27":"tag-popularakaszinas","28":"tag-protests-vilna","29":"tag-sabiedriskie-mediji-lietuva","30":"tag-top-stories","31":"tag-topstories","32":"tag-varda-briviba","33":"tag-zinas"},"share_on_mastodon":{"url":"https:\/\/pubeurope.com\/@lv\/115712919122602210","error":""},"_links":{"self":[{"href":"https:\/\/www.europesays.com\/lv\/wp-json\/wp\/v2\/posts\/73389","targetHints":{"allow":["GET"]}}],"collection":[{"href":"https:\/\/www.europesays.com\/lv\/wp-json\/wp\/v2\/posts"}],"about":[{"href":"https:\/\/www.europesays.com\/lv\/wp-json\/wp\/v2\/types\/post"}],"author":[{"embeddable":true,"href":"https:\/\/www.europesays.com\/lv\/wp-json\/wp\/v2\/users\/2"}],"replies":[{"embeddable":true,"href":"https:\/\/www.europesays.com\/lv\/wp-json\/wp\/v2\/comments?post=73389"}],"version-history":[{"count":0,"href":"https:\/\/www.europesays.com\/lv\/wp-json\/wp\/v2\/posts\/73389\/revisions"}],"wp:featuredmedia":[{"embeddable":true,"href":"https:\/\/www.europesays.com\/lv\/wp-json\/wp\/v2\/media\/73390"}],"wp:attachment":[{"href":"https:\/\/www.europesays.com\/lv\/wp-json\/wp\/v2\/media?parent=73389"}],"wp:term":[{"taxonomy":"category","embeddable":true,"href":"https:\/\/www.europesays.com\/lv\/wp-json\/wp\/v2\/categories?post=73389"},{"taxonomy":"post_tag","embeddable":true,"href":"https:\/\/www.europesays.com\/lv\/wp-json\/wp\/v2\/tags?post=73389"}],"curies":[{"name":"wp","href":"https:\/\/api.w.org\/{rel}","templated":true}]}}