{"id":73415,"date":"2025-12-13T16:02:12","date_gmt":"2025-12-13T16:02:12","guid":{"rendered":"https:\/\/www.europesays.com\/lv\/73415\/"},"modified":"2025-12-13T16:02:12","modified_gmt":"2025-12-13T16:02:12","slug":"asv-plano-atcelt-dalu-sankciju-baltkrievijai-2","status":"publish","type":"post","link":"https:\/\/www.europesays.com\/lv\/73415\/","title":{"rendered":"ASV pl\u0101no atcelt da\u013cu sankciju Baltkrievijai"},"content":{"rendered":"<p>Piektdien un sestdien Koulam Minsk\u0101 bija sarunas ar Baltkrievijas diktatoru Aleksandru Luka\u0161enko.<\/p>\n<p>Kouls \u017eurn\u0101listiem divu dienu sarunas raksturoja k\u0101 &#8220;\u013coti produkt\u012bvas&#8221;, v\u0113st\u012bja Baltkrievijas valsts zi\u0146u a\u0123ent\u016bra &#8220;Belta&#8221;.<\/p>\n<p>Sarun\u0101s galven\u0101 uzman\u012bba tika piev\u0113rsta pas\u0101kumiem, lai normaliz\u0113tu attiec\u012bbas starp Va\u0161ingtonu un Minsku, k\u0101 ar\u012b sankciju atcel\u0161anai un Baltkrievijas politieslodz\u012bto atbr\u012bvo\u0161anai, sac\u012bja Kouls. Vi\u0146\u0161 ar\u012b teica, ka, palielinoties dialogam, abu valstu attiec\u012bbas virz\u0101s no &#8220;maziem so\u013ciem uz p\u0101rliecino\u0161\u0101kiem so\u013ciem&#8221;.<\/p>\n<p>Sarun\u0101s tika apspriesta ar\u012b Venecu\u0113la, k\u0101 ar\u012b Krievijas iebrukums Ukrain\u0101, zi\u0146oja &#8220;Belta&#8221;.<\/p>\n<p>Kouls \u017eurn\u0101listiem sac\u012bja, ka Luka\u0161enko devis &#8220;labus padomus&#8221;, k\u0101 risin\u0101t konfliktu, nor\u0101dot, ka Luka\u0161enko un Krievijas diktators Vladimirs Putins ir &#8220;ilggad\u0113ji draugi&#8221; ar &#8220;vajadz\u012bgo attiec\u012bbu l\u012bmeni, lai apspriestu \u0161\u0101dus jaut\u0101jumus&#8221;.<\/p>\n<p>&#8220;Protams, prezidents Putins var pie\u0146emt da\u017eus padomus, bet citus ne,&#8221; sac\u012bja Kouls.<\/p>\n","protected":false},"excerpt":{"rendered":"Piektdien un sestdien Koulam Minsk\u0101 bija sarunas ar Baltkrievijas diktatoru Aleksandru Luka\u0161enko. Kouls \u017eurn\u0101listiem divu dienu sarunas raksturoja&hellip;\n","protected":false},"author":2,"featured_media":73416,"comment_status":"","ping_status":"","sticky":false,"template":"","format":"standard","meta":{"footnotes":""},"categories":[14],"tags":[23,57,292,2416,28,29,32,33,22,30,31,35,39,38,36,37,34,40,20,26,27,511,24,25,54,55,56,21,58],"class_list":{"0":"post-73415","1":"post","2":"type-post","3":"status-publish","4":"format-standard","5":"has-post-thumbnail","7":"category-zinas-no-arvalstim","8":"tag-aktualitates","9":"tag-arvalstim","10":"tag-asv","11":"tag-baltkrievija","12":"tag-breaking-news","13":"tag-breakingnews","14":"tag-featured-news","15":"tag-featurednews","16":"tag-headlines","17":"tag-latest-news","18":"tag-latestnews","19":"tag-latvia","20":"tag-latvian","21":"tag-latviesu","22":"tag-latviesu-valoda","23":"tag-latviesuvaloda","24":"tag-latvija","25":"tag-lv","26":"tag-news","27":"tag-popularakas-zinas","28":"tag-popularakaszinas","29":"tag-sankcijas","30":"tag-top-stories","31":"tag-topstories","32":"tag-world","33":"tag-world-news","34":"tag-worldnews","35":"tag-zinas","36":"tag-zinas-no-arvalstim"},"share_on_mastodon":{"url":"https:\/\/pubeurope.com\/@lv\/115713103832028157","error":""},"_links":{"self":[{"href":"https:\/\/www.europesays.com\/lv\/wp-json\/wp\/v2\/posts\/73415","targetHints":{"allow":["GET"]}}],"collection":[{"href":"https:\/\/www.europesays.com\/lv\/wp-json\/wp\/v2\/posts"}],"about":[{"href":"https:\/\/www.europesays.com\/lv\/wp-json\/wp\/v2\/types\/post"}],"author":[{"embeddable":true,"href":"https:\/\/www.europesays.com\/lv\/wp-json\/wp\/v2\/users\/2"}],"replies":[{"embeddable":true,"href":"https:\/\/www.europesays.com\/lv\/wp-json\/wp\/v2\/comments?post=73415"}],"version-history":[{"count":0,"href":"https:\/\/www.europesays.com\/lv\/wp-json\/wp\/v2\/posts\/73415\/revisions"}],"wp:featuredmedia":[{"embeddable":true,"href":"https:\/\/www.europesays.com\/lv\/wp-json\/wp\/v2\/media\/73416"}],"wp:attachment":[{"href":"https:\/\/www.europesays.com\/lv\/wp-json\/wp\/v2\/media?parent=73415"}],"wp:term":[{"taxonomy":"category","embeddable":true,"href":"https:\/\/www.europesays.com\/lv\/wp-json\/wp\/v2\/categories?post=73415"},{"taxonomy":"post_tag","embeddable":true,"href":"https:\/\/www.europesays.com\/lv\/wp-json\/wp\/v2\/tags?post=73415"}],"curies":[{"name":"wp","href":"https:\/\/api.w.org\/{rel}","templated":true}]}}