{"id":73423,"date":"2025-12-13T16:10:08","date_gmt":"2025-12-13T16:10:08","guid":{"rendered":"https:\/\/www.europesays.com\/lv\/73423\/"},"modified":"2025-12-13T16:10:08","modified_gmt":"2025-12-13T16:10:08","slug":"lauksaimniecibai-nepieciesams-vairak-naudas-un-godigaks-atbalsts-lente-lv","status":"publish","type":"post","link":"https:\/\/www.europesays.com\/lv\/73423\/","title":{"rendered":"Lauksaimniec\u012bbai nepiecie\u0161ams vair\u0101k naudas un god\u012bg\u0101ks atbalsts\u00a0\u2014\u00a0Lente.lv"},"content":{"rendered":"<p>Lauksaimniec\u012bbas n\u0101kotne prasa gan vair\u0101k naudas, gan god\u012bg\u0101kus atbalsta nosac\u012bjumus<\/p>\n<p>Zemkop\u012bbas ministrs Armands Krauze, tiekoties ar Eiropas Parlamenta deput\u0101tiem Brisel\u0113 10. decembr\u012b, uzsv\u0113ra, ka konkur\u0113tsp\u0113j\u012bgai lauksaimniec\u012bbas n\u0101kotnei ir vit\u0101li nepiecie\u0161ams gan papildu finans\u0113jums, gan taisn\u012bgi atbalsta nosac\u012bjumi vis\u0101m Eiropas Savien\u012bbas dal\u012bbvalst\u012bm. Vi\u0146\u0161 nor\u0101d\u012bja uz b\u016btisk\u0101m nevienl\u012bdz\u012bb\u0101m, kas pieaug starp dal\u012bbvalst\u012bm, un uzsv\u0113ra, ka Latvija 2028. gad\u0101 sa\u0146ems atbalstu tikai 74% apm\u0113r\u0101 no ES vid\u0113j\u0101 r\u0101d\u012bt\u0101ja. Tas ir nepie\u0146emami, un ir j\u0101pan\u0101k, lai l\u012bdz 2028. gadam katra dal\u012bbvalsts sa\u0146emtu vismaz 90% no ES vid\u0113j\u0101 atbalsta uz hekt\u0101ru.<\/p>\n<p>KLP nepiln\u012bbas un izaicin\u0101jumi<\/p>\n<p>Diskusij\u0101 tika izceltas divas galven\u0101s probl\u0113mas Eiropas Komisijas (EK) pied\u0101v\u0101taj\u0101 turpm\u0101k\u0101s Kop\u0113j\u0101s lauksaimniec\u012bbas politikas (KLP) redakcij\u0101. Pirmk\u0101rt, pieaugo\u0161\u0101 nevienl\u012bdz\u012bba starp dal\u012bbvalst\u012bm tie\u0161o maks\u0101jumu zi\u0146\u0101. Otrk\u0101rt, tas, ka ES austrumu robe\u017eas valst\u012bm, kur\u0101m priorit\u0101te ir aizsardz\u012bba un dro\u0161\u012bba, b\u016bs ierobe\u017eotas iesp\u0113jas l\u012bdzfinans\u0113t KLP tikpat liel\u0101 m\u0113r\u0101 k\u0101 tur\u012bg\u0101kaj\u0101m dal\u012bbvalst\u012bm. Krauze uzsv\u0113ra, ka lauksaimniec\u012bba ir sare\u017e\u0123\u012bta nozare, kas atkar\u012bga ne tikai no politiskajiem l\u0113mumiem, bet ar\u012b no klimatiskiem apst\u0101k\u013ciem, un ir vit\u0101li svar\u012bga ikvienam pasaules iedz\u012bvot\u0101jam. T\u0101p\u0113c KLP ir j\u0101paliek k\u0101 atsevi\u0161\u0137ai, m\u0113r\u0137\u0113tai ES politikai ar atbilsto\u0161u finans\u0113jumu, nevis j\u0101iek\u013cauj cit\u0101s programm\u0101s vai kop\u0113jos fondos, kas mazin\u0101tu t\u0101s strat\u0113\u0123isko noz\u012bmi.<\/p>\n<p>Finans\u0113juma samazin\u0101jums un vides pras\u012bbas<\/p>\n<p>Ministrs ar\u012b pauda neapmierin\u0101t\u012bbu ar tendenci nep\u0101rtraukti samazin\u0101t finans\u0113jumu lauksaimniec\u012bbai, kas ir strat\u0113\u0123iski svar\u012bga joma. Tas notiek laik\u0101, kad lauksaimniekiem tiek izvirz\u012btas arvien augst\u0101kas vides un klimata pras\u012bbas. EK pl\u0101notais finans\u0113juma samazin\u0101jums Latvijai un cit\u0101m ES dal\u012bbvalst\u012bm n\u0101kamaj\u0101 pl\u0101no\u0161anas period\u0101 (2028.-2034. gad\u0101) ir iev\u0113rojams, apdraudot ne tikai nozaru att\u012bst\u012bbu, bet ar\u012b to iztur\u0113tsp\u0113ju un pat valsts dro\u0161\u012bbu.<\/p>\n<p>Eiropas Parlamenta skat\u012bjums un risin\u0101jumi<\/p>\n<p>Eiropas Parlamenta deput\u0101ti atbalsta nepiecie\u0161am\u012bbu p\u0113c liel\u0101ka atsevi\u0161\u0137a lauksaimniec\u012bbas bud\u017eeta, maz\u0101ka birokr\u0101tisk\u0101 sloga lauksaimniekiem un stimuliem vides un soci\u0101lo m\u0113r\u0137u sasnieg\u0161anai. Vi\u0146i v\u0113las saglab\u0101t KLP k\u0101 atsevi\u0161\u0137u politiku, iebilstot pret t\u0101s iek\u013cau\u0161anu citos fondos. Tiek uzsv\u0113rta nepiecie\u0161am\u012bba p\u0113c plat\u012bbatkar\u012bgiem tie\u0161ajiem maks\u0101jumiem visiem profesion\u0101lajiem lauksaimniekiem, k\u0101 ar\u012b atbalsts lauku att\u012bst\u012bbai neatkar\u012bgi no koh\u0113zijas politikas. Parlaments aicina ieviest uz stimuliem balst\u012btu sist\u0113mu, kas mudin\u0101tu lauksaimniekus sasniegt vides un soci\u0101los m\u0113r\u0137us, un uzsver, ka administrat\u012bv\u0101 sloga mazin\u0101\u0161anai j\u0101b\u016bt vienam no KLP pamatprincipiem. Lai gan liel\u0101k\u0101 da\u013ca ES lauksaimnieku ir vec\u0101ki par 55 gadiem, jaun\u0101s politikas m\u0113r\u0137is ir ar\u012b palielin\u0101t pievilc\u012bbu str\u0101d\u0101t lauksaimniec\u012bb\u0101, izmantojot nodok\u013cu un aizdevumu atvieglojumus.<\/p>\n<p>Latvijas perspekt\u012bva un turpm\u0101k\u0101 r\u012bc\u012bba<\/p>\n<p>Latvijas nost\u0101ja ir skaidra \u2013 netikt pie\u013cauta KLP iek\u013cau\u0161ana vienot\u0101 partner\u012bbas pl\u0101n\u0101 un fond\u0101, jo tas samazin\u0101s lauksaimniec\u012bbas un p\u0101rtikas ra\u017eo\u0161anas nozares strat\u0113\u0123isko noz\u012bmi un apdraud\u0113s iesp\u0113jas sniegt stabilu atbalstu lauksaimniekiem. T\u0101pat tiek uzsv\u0113rts, ka lauksaimniec\u012bbas politikas vienk\u0101r\u0161o\u0161ana ir kop\u012bgs ES m\u0113r\u0137is. Ir nepiecie\u0161ams nodro\u0161in\u0101t taisn\u012bgus konkurences apst\u0101k\u013cus visiem ES lauksaimniekiem, jo \u012bpa\u0161i \u0146emot v\u0113r\u0101 arvien pieaugo\u0161\u0101s vides un klimata pras\u012bbas. T\u0101d\u0113\u013c ir svar\u012bgi mekl\u0113t risin\u0101jumus, kas atbalst\u012btu gan lauksaimniecisko ra\u017eo\u0161anu un konkur\u0113tsp\u0113ju, gan nodro\u0161in\u0101tu p\u0101rtikas pa\u0161nodro\u0161in\u0101jumu k\u0101 vienu no ES strat\u0113\u0123iskajiem m\u0113r\u0137iem.<\/p>\n","protected":false},"excerpt":{"rendered":"Lauksaimniec\u012bbas n\u0101kotne prasa gan vair\u0101k naudas, gan god\u012bg\u0101kus atbalsta nosac\u012bjumus Zemkop\u012bbas ministrs Armands Krauze, tiekoties ar Eiropas Parlamenta&hellip;\n","protected":false},"author":2,"featured_media":73424,"comment_status":"","ping_status":"","sticky":false,"template":"","format":"standard","meta":{"footnotes":""},"categories":[5],"tags":[23,665,18672,28,29,18671,32,33,22,18506,30,31,35,39,38,36,37,34,7604,40,20,26,27,24,25,21],"class_list":{"0":"post-73423","1":"post","2":"type-post","3":"status-publish","4":"format-standard","5":"has-post-thumbnail","7":"category-aktualitates","8":"tag-aktualitates","9":"tag-armands-krauze","10":"tag-atbalsta-nosacijumi","11":"tag-breaking-news","12":"tag-breakingnews","13":"tag-es-finansejums","14":"tag-featured-news","15":"tag-featurednews","16":"tag-headlines","17":"tag-kopeja-lauksaimniecibas-politika","18":"tag-latest-news","19":"tag-latestnews","20":"tag-latvia","21":"tag-latvian","22":"tag-latviesu","23":"tag-latviesu-valoda","24":"tag-latviesuvaloda","25":"tag-latvija","26":"tag-lauksaimnieciba","27":"tag-lv","28":"tag-news","29":"tag-popularakas-zinas","30":"tag-popularakaszinas","31":"tag-top-stories","32":"tag-topstories","33":"tag-zinas"},"share_on_mastodon":{"url":"https:\/\/pubeurope.com\/@lv\/115713135367830257","error":""},"_links":{"self":[{"href":"https:\/\/www.europesays.com\/lv\/wp-json\/wp\/v2\/posts\/73423","targetHints":{"allow":["GET"]}}],"collection":[{"href":"https:\/\/www.europesays.com\/lv\/wp-json\/wp\/v2\/posts"}],"about":[{"href":"https:\/\/www.europesays.com\/lv\/wp-json\/wp\/v2\/types\/post"}],"author":[{"embeddable":true,"href":"https:\/\/www.europesays.com\/lv\/wp-json\/wp\/v2\/users\/2"}],"replies":[{"embeddable":true,"href":"https:\/\/www.europesays.com\/lv\/wp-json\/wp\/v2\/comments?post=73423"}],"version-history":[{"count":0,"href":"https:\/\/www.europesays.com\/lv\/wp-json\/wp\/v2\/posts\/73423\/revisions"}],"wp:featuredmedia":[{"embeddable":true,"href":"https:\/\/www.europesays.com\/lv\/wp-json\/wp\/v2\/media\/73424"}],"wp:attachment":[{"href":"https:\/\/www.europesays.com\/lv\/wp-json\/wp\/v2\/media?parent=73423"}],"wp:term":[{"taxonomy":"category","embeddable":true,"href":"https:\/\/www.europesays.com\/lv\/wp-json\/wp\/v2\/categories?post=73423"},{"taxonomy":"post_tag","embeddable":true,"href":"https:\/\/www.europesays.com\/lv\/wp-json\/wp\/v2\/tags?post=73423"}],"curies":[{"name":"wp","href":"https:\/\/api.w.org\/{rel}","templated":true}]}}