{"id":73431,"date":"2025-12-13T16:14:05","date_gmt":"2025-12-13T16:14:05","guid":{"rendered":"https:\/\/www.europesays.com\/lv\/73431\/"},"modified":"2025-12-13T16:14:05","modified_gmt":"2025-12-13T16:14:05","slug":"baltkrievija-atbrivojusi-123-politieslodzitos-starp-viniem-ari-opozicionare-marija-kolesnikova","status":"publish","type":"post","link":"https:\/\/www.europesays.com\/lv\/73431\/","title":{"rendered":"Baltkrievija atbr\u012bvojusi 123 politieslodz\u012btos &#8211; starp vi\u0146iem ar\u012b opozicion\u0101re Marija Ko\u013ces\u0146ikova"},"content":{"rendered":"<p>Cihanouska ar\u012b raksturoja Eiropas Savien\u012bbas sankcijas pret Baltkrievijas pota\u0161a miner\u0101lm\u0113sliem k\u0101 daudz s\u0101p\u012bg\u0101kas Minskai nek\u0101 ASV noteikt\u0101s sankcijas, sakot, ka, lai gan ASV sankciju atvieglo\u0161ana var\u0113tu veicin\u0101t politieslodz\u012bto atbr\u012bvo\u0161anu, Eiropas sankcij\u0101m vajadz\u0113tu virz\u012bt uz ilgtermi\u0146a, sist\u0113misk\u0101m izmai\u0146\u0101m Baltkrievij\u0101 un Krievijas kara Ukrain\u0101 izbeig\u0161anu.<\/p>\n","protected":false},"excerpt":{"rendered":"Cihanouska ar\u012b raksturoja Eiropas Savien\u012bbas sankcijas pret Baltkrievijas pota\u0161a miner\u0101lm\u0113sliem k\u0101 daudz s\u0101p\u012bg\u0101kas Minskai nek\u0101 ASV noteikt\u0101s sankcijas,&hellip;\n","protected":false},"author":2,"featured_media":73432,"comment_status":"","ping_status":"","sticky":false,"template":"","format":"standard","meta":{"footnotes":""},"categories":[14],"tags":[23,57,28,29,32,33,22,30,31,35,39,38,36,37,34,40,20,26,27,24,25,54,55,56,21,58],"class_list":{"0":"post-73431","1":"post","2":"type-post","3":"status-publish","4":"format-standard","5":"has-post-thumbnail","7":"category-zinas-no-arvalstim","8":"tag-aktualitates","9":"tag-arvalstim","10":"tag-breaking-news","11":"tag-breakingnews","12":"tag-featured-news","13":"tag-featurednews","14":"tag-headlines","15":"tag-latest-news","16":"tag-latestnews","17":"tag-latvia","18":"tag-latvian","19":"tag-latviesu","20":"tag-latviesu-valoda","21":"tag-latviesuvaloda","22":"tag-latvija","23":"tag-lv","24":"tag-news","25":"tag-popularakas-zinas","26":"tag-popularakaszinas","27":"tag-top-stories","28":"tag-topstories","29":"tag-world","30":"tag-world-news","31":"tag-worldnews","32":"tag-zinas","33":"tag-zinas-no-arvalstim"},"share_on_mastodon":{"url":"https:\/\/pubeurope.com\/@lv\/115713151250198999","error":""},"_links":{"self":[{"href":"https:\/\/www.europesays.com\/lv\/wp-json\/wp\/v2\/posts\/73431","targetHints":{"allow":["GET"]}}],"collection":[{"href":"https:\/\/www.europesays.com\/lv\/wp-json\/wp\/v2\/posts"}],"about":[{"href":"https:\/\/www.europesays.com\/lv\/wp-json\/wp\/v2\/types\/post"}],"author":[{"embeddable":true,"href":"https:\/\/www.europesays.com\/lv\/wp-json\/wp\/v2\/users\/2"}],"replies":[{"embeddable":true,"href":"https:\/\/www.europesays.com\/lv\/wp-json\/wp\/v2\/comments?post=73431"}],"version-history":[{"count":0,"href":"https:\/\/www.europesays.com\/lv\/wp-json\/wp\/v2\/posts\/73431\/revisions"}],"wp:featuredmedia":[{"embeddable":true,"href":"https:\/\/www.europesays.com\/lv\/wp-json\/wp\/v2\/media\/73432"}],"wp:attachment":[{"href":"https:\/\/www.europesays.com\/lv\/wp-json\/wp\/v2\/media?parent=73431"}],"wp:term":[{"taxonomy":"category","embeddable":true,"href":"https:\/\/www.europesays.com\/lv\/wp-json\/wp\/v2\/categories?post=73431"},{"taxonomy":"post_tag","embeddable":true,"href":"https:\/\/www.europesays.com\/lv\/wp-json\/wp\/v2\/tags?post=73431"}],"curies":[{"name":"wp","href":"https:\/\/api.w.org\/{rel}","templated":true}]}}