{"id":73453,"date":"2025-12-13T16:32:06","date_gmt":"2025-12-13T16:32:06","guid":{"rendered":"https:\/\/www.europesays.com\/lv\/73453\/"},"modified":"2025-12-13T16:32:06","modified_gmt":"2025-12-13T16:32:06","slug":"zelenskis-asi-nosoda-krievijas-masveida-uzbrukumus-ta-nav-izbeigsana-bet-iznicinasana-lente-lv","status":"publish","type":"post","link":"https:\/\/www.europesays.com\/lv\/73453\/","title":{"rendered":"Zelenskis asi nosoda Krievijas masveida uzbrukumus: &quot;T\u0101 nav izbeig\u0161ana, bet izn\u012bcin\u0101\u0161ana&quot; &#8211; Lente.lv"},"content":{"rendered":"<ol>\n<li><a href=\"https:\/\/news.google.com\/rss\/articles\/CBMixgFBVV95cUxOU3FYVTJXTEdZOVN2WGdxT3hUOHBKLVEzRDBhSVBLTGVIMFMxOVZOZjJtcDBOY1FuRVpqYldLQ200R0JMUTBBbURiVnpzTzJBLTJWRkJ4b2tMWTFLYkh3UFhzbUk4d1NRaUItRnRUNDAtY20zVnZTZ3h3MmZYNlNoQlpOeGF3ak9pZExHdE5yZk5wV3AyVTU2NWd1MGhiNFk2eHlPZGJsUHRraHJfSXQ5ZzNLOXhhYV8zUzdOWUFqMW9OY2ZCa3c?oc=5\" target=\"_blank\" rel=\"nofollow noopener\">Zelenskis asi nosoda Krievijas masveida uzbrukumus: &#8220;T\u0101 nav izbeig\u0161ana, bet izn\u012bcin\u0101\u0161ana&#8221;<\/a>&nbsp;&nbsp;Lente.lv<\/li>\n<li><a href=\"https:\/\/news.google.com\/rss\/articles\/CBMi3wFBVV95cUxPdjE2ZnRyREUxdXBFRjJ1a1ZoeDFpZG90WUFvUXp6QVJOcS1IdWVla3UzSkd3dkNwLXhpUVlFSTgxZUEwZDF2b2h5LVl5dmplVW5oWWlZQjdkcHRqMDM1bkVEVW9ZWndlUlNBRFl6bWktaFFrWU51dlcwVUJ5Q2RLeG1CMHdJYy1fR2pCcHluVGNTdWpLa1FFWS1ORTBlUXRObjJDR3lVLVEyU1FkUVRTZXVoc0J3Y2VJNzdFMFpOamJ0d3hYajRQTWI1dFdkX1dBMWVBeGZ4TDZIUEZHVVA0?oc=5\" target=\"_blank\" rel=\"nofollow noopener\">VIDEO: Okupanti Harkivas apgabal\u0101 turpina pastr\u0101d\u0101t kara noziegumus un r\u012bko dronu &#8220;sl\u0113p\u0146us&#8221; civiliedz\u012bvot\u0101jiem<\/a>&nbsp;&nbsp;Jauns.lv<\/li>\n<li><a href=\"https:\/\/news.google.com\/rss\/articles\/CBMie0FVX3lxTE1KZUduaDRrcldFVUdlZlVFV2x4R25aNUtZOW5JY1JzdUJ0dU5mOVBYUU8zd0JPeTJ3RVJQZ1ZudUV1Q2JZcmF1WXZHdXBHR3l3TjBIM0JYNVBMVG1rSE9xdHBvRkxyT05CanlCeTVjMGRwTnhTeXpHMTdZTQ?oc=5\" target=\"_blank\" rel=\"nofollow noopener\">Krievija uzbrukusi Ukrainai ar 80 droniem<\/a>&nbsp;&nbsp;Apollo.lv<\/li>\n<li><a href=\"https:\/\/news.google.com\/rss\/articles\/CBMiqgFBVV95cUxPRXBaZENfa3BUYnN2MUlHQ25sNlFZMkZvblpPankySnZFd0lKRHExdDlBZEdKS2JJd2Y0ZDJzSzhTWWFGQ2FIMUNsb1lsamdhMmVFTGJsU0ZBZ2wzQThNZnFpNHpuTVJObjYtVmRDeHFUUmR0Y290Z3ZMa3QyNHpROUxMMVA3cFg2enJnUHNtQ0ZSQk1wcVpZdDB4QnFGbDVpVWtmbExzVjl4UQ?oc=5\" target=\"_blank\" rel=\"nofollow noopener\">Zi\u0146as vieglaj\u0101 valod\u0101 7. decembr\u012b \/ Raksts<\/a>&nbsp;&nbsp;LSM<\/li>\n<li><a href=\"https:\/\/news.google.com\/rss\/articles\/CBMitwFBVV95cUxPUGVEUWhvbVJQUGVfSmk0c3BxVjk0bF85SjhVRWJyVE01TmliRkpmUE1aRWU2cjV5ZHpxWXZyM0hrcWQtSnJzVVdMbzk0OVVxZ0ZtQkVNc0xWekxkdkRlamp5dVdQYmZzdHd4N0ZiajhMTGtJMFEwN0cyOXJwYWczZkdaVXBJSEU4NERLdHpCTUdXQ0U5MFNob0VRMmxUME1ac3RNdnRqWHlpQ1JHQlFTd0E5Y184c28?oc=5\" target=\"_blank\" rel=\"nofollow noopener\">Dronu uzlidojums paraliz\u0113 Maskavas lidostas; agresorvalsts zi\u0146o par mas\u012bvu uzlidojumu<\/a>&nbsp;&nbsp;tv3.lv<\/li>\n<\/ol>\n","protected":false},"excerpt":{"rendered":"Zelenskis asi nosoda Krievijas masveida uzbrukumus: &#8220;T\u0101 nav izbeig\u0161ana, bet izn\u012bcin\u0101\u0161ana&#8221;&nbsp;&nbsp;Lente.lv VIDEO: Okupanti Harkivas apgabal\u0101 turpina pastr\u0101d\u0101t kara&hellip;\n","protected":false},"author":2,"featured_media":73454,"comment_status":"","ping_status":"","sticky":false,"template":"","format":"standard","meta":{"footnotes":""},"categories":[14],"tags":[23,57,28,29,75,32,33,22,234,30,31,35,39,38,36,37,34,40,20,26,27,18683,24,25,276,178,54,55,56,21,58],"class_list":{"0":"post-73453","1":"post","2":"type-post","3":"status-publish","4":"format-standard","5":"has-post-thumbnail","7":"category-zinas-no-arvalstim","8":"tag-aktualitates","9":"tag-arvalstim","10":"tag-breaking-news","11":"tag-breakingnews","12":"tag-droni","13":"tag-featured-news","14":"tag-featurednews","15":"tag-headlines","16":"tag-krievija","17":"tag-latest-news","18":"tag-latestnews","19":"tag-latvia","20":"tag-latvian","21":"tag-latviesu","22":"tag-latviesu-valoda","23":"tag-latviesuvaloda","24":"tag-latvija","25":"tag-lv","26":"tag-news","27":"tag-popularakas-zinas","28":"tag-popularakaszinas","29":"tag-rakesu-uzbrukumi","30":"tag-top-stories","31":"tag-topstories","32":"tag-ukraina","33":"tag-volodimirs-zelenskis","34":"tag-world","35":"tag-world-news","36":"tag-worldnews","37":"tag-zinas","38":"tag-zinas-no-arvalstim"},"share_on_mastodon":{"url":"https:\/\/pubeurope.com\/@lv\/115713221791864488","error":""},"_links":{"self":[{"href":"https:\/\/www.europesays.com\/lv\/wp-json\/wp\/v2\/posts\/73453","targetHints":{"allow":["GET"]}}],"collection":[{"href":"https:\/\/www.europesays.com\/lv\/wp-json\/wp\/v2\/posts"}],"about":[{"href":"https:\/\/www.europesays.com\/lv\/wp-json\/wp\/v2\/types\/post"}],"author":[{"embeddable":true,"href":"https:\/\/www.europesays.com\/lv\/wp-json\/wp\/v2\/users\/2"}],"replies":[{"embeddable":true,"href":"https:\/\/www.europesays.com\/lv\/wp-json\/wp\/v2\/comments?post=73453"}],"version-history":[{"count":0,"href":"https:\/\/www.europesays.com\/lv\/wp-json\/wp\/v2\/posts\/73453\/revisions"}],"wp:featuredmedia":[{"embeddable":true,"href":"https:\/\/www.europesays.com\/lv\/wp-json\/wp\/v2\/media\/73454"}],"wp:attachment":[{"href":"https:\/\/www.europesays.com\/lv\/wp-json\/wp\/v2\/media?parent=73453"}],"wp:term":[{"taxonomy":"category","embeddable":true,"href":"https:\/\/www.europesays.com\/lv\/wp-json\/wp\/v2\/categories?post=73453"},{"taxonomy":"post_tag","embeddable":true,"href":"https:\/\/www.europesays.com\/lv\/wp-json\/wp\/v2\/tags?post=73453"}],"curies":[{"name":"wp","href":"https:\/\/api.w.org\/{rel}","templated":true}]}}