{"id":73512,"date":"2025-12-13T18:07:33","date_gmt":"2025-12-13T18:07:33","guid":{"rendered":"https:\/\/www.europesays.com\/lv\/73512\/"},"modified":"2025-12-13T18:07:33","modified_gmt":"2025-12-13T18:07:33","slug":"par-cietsirdigu-izturesanos-pret-dzivniekiem-sodits-klaipedas-zoologiskais-darzs","status":"publish","type":"post","link":"https:\/\/www.europesays.com\/lv\/73512\/","title":{"rendered":"Par cietsird\u012bgu iztur\u0113\u0161anos pret dz\u012bvniekiem sod\u012bts Klaip\u0113das zoolo\u0123iskais d\u0101rzs"},"content":{"rendered":"<p>Klaip\u0113das apgabaltiesa pie\u0146\u0113musi nep\u0101rs\u016bdzamu l\u0113mumu, atz\u012bstot Klaip\u0113das zoolo\u0123isk\u0101 d\u0101rza darbinieku cietsird\u012bgu iztur\u0113\u0161anos pret t\u012b\u0123eru mazu\u013ciem un \u0161o dz\u012bvnieku nelikum\u012bgu demonstr\u0113\u0161anu, atsaucoties uz Lietuvas Vides ministriju, raksta &#8220;Delfi.lt&#8221;. <\/p>\n<p>Turkl\u0101t t\u012b\u0123er\u0113ni ir j\u0101tur kop\u0101 ar vec\u0101kiem, ta\u010du Klaip\u0113das zood\u0101rzs to nedar\u012bja un nepier\u0101d\u012bja nepiecie\u0161am\u012bbu priek\u0161laic\u012bgi atdal\u012bt mazu\u013cus no vec\u0101kiem. T\u0101d\u0113j\u0101di secin\u0101ts, ka pret dz\u012bvniekiem pie\u013cauta ne\u017e\u0113l\u012bga iztur\u0113\u0161an\u0101s un tie tur\u0113ti apst\u0101k\u013cos, kas neatbilda to sugai, vecumam, fiziolo\u0123ijai un uzved\u012bbai, un to tur\u0113\u0161ana nenodro\u0161in\u0101ja dz\u012bvnieku labtur\u012bbas pras\u012bbas. <\/p>\n<p class=\"m-0\">Seko &#8220;Delfi&#8221; ar\u012b  <a target=\"_blank\" href=\"https:\/\/www.instagram.com\/delfi.lv\/\" rel=\"nofollow noopener\">Instagram<\/a>  un <a target=\"_blank\" href=\"https:\/\/www.youtube.com\/channel\/UCw5foWtcJvAbUm64rv7jwUQ\" rel=\"nofollow noopener\">YouTube<\/a>  profil\u0101 \u2013 pievienojies, lai uzzin\u0101tu svar\u012bg\u0101ko un interesant\u0101ko pirmais!<\/p>\n<p>Publik\u0101cijas saturs vai t\u0101s jebk\u0101da apjoma da\u013ca ir aizsarg\u0101ts autorties\u012bbu objekts Autorties\u012bbu likuma izpratn\u0113, un t\u0101 izmanto\u0161ana bez izdev\u0113ja at\u013caujas ir aizliegta. Vair\u0101k lasi  <a target=\"_blank\" href=\"https:\/\/www.delfi.lv\/noteikumi#autortiesibas\" rel=\"nofollow noopener\">\u0161eit<\/a><script async src=\"\/\/www.instagram.com\/embed.js\"><\/script><\/p>\n","protected":false},"excerpt":{"rendered":"Klaip\u0113das apgabaltiesa pie\u0146\u0113musi nep\u0101rs\u016bdzamu l\u0113mumu, atz\u012bstot Klaip\u0113das zoolo\u0123isk\u0101 d\u0101rza darbinieku cietsird\u012bgu iztur\u0113\u0161anos pret t\u012b\u0123eru mazu\u013ciem un \u0161o dz\u012bvnieku&hellip;\n","protected":false},"author":2,"featured_media":73513,"comment_status":"","ping_status":"","sticky":false,"template":"","format":"standard","meta":{"footnotes":""},"categories":[5],"tags":[23,28,29,5807,32,33,22,30,31,35,39,38,36,37,34,40,20,26,27,24,25,21],"class_list":{"0":"post-73512","1":"post","2":"type-post","3":"status-publish","4":"format-standard","5":"has-post-thumbnail","7":"category-aktualitates","8":"tag-aktualitates","9":"tag-breaking-news","10":"tag-breakingnews","11":"tag-dzivnieki","12":"tag-featured-news","13":"tag-featurednews","14":"tag-headlines","15":"tag-latest-news","16":"tag-latestnews","17":"tag-latvia","18":"tag-latvian","19":"tag-latviesu","20":"tag-latviesu-valoda","21":"tag-latviesuvaloda","22":"tag-latvija","23":"tag-lv","24":"tag-news","25":"tag-popularakas-zinas","26":"tag-popularakaszinas","27":"tag-top-stories","28":"tag-topstories","29":"tag-zinas"},"share_on_mastodon":{"url":"https:\/\/pubeurope.com\/@lv\/115713595494500802","error":""},"_links":{"self":[{"href":"https:\/\/www.europesays.com\/lv\/wp-json\/wp\/v2\/posts\/73512","targetHints":{"allow":["GET"]}}],"collection":[{"href":"https:\/\/www.europesays.com\/lv\/wp-json\/wp\/v2\/posts"}],"about":[{"href":"https:\/\/www.europesays.com\/lv\/wp-json\/wp\/v2\/types\/post"}],"author":[{"embeddable":true,"href":"https:\/\/www.europesays.com\/lv\/wp-json\/wp\/v2\/users\/2"}],"replies":[{"embeddable":true,"href":"https:\/\/www.europesays.com\/lv\/wp-json\/wp\/v2\/comments?post=73512"}],"version-history":[{"count":0,"href":"https:\/\/www.europesays.com\/lv\/wp-json\/wp\/v2\/posts\/73512\/revisions"}],"wp:featuredmedia":[{"embeddable":true,"href":"https:\/\/www.europesays.com\/lv\/wp-json\/wp\/v2\/media\/73513"}],"wp:attachment":[{"href":"https:\/\/www.europesays.com\/lv\/wp-json\/wp\/v2\/media?parent=73512"}],"wp:term":[{"taxonomy":"category","embeddable":true,"href":"https:\/\/www.europesays.com\/lv\/wp-json\/wp\/v2\/categories?post=73512"},{"taxonomy":"post_tag","embeddable":true,"href":"https:\/\/www.europesays.com\/lv\/wp-json\/wp\/v2\/tags?post=73512"}],"curies":[{"name":"wp","href":"https:\/\/api.w.org\/{rel}","templated":true}]}}