{"id":73520,"date":"2025-12-13T18:11:09","date_gmt":"2025-12-13T18:11:09","guid":{"rendered":"https:\/\/www.europesays.com\/lv\/73520\/"},"modified":"2025-12-13T18:11:09","modified_gmt":"2025-12-13T18:11:09","slug":"turcijas-prezidents-melna-jura-nedrikst-klut-par-krievijas-un-ukrainas-konfrontacijas-zonu-1188-lv","status":"publish","type":"post","link":"https:\/\/www.europesays.com\/lv\/73520\/","title":{"rendered":"Turcijas prezidents: Meln\u0101 j\u016bra nedr\u012bkst k\u013c\u016bt par Krievijas un Ukrainas &quot;konfront\u0101cijas zonu&quot; &#8211; 1188.lv"},"content":{"rendered":"<ol>\n<li><a href=\"https:\/\/news.google.com\/rss\/articles\/CBMivwFBVV95cUxOUFNUay1ZS0hzMmFDVkhDNzAwUVl1cVlzTDJHdTZhRFZnRVBGVzN3UDNsc2QtTllXOE1udHpaNkhGNVdFNnpLbnpNdVYwdTM2VllDNzcwZV9JbjFQZzRSTzdmdHVON2puX3pxZFpNZXhvWGJUbU1yUUtKaVBPS0s3SUl0cmg3eHZ5TTBUNFA3ZjI5TlAtMUNKWkZ4RFJSek96WllkdEpyaEl3TmVUdl9iaHhPcVVuTVJ0SVBzN3NBdw?oc=5\" target=\"_blank\" rel=\"nofollow noopener\">Turcijas prezidents: Meln\u0101 j\u016bra nedr\u012bkst k\u013c\u016bt par Krievijas un Ukrainas &#8220;konfront\u0101cijas zonu&#8221;<\/a>&nbsp;&nbsp;1188.lv<\/li>\n<li><a href=\"https:\/\/news.google.com\/rss\/articles\/CBMivgFBVV95cUxNVnMtMGg4VzJCSE1VcUNKRWlUUHQtaE92YnVsbUNhSUtWNGJLZzBxeUxWXzhTUVkxY0JyblRaTHpuY1ZzbE9KZGFwLU1iTUQ3UTJZZThPRUp1aVE0X1RDLVRIcS12R01zNUZGWTJUX1QyOVlITGQ5WXJSTzlNS0R4aWtvWl83RFRVRlBMOTMtYTg0NW5MLThpVnhkMUtOXzR0S0QyalFzOFJJdlJZaHNNY1pLRTE3cG03NVV3NVB3?oc=5\" target=\"_blank\" rel=\"nofollow noopener\">Krievija \u012bstenojusi pla\u0161u uzbrukumu Odesai; pils\u0113t\u0101 p\u0101rtraukta siltuma, \u016bdens un elektroapg\u0101de<\/a>&nbsp;&nbsp;TVNET<\/li>\n<li><a href=\"https:\/\/news.google.com\/rss\/articles\/CBMif0FVX3lxTFBxYmJIbDlRVG5tM1hjQ2NzdDNib1poQ2JwclVycllUTTB3ZFN0QmdiYWJZRU50TmlBbm53Y2szUVR0MHRJajFKZGEycEZXSEFCQXEtRmZKMTdkTGRxaGJyX3lYcEMzNUZuaXROb1EwVFlLWU1GZWY1VEFzcjdzcTA?oc=5\" target=\"_blank\" rel=\"nofollow noopener\">Krievi Odesas apgabal\u0101 tr\u0101pa Turcijas pr\u0101mim<\/a>&nbsp;&nbsp;Apollo.lv<\/li>\n<li><a href=\"https:\/\/news.google.com\/rss\/articles\/CBMiuwFBVV95cUxOdDVNcmZCLUhnOGEyUkF5R3lKeXJLajZyVWFoQUtZTkFaWk1MNzc4QnhBZjVFUHdqOXZzekxtc2ZHSUVOajdNTk4xNkZuV3JvN0NvQkFESDJvMmpQTzFtcWt2Q3puZXBxQVVvMTFuTUNvVEU4ZHA4UFliWTBwYVNrSzV0d3RoeHZ5cWp3TEVwT2pMRWtDa1djZ09oOGw2Y1R4dW9pUkRXQk5Ed1RDWEY3QlZtTjFJQm5xakZv?oc=5\" target=\"_blank\" rel=\"nofollow noopener\">\u201cPutina kungs \u013coti labi zina.\u201d Erdogans izsaka br\u012bdin\u0101jumu Ukrainai un Krievijai<\/a>&nbsp;&nbsp;Inbox.lv<\/li>\n<li><a href=\"https:\/\/news.google.com\/rss\/articles\/CBMirgFBVV95cUxQN2kxZm9nY2JSdnBSSXkyTGs0TmlOVDlCM1k2b0xTaUpENExFRWY0WXZuSk1MNGZsd1FsQ1piR0I2QVRFVElFRzMtNHl3bzMtWVlENkpZd1M2aThaeUZuTDFoVE5fZDdSN0oweGJoR1NTRTl1R1hkTzJFU3NBb2tnZmR4UTJFYzNTYmlCbW5qZEctSk1ZNkhkMjlNQ04xVUJJeWpGemU3SXJyT2t2cXc?oc=5\" target=\"_blank\" rel=\"nofollow noopener\">VIDEO: Krievijas gaisa triecien\u0101 Odesas apgabal\u0101 boj\u0101ts Turcijas pr\u0101mis<\/a>&nbsp;&nbsp;Jauns.lv<\/li>\n<\/ol>\n","protected":false},"excerpt":{"rendered":"Turcijas prezidents: Meln\u0101 j\u016bra nedr\u012bkst k\u013c\u016bt par Krievijas un Ukrainas &#8220;konfront\u0101cijas zonu&#8221;&nbsp;&nbsp;1188.lv Krievija \u012bstenojusi pla\u0161u uzbrukumu Odesai; pils\u0113t\u0101&hellip;\n","protected":false},"author":2,"featured_media":73521,"comment_status":"","ping_status":"","sticky":false,"template":"","format":"standard","meta":{"footnotes":""},"categories":[14],"tags":[129,470,3260,2334,3204,23,57,28,29,32,33,22,30,31,35,39,38,36,37,34,40,20,26,27,471,2335,3205,3261,472,2336,3206,3262,24,25,54,55,56,21,58],"class_list":{"0":"post-73520","1":"post","2":"type-post","3":"status-publish","4":"format-standard","5":"has-post-thumbnail","7":"category-zinas-no-arvalstim","8":"tag-__typenameadvicekeyword","9":"tag-id532","10":"tag-id553","11":"tag-id554","12":"tag-id812","13":"tag-aktualitates","14":"tag-arvalstim","15":"tag-breaking-news","16":"tag-breakingnews","17":"tag-featured-news","18":"tag-featurednews","19":"tag-headlines","20":"tag-latest-news","21":"tag-latestnews","22":"tag-latvia","23":"tag-latvian","24":"tag-latviesu","25":"tag-latviesu-valoda","26":"tag-latviesuvaloda","27":"tag-latvija","28":"tag-lv","29":"tag-news","30":"tag-popularakas-zinas","31":"tag-popularakaszinas","32":"tag-slugkars-ukraina","33":"tag-slugkrievija","34":"tag-slugturcija","35":"tag-slugukraina","36":"tag-titlekars-ukraina","37":"tag-titlekrievija","38":"tag-titleturcija","39":"tag-titleukraina","40":"tag-top-stories","41":"tag-topstories","42":"tag-world","43":"tag-world-news","44":"tag-worldnews","45":"tag-zinas","46":"tag-zinas-no-arvalstim"},"share_on_mastodon":{"url":"","error":"Validation failed: Text character limit of 500 exceeded"},"_links":{"self":[{"href":"https:\/\/www.europesays.com\/lv\/wp-json\/wp\/v2\/posts\/73520","targetHints":{"allow":["GET"]}}],"collection":[{"href":"https:\/\/www.europesays.com\/lv\/wp-json\/wp\/v2\/posts"}],"about":[{"href":"https:\/\/www.europesays.com\/lv\/wp-json\/wp\/v2\/types\/post"}],"author":[{"embeddable":true,"href":"https:\/\/www.europesays.com\/lv\/wp-json\/wp\/v2\/users\/2"}],"replies":[{"embeddable":true,"href":"https:\/\/www.europesays.com\/lv\/wp-json\/wp\/v2\/comments?post=73520"}],"version-history":[{"count":0,"href":"https:\/\/www.europesays.com\/lv\/wp-json\/wp\/v2\/posts\/73520\/revisions"}],"wp:featuredmedia":[{"embeddable":true,"href":"https:\/\/www.europesays.com\/lv\/wp-json\/wp\/v2\/media\/73521"}],"wp:attachment":[{"href":"https:\/\/www.europesays.com\/lv\/wp-json\/wp\/v2\/media?parent=73520"}],"wp:term":[{"taxonomy":"category","embeddable":true,"href":"https:\/\/www.europesays.com\/lv\/wp-json\/wp\/v2\/categories?post=73520"},{"taxonomy":"post_tag","embeddable":true,"href":"https:\/\/www.europesays.com\/lv\/wp-json\/wp\/v2\/tags?post=73520"}],"curies":[{"name":"wp","href":"https:\/\/api.w.org\/{rel}","templated":true}]}}