{"id":73538,"date":"2025-12-13T18:23:12","date_gmt":"2025-12-13T18:23:12","guid":{"rendered":"https:\/\/www.europesays.com\/lv\/73538\/"},"modified":"2025-12-13T18:23:12","modified_gmt":"2025-12-13T18:23:12","slug":"foto-bils-klintons-donalds-tramps-vudijs-allens-demokratu-publicetie-foto-kas-atrasti-pedofila-epstina-ipasuma-liek-uzdot-jautajumus-jauns-lv","status":"publish","type":"post","link":"https:\/\/www.europesays.com\/lv\/73538\/","title":{"rendered":"FOTO: Bils Klintons, Donalds Tramps, Vudijs Allens &#8211; demokr\u0101tu public\u0113tie foto, kas atrasti pedofila Epst\u012bna \u012bpa\u0161um\u0101, liek uzdot jaut\u0101jumus &#8211; Jauns.lv"},"content":{"rendered":"<ol>\n<li><a href=\"https:\/\/news.google.com\/rss\/articles\/CBMigAJBVV95cUxPdEtPd3hWdGF6dkJsQmRHUnlhckktSzhaRWtndmlCeVJQMjlwMXJZbDVNZEZ6enpSNVpuSXRWTnRoUllLbEhjSmZQMVI2SDgxdmk0UkFVelFhUGpNN1FrZTBIcWlBN2x5NTVETDg2S2ZSaGxtUE5TM0ItZzZQYjdRSGFMdDIzMWdkYzc1TlZ2WHVicnZTSGpXaXFRVzFycTJteFNVZXYtZjEwZ2NkTGxnd1Z2NG05aGFZdEJYbUFpNFk1SWMxWGNMQUVpdEVRUjROamtndXQtUnRIR3NLQzZ5NkNqS1F6dHRFaWR6QzRaVW12SjF2SUFuMGJrQXdXNDF0?oc=5\" target=\"_blank\" rel=\"nofollow noopener\">FOTO: Bils Klintons, Donalds Tramps, Vudijs Allens &#8211; demokr\u0101tu public\u0113tie foto, kas atrasti pedofila Epst\u012bna \u012bpa\u0161um\u0101, liek uzdot jaut\u0101jumus<\/a>&nbsp;&nbsp;Jauns.lv<\/li>\n<li><a href=\"https:\/\/news.google.com\/rss\/articles\/CBMi1wFBVV95cUxPM2t1UWotalF0dktabWFBQ3Q4dDlRd016MmYyOVFMYmo1ZV9DRmNtWmFmRzY3ZG5zRU15X2hkTlBBWWxzSXB1Q0xNc0xYLTB4eUltbXN0S0lLTkxsR1VaRHQxQy1kUm9EY1NHcUhacGdzUjV1NUhTaEo4d1J2bHJFNzVweDUzeEkyRGY4cWxCV3Rmc09WalVKNnZvdnJNYXBVSDFBODRoVVNFNTg4dWxvWEpITWt4ODFCb2tzdFltVGdyY28wSVg3VVFuWGxUcl9TSEZLNkQtcw?oc=5\" target=\"_blank\" rel=\"nofollow noopener\">Foto: Vudijs Alens, Ri\u010dards Brensons, Klintons un citi \u2013 public\u0113ti jauni Epst\u012bna lietas dokumenti<\/a>&nbsp;&nbsp;Delfi<\/li>\n<li><a href=\"https:\/\/news.google.com\/rss\/articles\/CBMizwFBVV95cUxQQmVXVjdmS0ppTFJBUEUwckJpcWZ6dUItNDdkOFZRN2t1c0hWXzkzb0Y1a3FPeFZXcDMyeTZyQ2VaQ0ZxYmtHZ1A4RUJEdTlPeFBleGQtMmZrRUh5LVBtZlgyQno0czc3bmFYOXdHRUpwc3dLLWh3N1gxUktDUUNENEh4aFd1UmUzV1A2ZjltOGJFWGZUNE0zZ0NZbDVBTURya2dIRXNDVU1HdEc2QUgwQzRXbVJVVElQVWxTOEl1VWtPcFB3RFpIOWNUd2g3ZWs?oc=5\" target=\"_blank\" rel=\"nofollow noopener\">FOTO Public\u0113tas jaunas fotogr\u0101fijas Epst\u012bna liet\u0101, kur\u0101s redzams Tramps, Klintons un citi paz\u012bstami cilv\u0113ki<\/a>&nbsp;&nbsp;TVNET<\/li>\n<li><a href=\"https:\/\/news.google.com\/rss\/articles\/CBMiswFBVV95cUxQYXhhOFRWRnBXbEt6R3JDQm0ySGxKUmwycDNJT0I0UUNwdUhXY2k2WlZrNUV2Q3phZlBMUDZOY2g0RU9USlRSVWk5TDZLQktfQlFYckhMTmk2MVY0UjFtUUxPQm82OGZ6U3NrRVdqN2pZQ3BWODcxTW1ZVmFCamd2VGVpMVYybFQ4dmtfSVBwMzhpeGdNYi1fRmtmRWJkWElaZ0RUTTl5UEZnSFc2Y2N1X0E1VQ?oc=5\" target=\"_blank\" rel=\"nofollow noopener\">\u201cVi\u0146am ir fotogr\u0101fijas ar visiem!\u201d Tramps koment\u0113 jaun\u0101kos Epst\u012bna lietas materi\u0101lus<\/a>&nbsp;&nbsp;tv3.lv<\/li>\n<li><a href=\"https:\/\/news.google.com\/rss\/articles\/CBMi2wFBVV95cUxQNFZ4RmRVRzM2Y0QzUG5OMGQwUEhtWk5ROURPblZ1SWQ0WE90WXRFTkNFcGpHb2ZQTVdLOGdldVppZ3o4WFg4cGNCRWNQMWJuUzMxUmtnMHNuY3BCVHZnR29vTVJOREk2aU9ZbXptTmt2bkoweU8tMTAwdlpfVDg4NDNJbGtaeVVudC1lVllWMHd2OUtPbDI0S2Fzb19Ldk53OWxOTzRxZmg5dEFPdmNjZHA2NGhoYXowbjEzSmZPY2pUU2YzQnU1V0FxWHRhMHExUDRXR3pqMkExZ2c?oc=5\" target=\"_blank\" rel=\"nofollow noopener\">Demokr\u0101ti publisko Ep\u0161teina fotogr\u0101fijas: Tramps, Klintons un citi augsta l\u012bme\u0146a cilv\u0113ki zem mikroskopa<\/a>&nbsp;&nbsp;Lente.lv<\/li>\n<\/ol>\n","protected":false},"excerpt":{"rendered":"FOTO: Bils Klintons, Donalds Tramps, Vudijs Allens &#8211; demokr\u0101tu public\u0113tie foto, kas atrasti pedofila Epst\u012bna \u012bpa\u0161um\u0101, liek uzdot&hellip;\n","protected":false},"author":2,"featured_media":73333,"comment_status":"","ping_status":"","sticky":false,"template":"","format":"standard","meta":{"footnotes":""},"categories":[14],"tags":[23,57,28,29,32,33,22,30,31,35,39,38,36,37,34,40,20,26,27,24,25,54,55,56,21,58],"class_list":{"0":"post-73538","1":"post","2":"type-post","3":"status-publish","4":"format-standard","5":"has-post-thumbnail","7":"category-zinas-no-arvalstim","8":"tag-aktualitates","9":"tag-arvalstim","10":"tag-breaking-news","11":"tag-breakingnews","12":"tag-featured-news","13":"tag-featurednews","14":"tag-headlines","15":"tag-latest-news","16":"tag-latestnews","17":"tag-latvia","18":"tag-latvian","19":"tag-latviesu","20":"tag-latviesu-valoda","21":"tag-latviesuvaloda","22":"tag-latvija","23":"tag-lv","24":"tag-news","25":"tag-popularakas-zinas","26":"tag-popularakaszinas","27":"tag-top-stories","28":"tag-topstories","29":"tag-world","30":"tag-world-news","31":"tag-worldnews","32":"tag-zinas","33":"tag-zinas-no-arvalstim"},"share_on_mastodon":{"url":"https:\/\/pubeurope.com\/@lv\/115713658339142174","error":""},"_links":{"self":[{"href":"https:\/\/www.europesays.com\/lv\/wp-json\/wp\/v2\/posts\/73538","targetHints":{"allow":["GET"]}}],"collection":[{"href":"https:\/\/www.europesays.com\/lv\/wp-json\/wp\/v2\/posts"}],"about":[{"href":"https:\/\/www.europesays.com\/lv\/wp-json\/wp\/v2\/types\/post"}],"author":[{"embeddable":true,"href":"https:\/\/www.europesays.com\/lv\/wp-json\/wp\/v2\/users\/2"}],"replies":[{"embeddable":true,"href":"https:\/\/www.europesays.com\/lv\/wp-json\/wp\/v2\/comments?post=73538"}],"version-history":[{"count":0,"href":"https:\/\/www.europesays.com\/lv\/wp-json\/wp\/v2\/posts\/73538\/revisions"}],"wp:featuredmedia":[{"embeddable":true,"href":"https:\/\/www.europesays.com\/lv\/wp-json\/wp\/v2\/media\/73333"}],"wp:attachment":[{"href":"https:\/\/www.europesays.com\/lv\/wp-json\/wp\/v2\/media?parent=73538"}],"wp:term":[{"taxonomy":"category","embeddable":true,"href":"https:\/\/www.europesays.com\/lv\/wp-json\/wp\/v2\/categories?post=73538"},{"taxonomy":"post_tag","embeddable":true,"href":"https:\/\/www.europesays.com\/lv\/wp-json\/wp\/v2\/tags?post=73538"}],"curies":[{"name":"wp","href":"https:\/\/api.w.org\/{rel}","templated":true}]}}