{"id":73549,"date":"2025-12-13T18:32:12","date_gmt":"2025-12-13T18:32:12","guid":{"rendered":"https:\/\/www.europesays.com\/lv\/73549\/"},"modified":"2025-12-13T18:32:12","modified_gmt":"2025-12-13T18:32:12","slug":"nacionala-apvieniba-pazino-savu-premjera-kandidatu-nakama-gada-velesanas","status":"publish","type":"post","link":"https:\/\/www.europesays.com\/lv\/73549\/","title":{"rendered":"Nacion\u0101l\u0101 apvien\u012bba pazi\u0146o savu premjera kandid\u0101tu n\u0101kam\u0101 gada v\u0113l\u0113\u0161an\u0101s"},"content":{"rendered":"<p>\u0160is ir jau otrais Nacion\u0101l\u0101s apvien\u012bbas kongress p\u0113c k\u0101rtas, kur\u0101 partija atskat\u0101s uz aizvad\u012bto gadu, b\u016bdama opoz\u012bcij\u0101. T\u0101d\u0113\u013c, ieturot \u0161o lomu, no partijas izskan\u0113ja ar\u012b kritika par eso\u0161\u0101s koal\u012bcijas darbu.<\/p>\n<blockquote class=\"skaties-quote\">\n<p>J\u0101nis Dombrava<\/p>\n<p>Saeimas deput\u0101ts, \u201cNacion\u0101l\u0101 apvien\u012bba\u201d<\/p>\n<p>Uz amatiem ir j\u0101virza tie, kuri ir galvas tiesu p\u0101r\u0101ki par tiem, ko \u0161odien amatos ir salikusi \u201cVienot\u012bba\u201d, \u201cProgres\u012bvie\u201d un citi, kas ir noved\u012bs pie t\u0101, ka aizsardz\u012bbas ministrs sav\u0101s priorit\u0101t\u0113s diskut\u0113 par sievie\u0161u apak\u0161ve\u013cu, savuk\u0101rt iek\u0161lietu ministrs ir nogul\u0113jis jaut\u0101jumu par migr\u0101cijas paktu, k\u0101 rezult\u0101t\u0101 Latvijai \u0161obr\u012bd ir j\u0101uz\u0146em daudzus imigrantus.<\/p>\n<\/blockquote>\n<p>Politisk\u0101 sp\u0113ka vad\u012bt\u0101ja Ilze Indriksone uzsv\u0113ra virkni darbu, ko Nacion\u0101l\u0101 apvien\u012bba paveikusi gan parlament\u0101, iesniedzot da\u017e\u0101das iniciat\u012bvas valsts valodas stiprin\u0101\u0161anas un dro\u0161\u012bbas jom\u0101, gan ar\u012b apsveicot partijas biedrus ar veiksm\u012bgi aizvad\u012btaj\u0101m pa\u0161vald\u012bbu v\u0113l\u0113\u0161an\u0101m.<\/p>\n<ul>\n<li id=\"skaties-gallery-thumbnail-1\" style=\"background-image: url(https:\/\/tv3cdn.lv\/thumbnails\/650x415\/2025\/12\/9300-693d923099e35-scaled.jpg)\" data-attachment-id=\"3698300\" data-small-file=\"https:\/\/tv3cdn.lv\/thumbnails\/70x70\/2025\/12\/9300-693d923099e35-scaled.jpg\" data-medium-file=\"https:\/\/tv3cdn.lv\/thumbnails\/1920x1920x1\/2025\/12\/9300-693d923099e35-scaled.jpg\" data-description=\"\" data-copyright=\"\u00a9 Evija Trifanova, LETA\" data-><a href=\"https:\/\/tv3cdn.lv\/2025\/12\/9300-693d923099e35-scaled.jpg\" rel=\"nofollow noopener\" target=\"_blank\">\n<p>            <img loading=\"lazy\" decoding=\"async\" width=\"70\" height=\"70\" alt=\"\" title=\"\"  data- class=\"thumbnail lazyload blurred\"\/><\/p>\n<p>        <\/a>\u00a9 Evija Trifanova, LETA<a href=\"#foto-1\"> 11 att\u0113li Skat\u012bt galeriju<\/a><\/li>\n<li id=\"skaties-gallery-thumbnail-2\" style=\"background-image: url(https:\/\/tv3cdn.lv\/thumbnails\/650x415\/2025\/12\/0c01-693d923c6a481-scaled.jpg)\" data-attachment-id=\"3698301\" data-small-file=\"https:\/\/tv3cdn.lv\/thumbnails\/70x70\/2025\/12\/0c01-693d923c6a481-scaled.jpg\" data-medium-file=\"https:\/\/tv3cdn.lv\/thumbnails\/1920x1920x1\/2025\/12\/0c01-693d923c6a481-scaled.jpg\" data-description=\"\" data-copyright=\"\u00a9 Evija Trifanova, LETA\" data-><a href=\"https:\/\/tv3cdn.lv\/2025\/12\/0c01-693d923c6a481-scaled.jpg\" rel=\"nofollow noopener\" target=\"_blank\">\n<p>            <img loading=\"lazy\" decoding=\"async\" width=\"70\" height=\"70\" alt=\"\" title=\"\"  data- class=\"thumbnail lazyload blurred\"\/><\/p>\n<p>        <\/a>\u00a9 Evija Trifanova, LETA<\/li>\n<li id=\"skaties-gallery-thumbnail-3\" style=\"background-image: url(https:\/\/tv3cdn.lv\/thumbnails\/650x415\/2025\/12\/b1f3-693d924af41af-scaled.jpg)\" data-attachment-id=\"3698302\" data-small-file=\"https:\/\/tv3cdn.lv\/thumbnails\/70x70\/2025\/12\/b1f3-693d924af41af-scaled.jpg\" data-medium-file=\"https:\/\/tv3cdn.lv\/thumbnails\/1920x1920x1\/2025\/12\/b1f3-693d924af41af-scaled.jpg\" data-description=\"\" data-copyright=\"\u00a9 Evija Trifanova, LETA\" data-><a href=\"https:\/\/tv3cdn.lv\/2025\/12\/b1f3-693d924af41af-scaled.jpg\" rel=\"nofollow noopener\" target=\"_blank\">\n<p>            <img loading=\"lazy\" decoding=\"async\" width=\"70\" height=\"70\" alt=\"\" title=\"\"  data- class=\"thumbnail lazyload blurred\"\/><\/p>\n<p>        <\/a>\u00a9 Evija Trifanova, LETA<\/li>\n<li id=\"skaties-gallery-thumbnail-4\" style=\"background-image: url(https:\/\/tv3cdn.lv\/thumbnails\/650x415\/2025\/12\/0a34-693d9253caf38-scaled.jpg)\" data-attachment-id=\"3698303\" data-small-file=\"https:\/\/tv3cdn.lv\/thumbnails\/70x70\/2025\/12\/0a34-693d9253caf38-scaled.jpg\" data-medium-file=\"https:\/\/tv3cdn.lv\/thumbnails\/1920x1920x1\/2025\/12\/0a34-693d9253caf38-scaled.jpg\" data-description=\"\" data-copyright=\"\u00a9 Evija Trifanova, LETA\" data-><a href=\"https:\/\/tv3cdn.lv\/2025\/12\/0a34-693d9253caf38-scaled.jpg\" rel=\"nofollow noopener\" target=\"_blank\">\n<p>            <img loading=\"lazy\" decoding=\"async\" width=\"70\" height=\"70\" alt=\"\" title=\"\"  data- class=\"thumbnail lazyload blurred\"\/><\/p>\n<p>        <\/a>\u00a9 Evija Trifanova, LETA<\/li>\n<li id=\"skaties-gallery-thumbnail-5\" style=\"background-image: url(https:\/\/tv3cdn.lv\/thumbnails\/650x415\/2025\/12\/68ed-693d925a91e49-scaled.jpg)\" data-attachment-id=\"3698304\" data-small-file=\"https:\/\/tv3cdn.lv\/thumbnails\/70x70\/2025\/12\/68ed-693d925a91e49-scaled.jpg\" data-medium-file=\"https:\/\/tv3cdn.lv\/thumbnails\/1920x1920x1\/2025\/12\/68ed-693d925a91e49-scaled.jpg\" data-description=\"\" data-copyright=\"\u00a9 Evija Trifanova, LETA\" data-><a href=\"https:\/\/tv3cdn.lv\/2025\/12\/68ed-693d925a91e49-scaled.jpg\" rel=\"nofollow noopener\" target=\"_blank\">\n<p>            <img loading=\"lazy\" decoding=\"async\" width=\"70\" height=\"70\" alt=\"\" title=\"\"  data- class=\"thumbnail lazyload blurred\"\/><\/p>\n<p>        <\/a>\u00a9 Evija Trifanova, LETA<\/li>\n<li id=\"skaties-gallery-thumbnail-6\" style=\"background-image: url(https:\/\/tv3cdn.lv\/thumbnails\/650x415\/2025\/12\/1e15-693d9260987e5-scaled.jpg)\" data-attachment-id=\"3698305\" data-small-file=\"https:\/\/tv3cdn.lv\/thumbnails\/70x70\/2025\/12\/1e15-693d9260987e5-scaled.jpg\" data-medium-file=\"https:\/\/tv3cdn.lv\/thumbnails\/1920x1920x1\/2025\/12\/1e15-693d9260987e5-scaled.jpg\" data-description=\"\" data-copyright=\"\u00a9 Evija Trifanova, LETA\" data-><a href=\"https:\/\/tv3cdn.lv\/2025\/12\/1e15-693d9260987e5-scaled.jpg\" rel=\"nofollow noopener\" target=\"_blank\">\n<p>            <img loading=\"lazy\" decoding=\"async\" width=\"70\" height=\"70\" alt=\"\" title=\"\"  data- class=\"thumbnail lazyload blurred\"\/><\/p>\n<p>        <\/a>\u00a9 Evija Trifanova, LETA<\/li>\n<li id=\"skaties-gallery-thumbnail-7\" style=\"background-image: url(https:\/\/tv3cdn.lv\/thumbnails\/650x415\/2025\/12\/4602-693d92679d1d7-scaled.jpg)\" data-attachment-id=\"3698306\" data-small-file=\"https:\/\/tv3cdn.lv\/thumbnails\/70x70\/2025\/12\/4602-693d92679d1d7-scaled.jpg\" data-medium-file=\"https:\/\/tv3cdn.lv\/thumbnails\/1920x1920x1\/2025\/12\/4602-693d92679d1d7-scaled.jpg\" data-description=\"\" data-copyright=\"\u00a9 Evija Trifanova, LETA\" data-><a href=\"https:\/\/tv3cdn.lv\/2025\/12\/4602-693d92679d1d7-scaled.jpg\" rel=\"nofollow noopener\" target=\"_blank\">\n<p>            <img loading=\"lazy\" decoding=\"async\" width=\"70\" height=\"70\" alt=\"\" title=\"\"  data- class=\"thumbnail lazyload blurred\"\/><\/p>\n<p>        <\/a>\u00a9 Evija Trifanova, LETA<\/li>\n<li id=\"skaties-gallery-thumbnail-8\" style=\"background-image: url(https:\/\/tv3cdn.lv\/thumbnails\/650x415\/2025\/12\/9426-693d926dd65da-scaled.jpg)\" data-attachment-id=\"3698307\" data-small-file=\"https:\/\/tv3cdn.lv\/thumbnails\/70x70\/2025\/12\/9426-693d926dd65da-scaled.jpg\" data-medium-file=\"https:\/\/tv3cdn.lv\/thumbnails\/1920x1920x1\/2025\/12\/9426-693d926dd65da-scaled.jpg\" data-description=\"\" data-copyright=\"\u00a9 Evija Trifanova, LETA\" data-\/>\n<li id=\"skaties-gallery-thumbnail-9\" style=\"background-image: url(https:\/\/tv3cdn.lv\/thumbnails\/650x415\/2025\/12\/73d3-693d9273ad52e-scaled.jpg)\" data-attachment-id=\"3698308\" data-small-file=\"https:\/\/tv3cdn.lv\/thumbnails\/70x70\/2025\/12\/73d3-693d9273ad52e-scaled.jpg\" data-medium-file=\"https:\/\/tv3cdn.lv\/thumbnails\/1920x1920x1\/2025\/12\/73d3-693d9273ad52e-scaled.jpg\" data-description=\"\" data-copyright=\"\u00a9 Evija Trifanova, LETA\" data-\/>\n<li id=\"skaties-gallery-thumbnail-10\" style=\"background-image: url(https:\/\/tv3cdn.lv\/thumbnails\/650x415\/2025\/12\/cae9-693d927ca0b8c-scaled.jpg)\" data-attachment-id=\"3698309\" data-small-file=\"https:\/\/tv3cdn.lv\/thumbnails\/70x70\/2025\/12\/cae9-693d927ca0b8c-scaled.jpg\" data-medium-file=\"https:\/\/tv3cdn.lv\/thumbnails\/1920x1920x1\/2025\/12\/cae9-693d927ca0b8c-scaled.jpg\" data-description=\"\" data-copyright=\"\u00a9 Evija Trifanova, LETA\" data-\/>\n<li id=\"skaties-gallery-thumbnail-11\" style=\"background-image: url(https:\/\/tv3cdn.lv\/thumbnails\/650x415\/2025\/12\/1cfa-693d9289cb744-scaled.jpg)\" data-attachment-id=\"3698310\" data-small-file=\"https:\/\/tv3cdn.lv\/thumbnails\/70x70\/2025\/12\/1cfa-693d9289cb744-scaled.jpg\" data-medium-file=\"https:\/\/tv3cdn.lv\/thumbnails\/1920x1920x1\/2025\/12\/1cfa-693d9289cb744-scaled.jpg\" data-description=\"\" data-copyright=\"\u00a9 Evija Trifanova, LETA\" data-\/><\/ul>\n<p>\u201cTurpin\u0101sim str\u0101d\u0101t drosm\u012bgi, ar jaudu un noteikti ar tikpat lielu ener\u0123iju, k\u0101 pa\u0161vald\u012bbu v\u0113l\u0113\u0161anu gad\u0101, t\u0101 ar\u012b dosimies uz Saeimas v\u0113l\u0113\u0161an\u0101m,\u201d teica Indriksone.<\/p>\n<p class=\"ad-desc ad-desc-main\">Saturs turpin\u0101s p\u0113c rekl\u0101mas<\/p>\n<p class=\"ad-desc ad-desc-sec\">Rekl\u0101ma<\/p>\n<p>Gatavojoties n\u0101kamgad gaid\u0101maj\u0101m Saeimas v\u0113l\u0113\u0161an\u0101m, kongresa dal\u012bbnieki tika iepaz\u012bstin\u0101ti ar programmas galvenajiem punktiem. Partija \u012bpa\u0161u uzman\u012bbu velt\u012bs \u010detriem virzieniem \u2013 latviskai Latvijai, augo\u0161ai Latvijai, Latvijai, kur\u0101 aug b\u0113rni, un dro\u0161ai Latvijai.<\/p>\n<blockquote class=\"skaties-quote\">\n<p>Raivis Dzintars<\/p>\n<p>Nacion\u0101l\u0101s apvien\u012bbas Saeimas frakcijas priek\u0161s\u0113d\u0113t\u0101js<\/p>\n<p>\u0160ajos neskaidrajos apst\u0101k\u013cos skaidrs, manupr\u0101t, ir tas, ka Nacion\u0101l\u0101s apvien\u012bbas non\u0101k\u0161ana pie varas \u2013 vair\u0101k k\u0101 jebkad \u2013 ir Latvijas strat\u0113\u0123isko intere\u0161u jaut\u0101jums. \u0160is ir br\u012bdis, kad Nacion\u0101lajai apvien\u012bbai ir dro\u0161i j\u0101iet ne tikai uz atra\u0161anos valdo\u0161aj\u0101 koal\u012bcij\u0101, bet uz t\u0101s vad\u012b\u0161anu.<\/p>\n<\/blockquote>\n<p>Un partija izvirz\u012bja ar\u012b savu premjera amata kandid\u0101tu \u2013 t\u0101 b\u016bs politisk\u0101 sp\u0113ka vad\u012bt\u0101ja Ilze Indriksone. \u201cM\u016bsu m\u0113r\u0137is ir vad\u012bt n\u0101kamo vald\u012bbu, jo \u0161is tie\u0161\u0101m ir t\u0101ds, ka tas tie\u0161\u0101m b\u016btu lab\u0101kaj\u0101s Latvijas interes\u0113s. \u0160obr\u012bd ir situ\u0101cija t\u0101da, ka m\u0113s redzam ne tikai iesp\u0113ju, bet ar\u012b pien\u0101kumu to dar\u012bt, jo, lai Latvija ilgtermi\u0146\u0101 sp\u0113tu izdz\u012bvot, att\u012bst\u012bties un plaukt, pamatos ir j\u0101liek t\u0101s v\u0113rt\u012bbas, kas ir Nacion\u0101l\u0101s apvien\u012bbas v\u0113rt\u012bbas,\u201d teica Indriksone.<\/p>\n<p>Nacion\u0101l\u0101 apvien\u012bba uzskata, ka t\u0101s tuv\u0101kais partneris ir \u201cApvienotais saraksts\u201d. Ta\u010du, ja tai tiktu dota iesp\u0113ja vad\u012bt vald\u012bbu, partija b\u016btu gatava str\u0101d\u0101t ar\u012b ar cit\u0101m partij\u0101m, kur\u0101m svar\u012bgi ir ne tikai dro\u0161\u012bbas, bet ar\u012b nacion\u0101lo v\u0113rt\u012bbu jaut\u0101jumi.<\/p>\n<p class=\"tv3-fw-500\">Zi\u0146o par k\u013c\u016bdu rakst\u0101<\/p>\n<p class=\"d-md-block d-none\">Iez\u012bm\u0113 k\u013c\u016bdaino tekstu un spied Ctrl+Enter.<\/p>\n<p class=\"d-md-none d-block\">Iez\u012bm\u0113 k\u013c\u016bdaino tekstu un zi\u0146o par to!<\/p>\n","protected":false},"excerpt":{"rendered":"\u0160is ir jau otrais Nacion\u0101l\u0101s apvien\u012bbas kongress p\u0113c k\u0101rtas, kur\u0101 partija atskat\u0101s uz aizvad\u012bto gadu, b\u016bdama opoz\u012bcij\u0101. T\u0101d\u0113\u013c,&hellip;\n","protected":false},"author":2,"featured_media":73550,"comment_status":"","ping_status":"","sticky":false,"template":"","format":"standard","meta":{"footnotes":""},"categories":[12],"tags":[23,28,29,32,33,22,18704,30,31,35,39,38,36,37,34,40,20,26,27,24,25,21],"class_list":{"0":"post-73549","1":"post","2":"type-post","3":"status-publish","4":"format-standard","5":"has-post-thumbnail","7":"category-latvija","8":"tag-aktualitates","9":"tag-breaking-news","10":"tag-breakingnews","11":"tag-featured-news","12":"tag-featurednews","13":"tag-headlines","14":"tag-ilze-indriksonenacionala-apvieniba","15":"tag-latest-news","16":"tag-latestnews","17":"tag-latvia","18":"tag-latvian","19":"tag-latviesu","20":"tag-latviesu-valoda","21":"tag-latviesuvaloda","22":"tag-latvija","23":"tag-lv","24":"tag-news","25":"tag-popularakas-zinas","26":"tag-popularakaszinas","27":"tag-top-stories","28":"tag-topstories","29":"tag-zinas"},"share_on_mastodon":{"url":"https:\/\/pubeurope.com\/@lv\/115713693720198980","error":""},"_links":{"self":[{"href":"https:\/\/www.europesays.com\/lv\/wp-json\/wp\/v2\/posts\/73549","targetHints":{"allow":["GET"]}}],"collection":[{"href":"https:\/\/www.europesays.com\/lv\/wp-json\/wp\/v2\/posts"}],"about":[{"href":"https:\/\/www.europesays.com\/lv\/wp-json\/wp\/v2\/types\/post"}],"author":[{"embeddable":true,"href":"https:\/\/www.europesays.com\/lv\/wp-json\/wp\/v2\/users\/2"}],"replies":[{"embeddable":true,"href":"https:\/\/www.europesays.com\/lv\/wp-json\/wp\/v2\/comments?post=73549"}],"version-history":[{"count":0,"href":"https:\/\/www.europesays.com\/lv\/wp-json\/wp\/v2\/posts\/73549\/revisions"}],"wp:featuredmedia":[{"embeddable":true,"href":"https:\/\/www.europesays.com\/lv\/wp-json\/wp\/v2\/media\/73550"}],"wp:attachment":[{"href":"https:\/\/www.europesays.com\/lv\/wp-json\/wp\/v2\/media?parent=73549"}],"wp:term":[{"taxonomy":"category","embeddable":true,"href":"https:\/\/www.europesays.com\/lv\/wp-json\/wp\/v2\/categories?post=73549"},{"taxonomy":"post_tag","embeddable":true,"href":"https:\/\/www.europesays.com\/lv\/wp-json\/wp\/v2\/tags?post=73549"}],"curies":[{"name":"wp","href":"https:\/\/api.w.org\/{rel}","templated":true}]}}