{"id":73553,"date":"2025-12-13T18:34:11","date_gmt":"2025-12-13T18:34:11","guid":{"rendered":"https:\/\/www.europesays.com\/lv\/73553\/"},"modified":"2025-12-13T18:34:11","modified_gmt":"2025-12-13T18:34:11","slug":"ozols-sagaida-30-jubileju-ar-jaunu-singlu-aust-rits-un-grandiozu-koncertu-xiaomi-arena-lente-lv","status":"publish","type":"post","link":"https:\/\/www.europesays.com\/lv\/73553\/","title":{"rendered":"Ozols sagaida 30. jubileju ar jaunu singlu &#8220;Aust R\u012bts&#8221; un grandiozu koncertu &#8220;Xiaomi Ar\u0113n\u0101&#8221;\u00a0\u2014\u00a0Lente.lv"},"content":{"rendered":"<p>Jauns singls un v\u0113rien\u012bgs koncerts: Ozols sagaida jubileju ar jaunu ener\u0123iju<\/p>\n<p>Latvie\u0161u hiphopa le\u0123enda Ozols ir sar\u016bp\u0113jis pat\u012bkamu p\u0101rsteigumu saviem faniem, laidis klaj\u0101 savu jaun\u0101ko singlu \u201cAust R\u012bts\u201d. \u0160is ska\u0146darbs ir ne tikai svaiga v\u0113sma m\u0101kslinieka dai\u013crad\u0113, bet ar\u012b v\u0113stnesis jaunai karjeras noda\u013cai. Dziesma simboliz\u0113 atjaunotni un rado\u0161u sp\u0113ku piepl\u016bdumu, l\u012bdz\u012bgi k\u0101 pirmie saules stari p\u0113c garas nakts. T\u0101s aizmet\u0146i mekl\u0113jami 2025. gada august\u0101 notiku\u0161aj\u0101 rado\u0161aj\u0101 nometn\u0113 Saulkrastos, kur pie b\u012btiem str\u0101d\u0101ja Ozola ilggad\u0113jais domubiedrs Nikl\u0101vs. Pie singla tap\u0161anas str\u0101d\u0101ju\u0161i ar\u012b Kaspars V\u012bzulis, b\u012btmeikeris \u201cPre&#8217;set\u201d, Arnis Ra\u010dinskis no \u201cMute\u201d studijas, M\u0101ris Zihmanis (Elfs) un Ritvars Garoza, radot muzik\u0101li bag\u0101t\u012bgu un kvalitat\u012bvu ska\u0146darbu.<\/p>\n<p>30 gadi uz skatuves \u2013 svin\u012bbas ar v\u0113rienu<\/p>\n<p>Vienlaikus ar singla izn\u0101k\u0161anu Ozols ir izzi\u0146ojis ar\u012b savu 30. jubilejas koncertu \u201cCie\u0146a un m\u012blest\u012bba\u201d, kas notiks 2026. gada 5. decembr\u012b \u201cXiaomi Ar\u0113n\u0101\u201d. \u0160is grandiozais pas\u0101kums b\u016bs ne tikai atskats uz tr\u012bsdesmit gadiem, kas pavad\u012bti uz skatuves, bet ar\u012b sv\u0113tki, kas vienos gan klaus\u012bt\u0101ju iem\u012b\u013cotus klasiskos hitus, gan jaun\u0101kos darbus. Ozols atz\u012bst, ka 2026. gads ir \u012bpa\u0161s, jo tas iez\u012bm\u0113 30 gadus kop\u0161 1996. gada, kad kop\u0101 ar domubiedriem tika dibin\u0101ta grupa FACT, un 2001. gad\u0101 izn\u0101ca vi\u0146a debijas albums \u201cCie\u0146a un M\u012blest\u012bba\u201d, kas bija pirmais pilnmetr\u0101\u017eas repa albums latvie\u0161u valod\u0101. Koncerts sol\u0101s b\u016bt neaizmirstams muzik\u0101ls un emocion\u0101ls ce\u013cojums, kas godin\u0101s gan m\u0101kslinieka karjeru, gan ar\u012b vi\u0146a dzi\u013co saikni ar klaus\u012bt\u0101jiem. Tiek prognoz\u0113ts, ka \u0161is pas\u0101kums b\u016bs ne tikai koncerts, bet ar\u012b vienas laikmeta nosl\u0113guma un n\u0101kam\u0101 s\u0101kuma sv\u0113tki.<\/p>\n<p>\u201cAust R\u012bts\u201d \u2013 jaunas rado\u0161\u0101s ener\u0123ijas atspulgs<\/p>\n<p>Jaunais singls \u201cAust R\u012bts\u201d nav tikai k\u0101rt\u0113jais ska\u0146darbs Ozola diskogr\u0101fij\u0101. Tas ir k\u0101 atspogu\u013cojums m\u0101kslinieka izaugsmei un nobrie\u0161anai. T\u0101pat k\u0101 r\u012btausma, kas atnes jaunu dienu un cer\u012bbu, \u0161is singls v\u0113sta par Ozola gatav\u012bbu iekarot jaunus rado\u0161os horizontus. Dziesmas tap\u0161anas proces\u0101 Ozols sadarbojies ar vair\u0101kiem talant\u012bgiem m\u016bzi\u0137iem, radot ska\u0146darbu, kas apvieno vi\u0146am rakstur\u012bgo stila tvirtumu ar svaigumu un inovat\u012bvu pieeju. Klausoties \u201cAust R\u012bts\u201d, j\u016btama gan Ozola ener\u0123ija, gan ar\u012b jaunas v\u0113smas, kas sola interesantu turpin\u0101jumu vi\u0146a muzik\u0101laj\u0101 ce\u013c\u0101. Tas ir k\u0101 aicin\u0101jums klaus\u012bt\u0101jiem kop\u0101 ar Ozolu sagaid\u012bt jaunas m\u016bzikas saull\u0113ktu.<\/p>\n<p>Le\u0123enda un iedvesmas avots<\/p>\n<p>Ozols ir viena no spilgt\u0101kaj\u0101m un ietekm\u012bg\u0101kaj\u0101m person\u012bb\u0101m Latvijas hip-hopa v\u0113stur\u0113. Vi\u0146a vair\u0101k nek\u0101 tr\u012bsdesmit gadu ilg\u0101 karjera ir ne tikai atst\u0101jusi dzi\u013cas p\u0113das m\u016bzikas industrij\u0101, bet ar\u012b iedvesmojusi neskait\u0101mus jaunos m\u0101ksliniekus. Vi\u0146a dziesmas, piem\u0113ram, \u201cRajons\u201d, joproj\u0101m skan spilgti un ir aktu\u0101las. Koncerts \u201cCie\u0146a un m\u012blest\u012bba\u201d \u201cXiaomi Ar\u0113n\u0101\u201d sol\u0101s b\u016bt neaizmirstams notikums, kur\u0101 Ozols godin\u0101s savu ilgo karjeru un pateiksies saviem klaus\u012bt\u0101jiem par atbalstu un uztic\u012bbu gadu desmitu garum\u0101.<\/p>\n","protected":false},"excerpt":{"rendered":"Jauns singls un v\u0113rien\u012bgs koncerts: Ozols sagaida jubileju ar jaunu ener\u0123iju Latvie\u0161u hiphopa le\u0123enda Ozols ir sar\u016bp\u0113jis pat\u012bkamu&hellip;\n","protected":false},"author":2,"featured_media":73554,"comment_status":"","ping_status":"","sticky":false,"template":"","format":"standard","meta":{"footnotes":""},"categories":[19],"tags":[18316,18317,89,90,193,35,39,38,5350,36,37,34,40,2370],"class_list":{"0":"post-73553","1":"post","2":"type-post","3":"status-publish","4":"format-standard","5":"has-post-thumbnail","7":"category-izklaide","8":"tag-aust-rits","9":"tag-ciena-un-milestiba","10":"tag-entertainment","11":"tag-izklaide","12":"tag-jubilejas-koncerts","13":"tag-latvia","14":"tag-latvian","15":"tag-latviesu","16":"tag-latviesu-hip-hops","17":"tag-latviesu-valoda","18":"tag-latviesuvaloda","19":"tag-latvija","20":"tag-lv","21":"tag-ozols"},"share_on_mastodon":{"url":"https:\/\/pubeurope.com\/@lv\/115713701515659997","error":""},"_links":{"self":[{"href":"https:\/\/www.europesays.com\/lv\/wp-json\/wp\/v2\/posts\/73553","targetHints":{"allow":["GET"]}}],"collection":[{"href":"https:\/\/www.europesays.com\/lv\/wp-json\/wp\/v2\/posts"}],"about":[{"href":"https:\/\/www.europesays.com\/lv\/wp-json\/wp\/v2\/types\/post"}],"author":[{"embeddable":true,"href":"https:\/\/www.europesays.com\/lv\/wp-json\/wp\/v2\/users\/2"}],"replies":[{"embeddable":true,"href":"https:\/\/www.europesays.com\/lv\/wp-json\/wp\/v2\/comments?post=73553"}],"version-history":[{"count":0,"href":"https:\/\/www.europesays.com\/lv\/wp-json\/wp\/v2\/posts\/73553\/revisions"}],"wp:featuredmedia":[{"embeddable":true,"href":"https:\/\/www.europesays.com\/lv\/wp-json\/wp\/v2\/media\/73554"}],"wp:attachment":[{"href":"https:\/\/www.europesays.com\/lv\/wp-json\/wp\/v2\/media?parent=73553"}],"wp:term":[{"taxonomy":"category","embeddable":true,"href":"https:\/\/www.europesays.com\/lv\/wp-json\/wp\/v2\/categories?post=73553"},{"taxonomy":"post_tag","embeddable":true,"href":"https:\/\/www.europesays.com\/lv\/wp-json\/wp\/v2\/tags?post=73553"}],"curies":[{"name":"wp","href":"https:\/\/api.w.org\/{rel}","templated":true}]}}