{"id":73588,"date":"2025-12-13T19:19:08","date_gmt":"2025-12-13T19:19:08","guid":{"rendered":"https:\/\/www.europesays.com\/lv\/73588\/"},"modified":"2025-12-13T19:19:08","modified_gmt":"2025-12-13T19:19:08","slug":"kauju-intensitate-parsniedz-nozares-spejas-krievija-briest-nopietna-krize","status":"publish","type":"post","link":"https:\/\/www.europesays.com\/lv\/73588\/","title":{"rendered":"\u201cKauju intensit\u0101te p\u0101rsniedz nozares sp\u0113jas.\u201d Krievij\u0101 briest nopietna kr\u012bze"},"content":{"rendered":"<p>    <img decoding=\"async\" src=\"https:\/\/www.europesays.com\/lv\/wp-content\/uploads\/2025\/12\/FotoJet-3-1-1024x645.jpg\" alt=\"&#10;\"\/><\/p>\n<p>Foto: REUTERS\/Scanpix\/LETA\n<\/p>\n<p>20:25, 13. decembris 2025<\/p>\n<p>Krievija jau \u0161obr\u012bd pat\u0113r\u0113 vair\u0101k pretgaisa ra\u0137e\u0161u, nek\u0101 sp\u0113j sara\u017eot, un t\u0101s rezerves pak\u0101peniski izs\u012bkst, inform\u0113 <a href=\"https:\/\/www.dialog.ua\/war\/325438_1765642054\" rel=\"noopener nofollow\" target=\"_blank\">\u0101rzemju medijs<\/a>.<\/p>\n<p>        Las\u012bt\u0101kie<br \/>\n        <a data-imagesrc=\"{&quot;300&quot;:&quot;https:\\\/\\\/lastatic.ams3.cdn.digitaloceanspaces.com\\\/2023\\\/12\\\/231124-99-58637_dpai-300x216.jpg&quot;,&quot;1024&quot;:&quot;https:\\\/\\\/lastatic.ams3.cdn.digitaloceanspaces.com\\\/2023\\\/12\\\/231124-99-58637_dpai-1024x737.jpg&quot;,&quot;768&quot;:&quot;https:\\\/\\\/lastatic.ams3.cdn.digitaloceanspaces.com\\\/2023\\\/12\\\/231124-99-58637_dpai-768x553.jpg&quot;,&quot;1536&quot;:&quot;https:\\\/\\\/lastatic.ams3.cdn.digitaloceanspaces.com\\\/2023\\\/12\\\/231124-99-58637_dpai-1536x1106.jpg&quot;,&quot;2048&quot;:&quot;https:\\\/\\\/lastatic.ams3.cdn.digitaloceanspaces.com\\\/2023\\\/12\\\/231124-99-58637_dpai-2048x1475.jpg&quot;,&quot;200&quot;:&quot;https:\\\/\\\/lastatic.ams3.cdn.digitaloceanspaces.com\\\/2023\\\/12\\\/231124-99-58637_dpai-200x144.jpg&quot;,&quot;400&quot;:&quot;https:\\\/\\\/lastatic.ams3.cdn.digitaloceanspaces.com\\\/2023\\\/12\\\/231124-99-58637_dpai-400x288.jpg&quot;,&quot;500&quot;:&quot;https:\\\/\\\/lastatic.ams3.cdn.digitaloceanspaces.com\\\/2023\\\/12\\\/231124-99-58637_dpai-500x360.jpg&quot;,&quot;800&quot;:&quot;https:\\\/\\\/lastatic.ams3.cdn.digitaloceanspaces.com\\\/2023\\\/12\\\/231124-99-58637_dpai-800x576.jpg&quot;,&quot;1000&quot;:&quot;https:\\\/\\\/lastatic.ams3.cdn.digitaloceanspaces.com\\\/2023\\\/12\\\/231124-99-58637_dpai-1000x720.jpg&quot;,&quot;2560&quot;:&quot;https:\\\/\\\/lastatic.ams3.cdn.digitaloceanspaces.com\\\/2023\\\/12\\\/231124-99-58637_dpai-scaled.jpg&quot;}\" data-focuspoint=\"&quot;&quot;\" data-p=\"2465348\" href=\"https:\/\/www.la.lv\/palidz-nodzivot-ilgak-9-uztura-bagatinataji-kas-nodrosina-veseligu-novecosanu\" class=\"content-item lazy-load\" wp_automatic_readability=\"26.5\" rel=\"nofollow noopener\" target=\"_blank\"><\/p>\n<p>                                <img decoding=\"async\" src=\"\" alt=\"\" style=\"\" data-imageid=\"\"\/><\/p>\n<p>                                Veselam<\/p>\n<p>\n                                                Pal\u012bdz nodz\u012bvot ilg\u0101k: 9 uztura bag\u0101tin\u0101t\u0101ji, kas nodro\u0161ina vesel\u012bgu noveco\u0161anu\n                            <\/p>\n<p><\/a><a data-imagesrc=\"{&quot;300&quot;:&quot;https:\\\/\\\/lastatic.ams3.cdn.digitaloceanspaces.com\\\/2025\\\/11\\\/metala-atkritumi-300x169.jpg&quot;,&quot;1024&quot;:&quot;https:\\\/\\\/lastatic.ams3.cdn.digitaloceanspaces.com\\\/2025\\\/11\\\/metala-atkritumi-1024x576.jpg&quot;,&quot;1536&quot;:&quot;https:\\\/\\\/lastatic.ams3.cdn.digitaloceanspaces.com\\\/2025\\\/11\\\/metala-atkritumi-1536x864.jpg&quot;,&quot;500&quot;:&quot;https:\\\/\\\/lastatic.ams3.cdn.digitaloceanspaces.com\\\/2025\\\/11\\\/metala-atkritumi-500x281.jpg&quot;,&quot;800&quot;:&quot;https:\\\/\\\/lastatic.ams3.cdn.digitaloceanspaces.com\\\/2025\\\/11\\\/metala-atkritumi-800x450.jpg&quot;,&quot;1600&quot;:&quot;https:\\\/\\\/lastatic.ams3.cdn.digitaloceanspaces.com\\\/2025\\\/11\\\/metala-atkritumi.jpg&quot;}\" data-focuspoint=\"&quot;&quot;\" data-p=\"2479206\" href=\"https:\/\/www.la.lv\/eksperts-bridina-ta-ir-situacija-no-kuras-mes-neizvairisimies-latvija-iespejams-saks-dedzinat-atkritumus\" class=\"content-item lazy-load\" wp_automatic_readability=\"28\" rel=\"nofollow noopener\" target=\"_blank\"><\/p>\n<p>                                <img decoding=\"async\" src=\"\" alt=\"\" style=\"\" data-imageid=\"\"\/><\/p>\n<p>                                TV24<\/p>\n<p>                                            Eksperts br\u012bdina: T\u0101 ir situ\u0101cija, no kuras m\u0113s neizvair\u012bsimies. Latvij\u0101, iesp\u0113jams, s\u0101ks dedzin\u0101t atkritumus\n                            <\/p>\n<p><\/a><a data-imagesrc=\"{&quot;300&quot;:&quot;https:\\\/\\\/lastatic.ams3.cdn.digitaloceanspaces.com\\\/2025\\\/12\\\/virves-300x200.png&quot;,&quot;1024&quot;:&quot;https:\\\/\\\/lastatic.ams3.cdn.digitaloceanspaces.com\\\/2025\\\/12\\\/virves-1024x683.png&quot;,&quot;500&quot;:&quot;https:\\\/\\\/lastatic.ams3.cdn.digitaloceanspaces.com\\\/2025\\\/12\\\/virves-500x333.png&quot;,&quot;800&quot;:&quot;https:\\\/\\\/lastatic.ams3.cdn.digitaloceanspaces.com\\\/2025\\\/12\\\/virves-800x533.png&quot;,&quot;1536&quot;:&quot;https:\\\/\\\/lastatic.ams3.cdn.digitaloceanspaces.com\\\/2025\\\/12\\\/virves.png&quot;}\" data-focuspoint=\"&quot;&quot;\" data-p=\"2480397\" href=\"https:\/\/www.la.lv\/atrs-psihologiskais-tests-kura-no-virvem-jusuprat-is-visgaraka\" class=\"content-item lazy-load\" wp_automatic_readability=\"27\" rel=\"nofollow noopener\" target=\"_blank\"><\/p>\n<p>                                <img decoding=\"async\" src=\"\" alt=\"\" style=\"\" data-imageid=\"\"\/><\/p>\n<p>                                Kokteilis<\/p>\n<p>\n                                                \u0100trs psiholo\u0123iskais tests: kura no virv\u0113m, j\u016bsupr\u0101t, ir visgar\u0101k\u0101?<\/p>\n<p><\/a><br \/>\n        <a class=\"read-more\" href=\"https:\/\/www.la.lv\/top\" rel=\"nofollow noopener\" target=\"_blank\">Las\u012bt citas zi\u0146as<\/a><\/p>\n<p>Krievijas pretgaisa aizsardz\u012bbas sist\u0113ma pak\u0101peniski zaud\u0113 stabilit\u0101ti un uzticam\u012bbu vair\u0101ku iemeslu d\u0113\u013c, tostarp ra\u0137e\u0161u, radaru un pa\u0161u pretgaisa aizsardz\u012bbas sist\u0113mu tr\u016bkuma d\u0113\u013c. Pie \u0161\u0101da secin\u0101juma non\u0101ku\u0161i Lielbrit\u0101nijas Karalisk\u0101 Apvienot\u0101 bru\u0146oto sp\u0113ku instit\u016bta (RUSI) anal\u012bti\u0137i.<\/p>\n<p>Zi\u0146ojum\u0101 nor\u0101d\u012bts, ka Krievijai patie\u0161\u0101m pieder vienas no jaud\u012bg\u0101kaj\u0101m pretgaisa aizsardz\u012bbas sist\u0113m\u0101m pasaul\u0113, un t\u0101s ir izvietotas liel\u0101 skait\u0101. <\/p>\n<p>    CITI \u0160OBR\u012aD LASA<\/p>\n<p>\u0160\u012bs sist\u0113mas p\u0101rtver iev\u0113rojamu da\u013cu Ukrainas ra\u0137e\u0161u un bezpilota lidapar\u0101tu, kas tiek izmantoti triecieniem dzi\u013ci Krievijas teritorij\u0101, m\u0113r\u0137\u0113jot uz milit\u0101ro, ener\u0123\u0113tikas un r\u016bpniecisko infrastrukt\u016bru. <\/p>\n<p>Tom\u0113r kauju intensit\u0101te p\u0101rsniedz Krievijas aizsardz\u012bbas nozares sp\u0113jas.<\/p>\n<p>P\u0113c ekspertu dom\u0101m, Krievija jau pat\u0113r\u0113 vair\u0101k pretgaisa ra\u0137e\u0161u, nek\u0101 sp\u0113j sara\u017eot. Tas rada arvien liel\u0101ku mun\u012bcijas defic\u012btu. <\/p>\n<blockquote><p>Ja ra\u0137e\u0161u ra\u017eo\u0161anas palielin\u0101\u0161anu trauc\u0113s tehnolo\u0123iski vai lo\u0123istikas ierobe\u017eojumi, Ukraina jau 2026. gad\u0101 var\u0113s nodar\u012bt Krievijai iev\u0113rojami liel\u0101kus post\u012bjumus, uzskata RUSI.<\/p><\/blockquote>\n<p>Zi\u0146ojum\u0101 \u012bpa\u0161i uzsv\u0113rta Krievijas pretgaisa aizsardz\u012bbas sist\u0113mu atkar\u012bba no import\u0113tas elektronikas. B\u016btisk\u0101k\u0101s sist\u0113mu sast\u0101vda\u013cas \u2013 vad\u012bbas, kontroles un skait\u013co\u0161anas iek\u0101rtas \u2013 tiek ra\u017eotas, izmantojot \u0101rvalstu komponentus. <\/p>\n<blockquote><p>\u0160\u0101du pieg\u0101\u017eu ierobe\u017eo\u0161ana vai p\u0101rtrauk\u0161ana var\u0113tu k\u013c\u016bt par kritisku probl\u0113mu Maskavai.<\/p><\/blockquote>\n<p>Anal\u012bti\u0137i ar\u012b nor\u0101da, ka ir svar\u012bgi turpin\u0101t uzbrukumus objektiem, kuros Krievija ra\u017eo pretgaisa aizsardz\u012bbas komponentus. \u0160ie objekti joproj\u0101m ir sal\u012bdzino\u0161i neaizsarg\u0101ti, un triecieni tiem var\u0113tu rad\u012bt papildu spiedienu uz Krieviju, lai t\u0101 izbeigtu karu.<\/p>\n<p>T\u0113mas<\/p>\n<p>    SAIST\u012aTIE RAKSTI<\/p>\n","protected":false},"excerpt":{"rendered":"Foto: REUTERS\/Scanpix\/LETA 20:25, 13. decembris 2025 Krievija jau \u0161obr\u012bd pat\u0113r\u0113 vair\u0101k pretgaisa ra\u0137e\u0161u, nek\u0101 sp\u0113j sara\u017eot, un t\u0101s&hellip;\n","protected":false},"author":2,"featured_media":61774,"comment_status":"","ping_status":"","sticky":false,"template":"","format":"standard","meta":{"footnotes":""},"categories":[14],"tags":[23,57,28,29,32,33,22,30,31,35,39,38,36,37,34,40,20,26,27,24,25,54,55,56,21,58],"class_list":{"0":"post-73588","1":"post","2":"type-post","3":"status-publish","4":"format-standard","5":"has-post-thumbnail","7":"category-zinas-no-arvalstim","8":"tag-aktualitates","9":"tag-arvalstim","10":"tag-breaking-news","11":"tag-breakingnews","12":"tag-featured-news","13":"tag-featurednews","14":"tag-headlines","15":"tag-latest-news","16":"tag-latestnews","17":"tag-latvia","18":"tag-latvian","19":"tag-latviesu","20":"tag-latviesu-valoda","21":"tag-latviesuvaloda","22":"tag-latvija","23":"tag-lv","24":"tag-news","25":"tag-popularakas-zinas","26":"tag-popularakaszinas","27":"tag-top-stories","28":"tag-topstories","29":"tag-world","30":"tag-world-news","31":"tag-worldnews","32":"tag-zinas","33":"tag-zinas-no-arvalstim"},"share_on_mastodon":{"url":"https:\/\/pubeurope.com\/@lv\/115713878822697963","error":""},"_links":{"self":[{"href":"https:\/\/www.europesays.com\/lv\/wp-json\/wp\/v2\/posts\/73588","targetHints":{"allow":["GET"]}}],"collection":[{"href":"https:\/\/www.europesays.com\/lv\/wp-json\/wp\/v2\/posts"}],"about":[{"href":"https:\/\/www.europesays.com\/lv\/wp-json\/wp\/v2\/types\/post"}],"author":[{"embeddable":true,"href":"https:\/\/www.europesays.com\/lv\/wp-json\/wp\/v2\/users\/2"}],"replies":[{"embeddable":true,"href":"https:\/\/www.europesays.com\/lv\/wp-json\/wp\/v2\/comments?post=73588"}],"version-history":[{"count":0,"href":"https:\/\/www.europesays.com\/lv\/wp-json\/wp\/v2\/posts\/73588\/revisions"}],"wp:featuredmedia":[{"embeddable":true,"href":"https:\/\/www.europesays.com\/lv\/wp-json\/wp\/v2\/media\/61774"}],"wp:attachment":[{"href":"https:\/\/www.europesays.com\/lv\/wp-json\/wp\/v2\/media?parent=73588"}],"wp:term":[{"taxonomy":"category","embeddable":true,"href":"https:\/\/www.europesays.com\/lv\/wp-json\/wp\/v2\/categories?post=73588"},{"taxonomy":"post_tag","embeddable":true,"href":"https:\/\/www.europesays.com\/lv\/wp-json\/wp\/v2\/tags?post=73588"}],"curies":[{"name":"wp","href":"https:\/\/api.w.org\/{rel}","templated":true}]}}