{"id":73605,"date":"2025-12-13T19:53:16","date_gmt":"2025-12-13T19:53:16","guid":{"rendered":"https:\/\/www.europesays.com\/lv\/73605\/"},"modified":"2025-12-13T19:53:16","modified_gmt":"2025-12-13T19:53:16","slug":"ukraina-atbilde-uz-asv-iesniegto-miera-planu-izslegusi-iespeju-izvest-brunotos-spekus-no-donbasa","status":"publish","type":"post","link":"https:\/\/www.europesays.com\/lv\/73605\/","title":{"rendered":"Ukraina atbild\u0113 uz ASV iesniegto miera pl\u0101nu izsl\u0113gusi iesp\u0113ju izvest bru\u0146otos sp\u0113kus no Donbasa"},"content":{"rendered":"<p>Ukrainas atbilde, ko veido 20 punkti, tika nos\u016bt\u012bta uz Va\u0161ingtonu tre\u0161dien, 10. decembr\u012b. Taj\u0101, p\u0113c \u201cThe New York Times\u201d v\u0113st\u012bt\u0101, ir iz\u0146emti tie <a href=\"https:\/\/www.tvnet.lv\/term\/555410\/asv\" class=\"topicLink\" target=\"_blank\" rel=\"nofollow noopener\">ASV<\/a> s\u0101kotn\u0113j\u0101 miera pl\u0101na punkti, kas \u201cp\u0101rk\u0101pa Ukrainas sarkan\u0101s l\u012bnijas\u201d.<\/p>\n<p>Viens no str\u012bd\u012bgajiem punktiem attiec\u0101s uz Donbasa teritorij\u0101m, bet otrs \u2013 uz Ukrainas atteik\u0161anos no pievieno\u0161an\u0101s NATO. Saska\u0146\u0101 ar diviem NYT avotiem, Kijiva v\u0113las vismaz form\u0101li saglab\u0101t \u201cNATO atv\u0113rto durvju politikas\u201d principu. Abi \u0161ie groz\u012bjumi, k\u0101 nor\u0101da NYT, visticam\u0101k, b\u016bs nepie\u0146emami Krievijai.<\/p>\n<p>Ukrainas atbilde uz ASV miera pl\u0101nu prasa ar\u012b juridiski nostiprin\u0101tas garantijas aizsardz\u012bbai pret iesp\u0113jamu Krievijas agresiju n\u0101kotn\u0113.<\/p>\n<p>Sarunas par \u0161iem jaut\u0101jumiem, k\u0101 raksta \u201cThe New York Times\u201d, j\u0101turpina 15. decembr\u012b Berl\u012bn\u0113 notieko\u0161aj\u0101 tik\u0161an\u0101s reiz\u0113 starp Zelenski un Eiropas l\u012bderiem ar Trampa sarunu ved\u0113jiem St\u012bvu Vitkofu un D\u017earedu Ku\u0161neru.<\/p>\n","protected":false},"excerpt":{"rendered":"Ukrainas atbilde, ko veido 20 punkti, tika nos\u016bt\u012bta uz Va\u0161ingtonu tre\u0161dien, 10. decembr\u012b. Taj\u0101, p\u0113c \u201cThe New York&hellip;\n","protected":false},"author":2,"featured_media":73606,"comment_status":"","ping_status":"","sticky":false,"template":"","format":"standard","meta":{"footnotes":""},"categories":[14],"tags":[23,57,292,28,29,542,32,33,22,234,74,30,31,35,39,38,36,37,34,40,20,26,27,24,25,276,54,55,56,21,58],"class_list":{"0":"post-73605","1":"post","2":"type-post","3":"status-publish","4":"format-standard","5":"has-post-thumbnail","7":"category-zinas-no-arvalstim","8":"tag-aktualitates","9":"tag-arvalstim","10":"tag-asv","11":"tag-breaking-news","12":"tag-breakingnews","13":"tag-donalds-tramps","14":"tag-featured-news","15":"tag-featurednews","16":"tag-headlines","17":"tag-krievija","18":"tag-krievijas-iebrukums-ukraina","19":"tag-latest-news","20":"tag-latestnews","21":"tag-latvia","22":"tag-latvian","23":"tag-latviesu","24":"tag-latviesu-valoda","25":"tag-latviesuvaloda","26":"tag-latvija","27":"tag-lv","28":"tag-news","29":"tag-popularakas-zinas","30":"tag-popularakaszinas","31":"tag-top-stories","32":"tag-topstories","33":"tag-ukraina","34":"tag-world","35":"tag-world-news","36":"tag-worldnews","37":"tag-zinas","38":"tag-zinas-no-arvalstim"},"share_on_mastodon":{"url":"https:\/\/pubeurope.com\/@lv\/115714012205153790","error":""},"_links":{"self":[{"href":"https:\/\/www.europesays.com\/lv\/wp-json\/wp\/v2\/posts\/73605","targetHints":{"allow":["GET"]}}],"collection":[{"href":"https:\/\/www.europesays.com\/lv\/wp-json\/wp\/v2\/posts"}],"about":[{"href":"https:\/\/www.europesays.com\/lv\/wp-json\/wp\/v2\/types\/post"}],"author":[{"embeddable":true,"href":"https:\/\/www.europesays.com\/lv\/wp-json\/wp\/v2\/users\/2"}],"replies":[{"embeddable":true,"href":"https:\/\/www.europesays.com\/lv\/wp-json\/wp\/v2\/comments?post=73605"}],"version-history":[{"count":0,"href":"https:\/\/www.europesays.com\/lv\/wp-json\/wp\/v2\/posts\/73605\/revisions"}],"wp:featuredmedia":[{"embeddable":true,"href":"https:\/\/www.europesays.com\/lv\/wp-json\/wp\/v2\/media\/73606"}],"wp:attachment":[{"href":"https:\/\/www.europesays.com\/lv\/wp-json\/wp\/v2\/media?parent=73605"}],"wp:term":[{"taxonomy":"category","embeddable":true,"href":"https:\/\/www.europesays.com\/lv\/wp-json\/wp\/v2\/categories?post=73605"},{"taxonomy":"post_tag","embeddable":true,"href":"https:\/\/www.europesays.com\/lv\/wp-json\/wp\/v2\/tags?post=73605"}],"curies":[{"name":"wp","href":"https:\/\/api.w.org\/{rel}","templated":true}]}}