{"id":7361,"date":"2025-09-29T01:40:09","date_gmt":"2025-09-29T01:40:09","guid":{"rendered":"https:\/\/www.europesays.com\/lv\/7361\/"},"modified":"2025-09-29T01:40:09","modified_gmt":"2025-09-29T01:40:09","slug":"krievijas-nakts-gaisa-trieciena-ukraina-ievainoti-vairak-neka-70-cilveku","status":"publish","type":"post","link":"https:\/\/www.europesays.com\/lv\/7361\/","title":{"rendered":"Krievijas nakts gaisa triecien\u0101 Ukrain\u0101 ievainoti vair\u0101k nek\u0101 70 cilv\u0113ku"},"content":{"rendered":"<p>Ministrs nor\u0101d\u012bja, ka Kijiv\u0101 nogalin\u0101ti \u010detri cilv\u0113ki, tai skait\u0101 medm\u0101sa un pacients, kuri g\u0101ga boj\u0101 triecien\u0101 Kardiolo\u0123ijas instit\u016btam.<\/p>\n<p>Saska\u0146\u0101 ar jaun\u0101ko inform\u0101ciju vis\u0101 Ukrain\u0101 Krievijas gaisa triecienos nakt\u012b ievainoti vair\u0101k nek\u0101 70 cilv\u0113ki.<\/p>\n<p>Klimenko atkl\u0101ja, ka uzbrukumu seku likvid\u0101cij\u0101 11 re\u0123ionos iesaist\u012bti vair\u0101k nek\u0101 1500 gl\u0101b\u0113ji.<\/p>\n<p>Ukrainas prezidents Volodimirs Zelenskis iepriek\u0161 zi\u0146oja, ka krievu dronu un ra\u0137e\u0161u uzbrukumi turpin\u0101j\u0101s ilg\u0101k nek\u0101 12 stundas un galvenok\u0101rt bija v\u0113rsts pret Kijivu un Kijivas apgabalu, Zapori\u017ejas, Hme\u013cnickas, Sumu un Odesas apgabaliem.<\/p>\n<p>Zapori\u017ejas apgabal\u0101 ievainoti vismaz 30 cilv\u0113ki, kas dz\u012bvoja vien\u0101 daudzst\u0101vu m\u0101j\u0101, atkl\u0101ja Klimenko.<\/p>\n<p>Krievu gaisa trieciena rezult\u0101t\u0101 nakt\u012b Ukrain\u0101 tika boj\u0101ti vair\u0101k nek\u0101 100 civilie objekti.<\/p>\n","protected":false},"excerpt":{"rendered":"Ministrs nor\u0101d\u012bja, ka Kijiv\u0101 nogalin\u0101ti \u010detri cilv\u0113ki, tai skait\u0101 medm\u0101sa un pacients, kuri g\u0101ga boj\u0101 triecien\u0101 Kardiolo\u0123ijas instit\u016btam.&hellip;\n","protected":false},"author":2,"featured_media":7362,"comment_status":"","ping_status":"","sticky":false,"template":"","format":"standard","meta":{"footnotes":""},"categories":[5],"tags":[23,28,29,32,33,22,3131,234,30,31,35,39,38,36,37,34,40,20,26,27,24,25,276,21],"class_list":{"0":"post-7361","1":"post","2":"type-post","3":"status-publish","4":"format-standard","5":"has-post-thumbnail","7":"category-aktualitates","8":"tag-aktualitates","9":"tag-breaking-news","10":"tag-breakingnews","11":"tag-featured-news","12":"tag-featurednews","13":"tag-headlines","14":"tag-kars","15":"tag-krievija","16":"tag-latest-news","17":"tag-latestnews","18":"tag-latvia","19":"tag-latvian","20":"tag-latviesu","21":"tag-latviesu-valoda","22":"tag-latviesuvaloda","23":"tag-latvija","24":"tag-lv","25":"tag-news","26":"tag-popularakas-zinas","27":"tag-popularakaszinas","28":"tag-top-stories","29":"tag-topstories","30":"tag-ukraina","31":"tag-zinas"},"share_on_mastodon":{"url":"","error":""},"_links":{"self":[{"href":"https:\/\/www.europesays.com\/lv\/wp-json\/wp\/v2\/posts\/7361","targetHints":{"allow":["GET"]}}],"collection":[{"href":"https:\/\/www.europesays.com\/lv\/wp-json\/wp\/v2\/posts"}],"about":[{"href":"https:\/\/www.europesays.com\/lv\/wp-json\/wp\/v2\/types\/post"}],"author":[{"embeddable":true,"href":"https:\/\/www.europesays.com\/lv\/wp-json\/wp\/v2\/users\/2"}],"replies":[{"embeddable":true,"href":"https:\/\/www.europesays.com\/lv\/wp-json\/wp\/v2\/comments?post=7361"}],"version-history":[{"count":0,"href":"https:\/\/www.europesays.com\/lv\/wp-json\/wp\/v2\/posts\/7361\/revisions"}],"wp:featuredmedia":[{"embeddable":true,"href":"https:\/\/www.europesays.com\/lv\/wp-json\/wp\/v2\/media\/7362"}],"wp:attachment":[{"href":"https:\/\/www.europesays.com\/lv\/wp-json\/wp\/v2\/media?parent=7361"}],"wp:term":[{"taxonomy":"category","embeddable":true,"href":"https:\/\/www.europesays.com\/lv\/wp-json\/wp\/v2\/categories?post=7361"},{"taxonomy":"post_tag","embeddable":true,"href":"https:\/\/www.europesays.com\/lv\/wp-json\/wp\/v2\/tags?post=7361"}],"curies":[{"name":"wp","href":"https:\/\/api.w.org\/{rel}","templated":true}]}}