{"id":73625,"date":"2025-12-13T20:31:24","date_gmt":"2025-12-13T20:31:24","guid":{"rendered":"https:\/\/www.europesays.com\/lv\/73625\/"},"modified":"2025-12-13T20:31:24","modified_gmt":"2025-12-13T20:31:24","slug":"asv-ipasais-sutnis-vitkofs-berline-tiksies-ar-zelenski-un-eiropas-lideriem-par-ukrainas-atbalstu-lente-lv","status":"publish","type":"post","link":"https:\/\/www.europesays.com\/lv\/73625\/","title":{"rendered":"ASV \u012bpa\u0161ais s\u016btnis Vitkofs Berl\u012bn\u0113 tiksies ar Zelenski un Eiropas l\u012bderiem par Ukrainas atbalstu\u00a0\u2014\u00a0Lente.lv"},"content":{"rendered":"<p>Vitkofs Berl\u012bn\u0113 tiksies ar Zelenski un Eiropas l\u012bderiem, lai apspriestu Ukrainas atbalstu<\/p>\n<p>\u0160oned\u0113\u013c nogal\u0113, 13. decembr\u012b, Berl\u012bn\u0113 paredz\u0113ta svar\u012bga tik\u0161an\u0101s, kur\u0101 piedal\u012bsies ASV prezidenta \u012bpa\u0161ais s\u016btnis St\u012bvs Vitkofs. Vi\u0146\u0161 tiksies ar Ukrainas prezidentu Volodimiru Zelenski un vair\u0101kiem citiem ietekm\u012bgiem Eiropas l\u012bderiem. \u0160\u012b tik\u0161an\u0101s notiek \u0101rk\u0101rt\u012bgi noz\u012bm\u012bg\u0101 laik\u0101, kad Ukrainas tauta turpina c\u012bn\u012bties par savu br\u012bv\u012bbu un teritori\u0101lo integrit\u0101ti. Balt\u0101 nama ofici\u0101lais pazi\u0146ojums apstiprina \u0161o notikumu, uzsverot t\u0101 potenci\u0101lo ietekmi uz turpm\u0101ko starptautisko atbalstu Ukrainai.<\/p>\n<p>Centr\u0101l\u0101s t\u0113mas un gaid\u0101mie l\u0113mumi<\/p>\n<p>Galvenie sarunu temati paredz\u0113ti, lai stiprin\u0101tu politisko, ekonomisko un milit\u0101ro sadarb\u012bbu. Vitkofa viz\u012bte ir da\u013ca no pla\u0161\u0101kas ASV administr\u0101cijas strat\u0113\u0123ijas, kuras m\u0113r\u0137is ir nodro\u0161in\u0101t Ukrainai nepiecie\u0161amo pal\u012bdz\u012bbu t\u0101s aizsardz\u012bb\u0101 pret agresiju. Tik\u0161an\u0101s laik\u0101 tiks analiz\u0113ta pa\u0161reiz\u0113j\u0101 dro\u0161\u012bbas situ\u0101cija Ukrain\u0101, izv\u0113rt\u0113ti nepiecie\u0161amie papildu atbalsta pas\u0101kumi un koordin\u0113tas turpm\u0101k\u0101s darb\u012bbas, lai veicin\u0101tu stabilit\u0101ti re\u0123ion\u0101. Eiropas partneru kl\u0101tb\u016btne uzsver vienot\u012bbu un kop\u012bgo ap\u0146em\u0161anos pal\u012bdz\u0113t Ukrainai atg\u016bt mieru un labkl\u0101j\u012bbu.<\/p>\n<p>\u0160\u012bs sarunas ir k\u0101 gaisa elpa Ukrainai, apliecinot, ka t\u0101 nav viena sav\u0101 c\u012b\u0146\u0101. Katrs \u0161\u0101ds starptautisks pas\u0101kums sniedz cer\u012bbu un mor\u0101lu atbalstu ukrai\u0146u tautai, kura diendien\u0101 saskaras ar neskait\u0101miem izaicin\u0101jumiem. L\u0113mumi, kas tiks pie\u0146emti Berl\u012bn\u0113, var\u0113tu b\u016btiski ietekm\u0113t gan milit\u0101ro, gan hum\u0101no situ\u0101ciju Ukrain\u0101, stiprinot t\u0101s sp\u0113ju past\u0101v\u0113t un att\u012bst\u012bties k\u0101 neatkar\u012bgai un suver\u0113nai valstij.<\/p>\n<p>ASV un Eiropas kop\u012bg\u0101 nost\u0101ja<\/p>\n<p>ASV vienm\u0113r ir biju\u0161as stingra Ukrainas atbalst\u012bt\u0101ja, un St\u012bva Vitkofa k\u0101 \u012bpa\u0161\u0101 s\u016bt\u0146a dal\u012bba \u0161aj\u0101 augst\u0101k\u0101 l\u012bme\u0146a tik\u0161an\u0101s reiz\u0113 v\u0113lreiz apliecina \u0161o nelok\u0101mo nost\u0101ju. Vi\u0146a pieredze un diplom\u0101tisk\u0101s prasmes b\u016bs b\u016btiskas, lai veicin\u0101tu konstrukt\u012bvas sarunas un pan\u0101ktu vienpr\u0101t\u012bbu starp da\u017e\u0101d\u0101m valst\u012bm. Eiropas l\u012bderu iesaiste ir tikpat svar\u012bga, jo t\u0101 demonstr\u0113 kontinent\u0101l\u0101s Eiropas solidarit\u0101ti un gatav\u012bbu akt\u012bvi piedal\u012bties Ukrainas n\u0101kotnes veido\u0161an\u0101. Kop\u012bgais darbs \u0161aj\u0101 jom\u0101 ir k\u0101 dro\u0161\u012bbas vairogs, kas sp\u0113j pasarg\u0101t pret draudiem un nenoteikt\u012bbu.<\/p>\n<p>\u0160\u012bs tik\u0161an\u0101s ir ne tikai diplom\u0101tisks pas\u0101kums, bet ar\u012b simbolisks apliecin\u0101jums kop\u012bgaj\u0101m v\u0113rt\u012bb\u0101m un demokr\u0101tijas principiem, ko Ukraina aizst\u0101v. T\u0101 ir iesp\u0113ja ne tikai apspriest praktiskus jaut\u0101jumus, bet ar\u012b stiprin\u0101t savstarp\u0113jo uztic\u012bbu un sadarb\u012bbas saites, kas ir pamats ilgtermi\u0146a stabilit\u0101tei un dro\u0161\u012bbai. K\u0101 saka gudri \u013caudis, vienoti st\u0101vam, sadal\u012bti kr\u012btam, un \u0161\u012b tik\u0161an\u0101s ir spilgts piem\u0113rs \u0161ai paties\u012bbai.<\/p>\n<p>Perspekt\u012bvas un n\u0101kotnes izaicin\u0101jumi<\/p>\n<p>Neskatoties uz gaid\u0101maj\u0101m pozit\u012bvaj\u0101m izpausm\u0113m, j\u0101apzin\u0101s, ka ce\u013c\u0161 uz piln\u012bgu atvese\u013co\u0161anos un dro\u0161\u012bbu Ukrain\u0101 joproj\u0101m ir izaicino\u0161s. Krievijas agresijas rad\u012bt\u0101s sekas ir dzi\u013cas un pla\u0161as, prasot gan ilgtermi\u0146a finansi\u0101las invest\u012bcijas, gan ar\u012b nep\u0101rtrauktu politisko un hum\u0101no atbalstu. Vitkofa un Eiropas l\u012bderu sarunas Berl\u012bn\u0113 dos jaunu impulsu \u0161iem centieniem, nodro\u0161inot, ka Ukrainas atbalsta programma turpin\u0101sies un tiks att\u012bst\u012bta atbilsto\u0161i main\u012bgaj\u0101m re\u0101lpolitik\u0101m. \u0160\u012b ir neatsverama iesp\u0113ja nostiprin\u0101t pamatus stabil\u0101kai un dro\u0161\u0101kai n\u0101kotnei visam re\u0123ionam.<\/p>\n<p>Gaid\u0101ms, ka p\u0113c \u0161\u012bs tik\u0161an\u0101s tiks publiskota inform\u0101cija par konkr\u0113tiem atbalsta meh\u0101nismiem un sadarb\u012bbas virzieniem, kas sniegs skaidr\u0101ku priek\u0161statu par turpm\u0101kajiem so\u013ciem. \u0160is ir br\u012bdis, kad diplom\u0101tija un praktiski l\u0113mumi satiekas, lai kop\u012bgi veidotu lab\u0101ku r\u012btdienu Ukrainai un visai Eiropai.<\/p>\n","protected":false},"excerpt":{"rendered":"Vitkofs Berl\u012bn\u0113 tiksies ar Zelenski un Eiropas l\u012bderiem, lai apspriestu Ukrainas atbalstu \u0160oned\u0113\u013c nogal\u0113, 13. decembr\u012b, Berl\u012bn\u0113 paredz\u0113ta&hellip;\n","protected":false},"author":2,"featured_media":73626,"comment_status":"","ping_status":"","sticky":false,"template":"","format":"standard","meta":{"footnotes":""},"categories":[5],"tags":[23,1804,28,29,17943,32,33,22,30,31,35,39,38,36,37,34,40,20,26,27,14597,24,25,491,178,21],"class_list":{"0":"post-73625","1":"post","2":"type-post","3":"status-publish","4":"format-standard","5":"has-post-thumbnail","7":"category-aktualitates","8":"tag-aktualitates","9":"tag-berline","10":"tag-breaking-news","11":"tag-breakingnews","12":"tag-eiropas-lideri","13":"tag-featured-news","14":"tag-featurednews","15":"tag-headlines","16":"tag-latest-news","17":"tag-latestnews","18":"tag-latvia","19":"tag-latvian","20":"tag-latviesu","21":"tag-latviesu-valoda","22":"tag-latviesuvaloda","23":"tag-latvija","24":"tag-lv","25":"tag-news","26":"tag-popularakas-zinas","27":"tag-popularakaszinas","28":"tag-stivs-vitkofs","29":"tag-top-stories","30":"tag-topstories","31":"tag-ukrainas-atbalsts","32":"tag-volodimirs-zelenskis","33":"tag-zinas"},"share_on_mastodon":{"url":"https:\/\/pubeurope.com\/@lv\/115714161652358418","error":""},"_links":{"self":[{"href":"https:\/\/www.europesays.com\/lv\/wp-json\/wp\/v2\/posts\/73625","targetHints":{"allow":["GET"]}}],"collection":[{"href":"https:\/\/www.europesays.com\/lv\/wp-json\/wp\/v2\/posts"}],"about":[{"href":"https:\/\/www.europesays.com\/lv\/wp-json\/wp\/v2\/types\/post"}],"author":[{"embeddable":true,"href":"https:\/\/www.europesays.com\/lv\/wp-json\/wp\/v2\/users\/2"}],"replies":[{"embeddable":true,"href":"https:\/\/www.europesays.com\/lv\/wp-json\/wp\/v2\/comments?post=73625"}],"version-history":[{"count":0,"href":"https:\/\/www.europesays.com\/lv\/wp-json\/wp\/v2\/posts\/73625\/revisions"}],"wp:featuredmedia":[{"embeddable":true,"href":"https:\/\/www.europesays.com\/lv\/wp-json\/wp\/v2\/media\/73626"}],"wp:attachment":[{"href":"https:\/\/www.europesays.com\/lv\/wp-json\/wp\/v2\/media?parent=73625"}],"wp:term":[{"taxonomy":"category","embeddable":true,"href":"https:\/\/www.europesays.com\/lv\/wp-json\/wp\/v2\/categories?post=73625"},{"taxonomy":"post_tag","embeddable":true,"href":"https:\/\/www.europesays.com\/lv\/wp-json\/wp\/v2\/tags?post=73625"}],"curies":[{"name":"wp","href":"https:\/\/api.w.org\/{rel}","templated":true}]}}