{"id":73639,"date":"2025-12-13T20:43:11","date_gmt":"2025-12-13T20:43:11","guid":{"rendered":"https:\/\/www.europesays.com\/lv\/73639\/"},"modified":"2025-12-13T20:43:11","modified_gmt":"2025-12-13T20:43:11","slug":"krievija-melnaja-jura-uzbrukusi-turcijas-civilajam-kugim","status":"publish","type":"post","link":"https:\/\/www.europesays.com\/lv\/73639\/","title":{"rendered":"Krievija Melnaj\u0101 j\u016br\u0101 uzbrukusi Turcijas civilajam ku\u0123im"},"content":{"rendered":"<p>Tiek nor\u0101d\u012bts, ka ku\u0123is pa t\u0101 d\u0113v\u0113to &#8220;graudu koridoru&#8221; dev\u0101s uz \u0112\u0123ipti, p\u0101rvad\u0101jot saulespu\u0137u e\u013c\u013cas kravu. Saska\u0146\u0101 ar milit\u0101r\u0101 resora sniegto inform\u0101ciju trieciens tika veikts atkl\u0101t\u0101 j\u016br\u0101 \u2014 Ukrainas ekskluz\u012bvaj\u0101 j\u016bras ekonomiskaj\u0101 zon\u0101, ta\u010du \u0101rpus Ukrainas pretgaisa aizsardz\u012bbas darb\u012bbas zonas. Uz ku\u0123a atrad\u0101s 11 Turcijas pilso\u0146i.<\/p>\n<p>&#8220;Krievijas Feder\u0101cija rupji un ciniski p\u0101rk\u0101pj starptautisko j\u016bras ties\u012bbu normas. \u0160\u0101das darb\u012bbas tie\u0161i ir pretrun\u0101 ku\u0123o\u0161anas br\u012bv\u012bbas pamatprincipiem,&#8221; teikts pazi\u0146ojum\u0101.<\/p>\n<p>Tiek zi\u0146ots, ka uzbrukuma rezult\u0101t\u0101 apkalpe nav cietusi, un ku\u0123is turpina ce\u013cu uz galam\u0113r\u0137a ostu \u0112\u0123ipt\u0113.<\/p>\n<p>Ukrainas J\u016bras sp\u0113ki ar\u012b public\u0113ju\u0161i kadrus, kuros redzamas bezpilota lidapar\u0101ta trieciena sekas uz ku\u0123a.<\/p>\n","protected":false},"excerpt":{"rendered":"Tiek nor\u0101d\u012bts, ka ku\u0123is pa t\u0101 d\u0113v\u0113to &#8220;graudu koridoru&#8221; dev\u0101s uz \u0112\u0123ipti, p\u0101rvad\u0101jot saulespu\u0137u e\u013c\u013cas kravu. Saska\u0146\u0101 ar&hellip;\n","protected":false},"author":2,"featured_media":73640,"comment_status":"","ping_status":"","sticky":false,"template":"","format":"standard","meta":{"footnotes":""},"categories":[14],"tags":[23,57,28,29,32,33,22,234,74,30,31,35,39,38,36,37,34,40,20,26,27,24,25,2380,54,55,56,21,58],"class_list":{"0":"post-73639","1":"post","2":"type-post","3":"status-publish","4":"format-standard","5":"has-post-thumbnail","7":"category-zinas-no-arvalstim","8":"tag-aktualitates","9":"tag-arvalstim","10":"tag-breaking-news","11":"tag-breakingnews","12":"tag-featured-news","13":"tag-featurednews","14":"tag-headlines","15":"tag-krievija","16":"tag-krievijas-iebrukums-ukraina","17":"tag-latest-news","18":"tag-latestnews","19":"tag-latvia","20":"tag-latvian","21":"tag-latviesu","22":"tag-latviesu-valoda","23":"tag-latviesuvaloda","24":"tag-latvija","25":"tag-lv","26":"tag-news","27":"tag-popularakas-zinas","28":"tag-popularakaszinas","29":"tag-top-stories","30":"tag-topstories","31":"tag-turcija","32":"tag-world","33":"tag-world-news","34":"tag-worldnews","35":"tag-zinas","36":"tag-zinas-no-arvalstim"},"share_on_mastodon":{"url":"https:\/\/pubeurope.com\/@lv\/115714208749390910","error":""},"_links":{"self":[{"href":"https:\/\/www.europesays.com\/lv\/wp-json\/wp\/v2\/posts\/73639","targetHints":{"allow":["GET"]}}],"collection":[{"href":"https:\/\/www.europesays.com\/lv\/wp-json\/wp\/v2\/posts"}],"about":[{"href":"https:\/\/www.europesays.com\/lv\/wp-json\/wp\/v2\/types\/post"}],"author":[{"embeddable":true,"href":"https:\/\/www.europesays.com\/lv\/wp-json\/wp\/v2\/users\/2"}],"replies":[{"embeddable":true,"href":"https:\/\/www.europesays.com\/lv\/wp-json\/wp\/v2\/comments?post=73639"}],"version-history":[{"count":0,"href":"https:\/\/www.europesays.com\/lv\/wp-json\/wp\/v2\/posts\/73639\/revisions"}],"wp:featuredmedia":[{"embeddable":true,"href":"https:\/\/www.europesays.com\/lv\/wp-json\/wp\/v2\/media\/73640"}],"wp:attachment":[{"href":"https:\/\/www.europesays.com\/lv\/wp-json\/wp\/v2\/media?parent=73639"}],"wp:term":[{"taxonomy":"category","embeddable":true,"href":"https:\/\/www.europesays.com\/lv\/wp-json\/wp\/v2\/categories?post=73639"},{"taxonomy":"post_tag","embeddable":true,"href":"https:\/\/www.europesays.com\/lv\/wp-json\/wp\/v2\/tags?post=73639"}],"curies":[{"name":"wp","href":"https:\/\/api.w.org\/{rel}","templated":true}]}}