{"id":73655,"date":"2025-12-13T20:57:32","date_gmt":"2025-12-13T20:57:32","guid":{"rendered":"https:\/\/www.europesays.com\/lv\/73655\/"},"modified":"2025-12-13T20:57:32","modified_gmt":"2025-12-13T20:57:32","slug":"gatavi-jaunam-darba-celienam-na-premjera-kandidate-bus-ilze-indriksone","status":"publish","type":"post","link":"https:\/\/www.europesays.com\/lv\/73655\/","title":{"rendered":"&#8220;Gatavi jaunam darba c\u0113lienam&#8221; \u2013 NA premjera kandid\u0101te b\u016bs Ilze Indriksone"},"content":{"rendered":"<p>N\u0101kamgad gaid\u0101maj\u0101s 15. Saeimas v\u0113l\u0113\u0161an\u0101s Nacion\u0101l\u0101s apvien\u012bbas (NA) Ministru prezidenta amata kandid\u0101te b\u016bs politisk\u0101 sp\u0113ka vad\u012bt\u0101ja <a rel=\"noopener nofollow\" target=\"_blank\" href=\"https:\/\/www.delfi.lv\/temas\/51872229\/ilze-indriksone\" tag-id=\"51872229\">Ilze Indriksone<\/a>, par to sestdien, 13. decembr\u012b, kongres\u0101 pav\u0113st\u012bja politisk\u0101 sp\u0113ka p\u0101rst\u0101vji.<\/p>\n<p>\u0160odien notika NA ikgad\u0113jais kongress, kur\u0101 atkl\u0101ja premjera amata kandid\u0101tu un sprieda par partijas tuv\u0101kajiem m\u0113r\u0137iem un priorit\u0101t\u0113m, k\u0101 ar\u012b tika iev\u0113l\u0113ti valdes locek\u013ci un komisiju p\u0101rst\u0101vji.<\/p>\n<p>NA \u0161\u0101 gada kongresa vadmot\u012bvs ir &#8220;Esam, bij\u0101m un b\u016bsim. Nacion\u0101lo intere\u0161u sardz\u0113&#8221;, kas, atz\u012bst politiskaj\u0101 sp\u0113k\u0101, nor\u0101da uz NA uztic\u012bbu saviem pamatprincipiem un nemain\u012bg\u0101m v\u0113rt\u012bb\u0101m, kas ar\u012b sare\u017e\u0123\u012btos un izaicin\u0101jumiem pilnos apst\u0101k\u013cos \u013cauj konsekventi aizst\u0101v\u0113t Latvijas intereses un ar p\u0101rliec\u012bbu raudz\u012bties n\u0101kotn\u0113.<\/p>\n<p>NA valde \u0161\u0101 gada 1. decembr\u012b apstiprin\u0101jusi Indriksoni par premjereministres amata kandid\u0101ti.<\/p>\n<p>Indriksone: turpin\u0101sim jaud\u012bgi<\/p>\n<p>Indriksone, atkl\u0101jot NA kongresu uzsv\u0113ra, ka partiju vieno m\u012blest\u012bba pret Latviju un atbild\u012bba par r\u012btdienu. T\u0101pat uzrun\u0101 politi\u0137e nor\u0101d\u012bja, ka katrs sav\u0101 viet\u0101 dara to, kas veido nacion\u0101lu valsti.<\/p>\n<p>Atskaitoties par paveikto, Indriksone tostarp inform\u0113ja par NA darbu Saeim\u0101, virzot vair\u0101kas iniciat\u012bvas, piem\u0113ram, atteikties no ekonomisk\u0101s sadarb\u012bbas ar Krieviju, k\u0101 ar\u012b stiprinot valsts valodas lietojumu pakalpojumu jom\u0101 un izgl\u012bt\u012bb\u0101. &#8220;Turpin\u0101sim str\u0101d\u0101t ar jaudu. Esam gatavi jaunam darba c\u0113lienam,&#8221; uzsv\u0113ra NA vad\u012bt\u0101ja. <\/p>\n<p>Dzintars: nenoteikt\u012bba ir struktur\u0101la<\/p>\n<p>NA priek\u0161s\u0113d\u0113t\u0101jas vietnieks <a rel=\"noopener nofollow\" target=\"_blank\" href=\"https:\/\/www.delfi.lv\/temas\/40363123\/raivis-dzintars\" tag-id=\"40363123\">Raivis Dzintars<\/a> uzrun\u0101 partijas biedriem uzsv\u0113ra, ka NA v\u0113rt\u012bbas un ideolo\u0123iju nevar l\u016bkot atrauti no t\u0101, kas notiek patlaban. Vi\u0146\u0161 atzina, ka v\u0113l nesen m\u016bsu laikmetu raksturojo\u0161i j\u0113dzieni  k\u0101 globaliz\u0101cija un unifik\u0101cija ir novecoju\u0161i. &#8220;Procesu sare\u017e\u0123\u012bt\u012bba sasniedz haosa l\u012bmeni. Saz\u012bm\u0113t skaidras c\u0113lo\u0146sakar\u012bbas k\u013c\u016bst gr\u016bt\u0101k,&#8221; uzsv\u0113ra Dzintars, piebilstot, ka patlaban valda struktur\u0101la nenoteikt\u012bba.<\/p>\n<p>Politi\u0137is ar\u012b nor\u0101d\u012bja, ka &#8220;ban\u0101ls ieraksts&#8221; soci\u0101lajos t\u012bklos ir ietekm\u012bg\u0101ks, nek\u0101 zin\u0101tniska anal\u012bze, savuk\u0101rt m\u0101ksl\u012bgais intelekts jau tagad p\u0101rsniedz dab\u012bg\u0101 intelekta sp\u0113ju robe\u017eas. <\/p>\n<p>Vi\u0146\u0161 ar\u012b skaidroja nacion\u0101l\u0101 konservat\u012bvisma noz\u012bmi, proti, ka konservat\u012bvisms aizsarg\u0101 p\u0101rbaud\u012btu k\u0101rt\u012bbu iepret\u012b t\u0101dai, kas draud to sagraut un nepied\u0101v\u0101 citu, lab\u0101ku k\u0101rt\u012bbu. Vienlaikus Dzintars uzsv\u0113ra, ka Latvija ir da\u013ca no Rietumu kult\u016brtelpas, neskatoties uz to, k\u0101 t\u0101 tiek v\u0113rt\u0113ta. Vi\u0146\u0161 kritiz\u0113ja Eiropu par to, ka t\u0101 atv\u0113rusi v\u0101rtus imigr\u0101cijai.<\/p>\n<p>Dzintars nor\u0101d\u012bja, ka ASV patlaban nor\u0101da uz Eiropas \u012bstaj\u0101m v\u0101jaj\u0101m viet\u0101m. &#8220;Eiropai ir j\u0101veido t\u0101da politika, kas veidos stipras saites strap Eiropu un ASV. Tie, kas daudzus gadus bija aizmirsu\u0161i par robe\u017eu sarg\u0101\u0161anu, nevar b\u016bt ASV partneri,&#8221; pauda politi\u0137is.<\/p>\n<p>Uzrun\u0101 vi\u0146\u0161 ar\u012b pauda p\u0101rliec\u012bbu, ka n\u0101kamaj\u0101 Saeim\u0101 NA ir j\u0101iet uz m\u0113r\u0137i ie\u0146emt premjerministra amatu.<\/p>\n<p>NA izstr\u0101d\u0101 programmu<\/p>\n<p>Gatavojoties n\u0101kamgad gaid\u0101maj\u0101m Saeimas v\u0113l\u0113\u0161an\u0101m, NA jau s\u0101kusi izstr\u0101d\u0101t programmu, pie kuras darbs v\u0113l tiks turpin\u0101ts. \u0160odien NA sniedza ieskatu paveiktaj\u0101 atsevi\u0161\u0137\u0101s tematiskaj\u0101s darba grup\u0101s. Deput\u0101ts <a rel=\"noopener nofollow\" target=\"_blank\" href=\"https:\/\/www.delfi.lv\/temas\/40366691\/nauris-puntulis\" tag-id=\"40366691\">Nauris Puntulis<\/a> ieskic\u0113ja kult\u016bras, izgl\u012bt\u012bbas un mediju politikas darba grupas paveiktaj\u0101.<\/p>\n<p>Vi\u0146\u0161 st\u0101st\u012bja, ka izgl\u012bt\u012bbas jom\u0101 turpm\u0101k b\u016bs j\u0101risina jaut\u0101jums par pedagogu tr\u016bkumu un lai jaunie\u0161i uzskat\u012btu, ka latviski sarun\u0101ties ir stil\u012bgi. Mediju jom\u0101 j\u0101pan\u0101k, lai sabiedriskais medijs atteiktos no krievu valodas lietojuma.<\/p>\n<p>Savuk\u0101rt deput\u0101ts <a rel=\"noopener nofollow\" target=\"_blank\" href=\"https:\/\/www.delfi.lv\/temas\/40362895\/janis-dombrava\" tag-id=\"40362895\">J\u0101nis Dombrava<\/a> inform\u0113ja par darba grupas paveikto, kas risin\u0101ja dro\u0161\u012bbas jaut\u0101jumus. Vi\u0146\u0161 kritiz\u0113ja tagad\u0113jo aizsardz\u012bbas ministru Andri Spr\u016bdu (P), kur\u0161 &#8220;sav\u0101s priorit\u0101t\u0113s run\u0101 par sievie\u0161u apak\u0161ve\u013cu&#8221;, savuk\u0101rt iek\u0161lietu ministrs <a rel=\"noopener nofollow\" target=\"_blank\" href=\"https:\/\/www.delfi.lv\/temas\/41392087\/rihards-kozlovskis\" tag-id=\"41392087\">Rihards Kozlovskis<\/a> (JV) &#8220;nogul\u0113ja&#8221; jaut\u0101jumu par Eiropas migr\u0101cijas paktu. Dombrava pauda p\u0101rliec\u012bbu, ka uz \u0161iem amatiem j\u0101virza NA p\u0101rst\u0101vji, kas ir &#8220;galvastiesu p\u0101r\u0101ki&#8221; par tagad\u0113jiem.<\/p>\n<p>Dro\u0161\u012bbas jom\u0101 NA rosina palielin\u0101t iek\u0161lietu dienestu atalgojumu, k\u0101 ar\u012b stingr\u0101k kontrol\u0113t \u0101rzemniekus, kuri uzturas Latvij\u0101.<\/p>\n<p>Deput\u0101te <a rel=\"noopener nofollow\" target=\"_blank\" href=\"https:\/\/www.delfi.lv\/temas\/41306467\/inara-murniece\" tag-id=\"41306467\">In\u0101ra M\u016brniece<\/a> inform\u0113ja par paveikto darba grup\u0101, kas risin\u0101ja \u0101rlietu jaut\u0101jumus. Vi\u0146a nor\u0101d\u012bja, ka \u0101rlietas ir k\u013cuvu\u0161as par da\u013cu no dro\u0161\u012bbas jaut\u0101juma, t\u0101p\u0113c viens no m\u0113r\u0137iem ir turpin\u0101t atbalst\u012bt Ukrainu l\u012bdz t\u0101s pilnv\u0113rt\u012bgai uzvarai, nevis mieram, k\u0101 ar\u012b Latvija atbalst\u012bs Ukrainas uz\u0146em\u0161anu Eiropas Savien\u012bb\u0101 un ar\u012b NATO. T\u0101pat NA rosina stiprin\u0101t Latvijas p\u0101rst\u0101vniec\u012bbu \u0101rvalst\u012bs, lai veicin\u0101tu ekonomiku.<\/p>\n<p>Deput\u0101ts <a rel=\"noopener nofollow\" target=\"_blank\" href=\"https:\/\/www.delfi.lv\/temas\/54717492\/arturs-butans\" tag-id=\"54717492\">Art\u016brs But\u0101ns<\/a> inform\u0113ja par priek\u0161likumiem nodok\u013cu izmai\u0146\u0101m. Vi\u0146\u0161 uzsv\u0113ra, ka nodok\u013cu sist\u0113mai ir j\u0101b\u016bt saprotamai un vienk\u0101r\u0161ai. <\/p>\n<p><a rel=\"noopener nofollow\" target=\"_blank\" href=\"https:\/\/www.delfi.lv\/temas\/40366865\/imants-paradnieks\" tag-id=\"40366865\">Imants Par\u0101dnieks<\/a> inform\u0113ja par NA idej\u0101m atbalstam \u0123imen\u0113m, tostarp rosinot ieviest visaptvero\u0161u \u0123imenes vesel\u012bbas m\u0101c\u012bbu, b\u0113rna kop\u0161anas pabalstu celt l\u012bdz 600 eiro, to katru gadu indeks\u0113jot, k\u0101 ar\u012b rosin\u0101ts celt \u0123imenes valsts pabalstu, vair\u0101k l\u012bdzek\u013cu paredzot \u0123imen\u0113m ar vair\u0101k b\u0113rnu.<\/p>\n<p class=\"m-0\">Seko &#8220;Delfi&#8221; ar\u012b  <a target=\"_blank\" href=\"https:\/\/www.instagram.com\/delfi.lv\/\" rel=\"nofollow noopener\">Instagram<\/a>  un <a target=\"_blank\" href=\"https:\/\/www.youtube.com\/channel\/UCw5foWtcJvAbUm64rv7jwUQ\" rel=\"nofollow noopener\">YouTube<\/a>  profil\u0101 \u2013 pievienojies, lai uzzin\u0101tu svar\u012bg\u0101ko un interesant\u0101ko pirmais!<\/p>\n<p>Publik\u0101cijas saturs vai t\u0101s jebk\u0101da apjoma da\u013ca ir aizsarg\u0101ts autorties\u012bbu objekts Autorties\u012bbu likuma izpratn\u0113, un t\u0101 izmanto\u0161ana bez izdev\u0113ja at\u013caujas ir aizliegta. Vair\u0101k lasi  <a target=\"_blank\" href=\"https:\/\/www.delfi.lv\/noteikumi#autortiesibas\" rel=\"nofollow noopener\">\u0161eit<\/a><script async src=\"\/\/www.instagram.com\/embed.js\"><\/script><\/p>\n","protected":false},"excerpt":{"rendered":"N\u0101kamgad gaid\u0101maj\u0101s 15. Saeimas v\u0113l\u0113\u0161an\u0101s Nacion\u0101l\u0101s apvien\u012bbas (NA) Ministru prezidenta amata kandid\u0101te b\u016bs politisk\u0101 sp\u0113ka vad\u012bt\u0101ja Ilze Indriksone,&hellip;\n","protected":false},"author":2,"featured_media":73656,"comment_status":"","ping_status":"","sticky":false,"template":"","format":"standard","meta":{"footnotes":""},"categories":[5],"tags":[23,11961,28,29,32,33,22,8980,18733,10184,18731,30,31,35,39,38,36,37,34,40,11702,2607,11330,20,26,27,18732,1398,24,25,21],"class_list":{"0":"post-73655","1":"post","2":"type-post","3":"status-publish","4":"format-standard","5":"has-post-thumbnail","7":"category-aktualitates","8":"tag-aktualitates","9":"tag-arturs-butans","10":"tag-breaking-news","11":"tag-breakingnews","12":"tag-featured-news","13":"tag-featurednews","14":"tag-headlines","15":"tag-ilze-indriksone","16":"tag-imants-paradnieks","17":"tag-inara-murniece","18":"tag-janis-dombrava","19":"tag-latest-news","20":"tag-latestnews","21":"tag-latvia","22":"tag-latvian","23":"tag-latviesu","24":"tag-latviesu-valoda","25":"tag-latviesuvaloda","26":"tag-latvija","27":"tag-lv","28":"tag-ministru-prezidents","29":"tag-nacionala-apvieniba","30":"tag-nauris-puntulis","31":"tag-news","32":"tag-popularakas-zinas","33":"tag-popularakaszinas","34":"tag-raivis-dzintars","35":"tag-rihards-kozlovskis","36":"tag-top-stories","37":"tag-topstories","38":"tag-zinas"},"share_on_mastodon":{"url":"","error":"Validation failed: Text character limit of 500 exceeded"},"_links":{"self":[{"href":"https:\/\/www.europesays.com\/lv\/wp-json\/wp\/v2\/posts\/73655","targetHints":{"allow":["GET"]}}],"collection":[{"href":"https:\/\/www.europesays.com\/lv\/wp-json\/wp\/v2\/posts"}],"about":[{"href":"https:\/\/www.europesays.com\/lv\/wp-json\/wp\/v2\/types\/post"}],"author":[{"embeddable":true,"href":"https:\/\/www.europesays.com\/lv\/wp-json\/wp\/v2\/users\/2"}],"replies":[{"embeddable":true,"href":"https:\/\/www.europesays.com\/lv\/wp-json\/wp\/v2\/comments?post=73655"}],"version-history":[{"count":0,"href":"https:\/\/www.europesays.com\/lv\/wp-json\/wp\/v2\/posts\/73655\/revisions"}],"wp:featuredmedia":[{"embeddable":true,"href":"https:\/\/www.europesays.com\/lv\/wp-json\/wp\/v2\/media\/73656"}],"wp:attachment":[{"href":"https:\/\/www.europesays.com\/lv\/wp-json\/wp\/v2\/media?parent=73655"}],"wp:term":[{"taxonomy":"category","embeddable":true,"href":"https:\/\/www.europesays.com\/lv\/wp-json\/wp\/v2\/categories?post=73655"},{"taxonomy":"post_tag","embeddable":true,"href":"https:\/\/www.europesays.com\/lv\/wp-json\/wp\/v2\/tags?post=73655"}],"curies":[{"name":"wp","href":"https:\/\/api.w.org\/{rel}","templated":true}]}}