{"id":73734,"date":"2025-12-13T22:10:43","date_gmt":"2025-12-13T22:10:43","guid":{"rendered":"https:\/\/www.europesays.com\/lv\/73734\/"},"modified":"2025-12-13T22:10:43","modified_gmt":"2025-12-13T22:10:43","slug":"vai-rail-baltica-posms-no-rigas-lidz-igaunijai-tiesam-netiks-istenots-silina-tas-nodeve-par-baumam","status":"publish","type":"post","link":"https:\/\/www.europesays.com\/lv\/73734\/","title":{"rendered":"&#8220;Vai &#8220;Rail Baltica&#8221; posms no R\u012bgas l\u012bdz Igaunijai tie\u0161\u0101m netiks \u012bstenots?&#8221; Sili\u0146a t\u0101s nod\u0113v\u0113 par baum\u0101m"},"content":{"rendered":"<p>Sili\u0146a uzsv\u0113ra, ka finans\u0113jums &#8220;Rail Baltica&#8221; ir visu triju Baltijas valstu kop\u012bg\u0101 priorit\u0101te. &#8220;M\u0113r\u0137is ir pan\u0101kt maksim\u0101lu atbalstu \u0161im projektam n\u0101kamaj\u0101 Eiropas Savien\u012bbas bud\u017eet\u0101,&#8221; teica Latvijas premjere un atz\u012bm\u0113ja, ka &#8220;Rail Baltica&#8221; \u012bsteno\u0161ana bija viena no galvenaj\u0101m Latvijas priorit\u0101t\u0113m Baltijas Ministru padom\u0113 2025. gad\u0101.<\/p>\n<p>Run\u0101jot par r\u012bc\u012bbu 2026. gad\u0101, Sili\u0146a pauda, ka &#8220;naudas b\u016bvniec\u012bbai \u0161obr\u012bd pietiek, atliek tikai b\u016bv\u0113t, b\u016bv\u0113t un b\u016bv\u0113t&#8221;.<\/p>\n<p>Vi\u0146aspr\u0101t, Latvij\u0101 projekts beidzot esot ticis nost no liel\u0101s publisk\u0101s rezonanses, kas projektam pozit\u012bvu t\u0113lu neesot nesis. Sili\u0146a uzsv\u0113ra, ka Latvijai ir gan Eiropas Savien\u012bbas nauda, gan finans\u0113jums no valsts bud\u017eeta, lai var\u0113tu b\u016bv\u0113t \u0161o projektu.<\/p>\n<p>Vienlaikus Sili\u0146a atzina, ka l\u012bdz galam nav apmierin\u0101ta ar cen\u0101m, kas ir biju\u0161as projekt\u0101. Tom\u0113r vi\u0146a pauda p\u0101rliec\u012bbu, ka &#8220;Rail Baltica&#8221; pamattrases projekt\u0113\u0161anas vad\u012bba, nododot to SIA &#8220;Eiropas dzelzce\u013ca l\u012bnijas&#8221; (EDzL) p\u0101rzi\u0146\u0101, p\u0101rnes projektu cit\u0101 l\u012bmen\u012b. &#8220;Projektam bija vajadz\u012bg\u0101ka stingr\u0101ka roka, stingr\u0101ka uzraudz\u012bba. Tagad tas ir uzlikts uz slied\u0113m,&#8221; uzskata Sili\u0146a.<\/p>\n","protected":false},"excerpt":{"rendered":"Sili\u0146a uzsv\u0113ra, ka finans\u0113jums &#8220;Rail Baltica&#8221; ir visu triju Baltijas valstu kop\u012bg\u0101 priorit\u0101te. &#8220;M\u0113r\u0137is ir pan\u0101kt maksim\u0101lu atbalstu&hellip;\n","protected":false},"author":2,"featured_media":73735,"comment_status":"","ping_status":"","sticky":false,"template":"","format":"standard","meta":{"footnotes":""},"categories":[5],"tags":[23,28,29,1249,32,33,22,73,30,31,35,39,38,36,37,34,40,20,26,27,948,172,24,25,21],"class_list":{"0":"post-73734","1":"post","2":"type-post","3":"status-publish","4":"format-standard","5":"has-post-thumbnail","7":"category-aktualitates","8":"tag-aktualitates","9":"tag-breaking-news","10":"tag-breakingnews","11":"tag-evika-silina","12":"tag-featured-news","13":"tag-featurednews","14":"tag-headlines","15":"tag-igaunija","16":"tag-latest-news","17":"tag-latestnews","18":"tag-latvia","19":"tag-latvian","20":"tag-latviesu","21":"tag-latviesu-valoda","22":"tag-latviesuvaloda","23":"tag-latvija","24":"tag-lv","25":"tag-news","26":"tag-popularakas-zinas","27":"tag-popularakaszinas","28":"tag-rail-baltica","29":"tag-riga","30":"tag-top-stories","31":"tag-topstories","32":"tag-zinas"},"share_on_mastodon":{"url":"https:\/\/pubeurope.com\/@lv\/115714550871962363","error":""},"_links":{"self":[{"href":"https:\/\/www.europesays.com\/lv\/wp-json\/wp\/v2\/posts\/73734","targetHints":{"allow":["GET"]}}],"collection":[{"href":"https:\/\/www.europesays.com\/lv\/wp-json\/wp\/v2\/posts"}],"about":[{"href":"https:\/\/www.europesays.com\/lv\/wp-json\/wp\/v2\/types\/post"}],"author":[{"embeddable":true,"href":"https:\/\/www.europesays.com\/lv\/wp-json\/wp\/v2\/users\/2"}],"replies":[{"embeddable":true,"href":"https:\/\/www.europesays.com\/lv\/wp-json\/wp\/v2\/comments?post=73734"}],"version-history":[{"count":0,"href":"https:\/\/www.europesays.com\/lv\/wp-json\/wp\/v2\/posts\/73734\/revisions"}],"wp:featuredmedia":[{"embeddable":true,"href":"https:\/\/www.europesays.com\/lv\/wp-json\/wp\/v2\/media\/73735"}],"wp:attachment":[{"href":"https:\/\/www.europesays.com\/lv\/wp-json\/wp\/v2\/media?parent=73734"}],"wp:term":[{"taxonomy":"category","embeddable":true,"href":"https:\/\/www.europesays.com\/lv\/wp-json\/wp\/v2\/categories?post=73734"},{"taxonomy":"post_tag","embeddable":true,"href":"https:\/\/www.europesays.com\/lv\/wp-json\/wp\/v2\/tags?post=73734"}],"curies":[{"name":"wp","href":"https:\/\/api.w.org\/{rel}","templated":true}]}}