{"id":73736,"date":"2025-12-13T22:13:07","date_gmt":"2025-12-13T22:13:07","guid":{"rendered":"https:\/\/www.europesays.com\/lv\/73736\/"},"modified":"2025-12-13T22:13:07","modified_gmt":"2025-12-13T22:13:07","slug":"%e2%80%b3ogre%e2%80%b3-un-%e2%80%b3valmiera-glass%e2%80%b3-via-cer-uzvaret-igaunija-lente-lv","status":"publish","type":"post","link":"https:\/\/www.europesays.com\/lv\/73736\/","title":{"rendered":"\u2033Ogre\u2033 un \u2033Valmiera Glass\u2033\/ViA cer uzvar\u0113t Igaunij\u0101 &#8211; Lente.lv"},"content":{"rendered":"<ol>\n<li><a href=\"https:\/\/news.google.com\/rss\/articles\/CBMikwFBVV95cUxNTXNJZXJqaVB2MVFOZnR4dW1ZQTBaSjh3UGdWN19aRWVFVm1yUlNqNm1LNzZPVTktUUs0a2lsNkxLVTBOSG1zRzk0dGVDcjF0clpjYnE5SWJhWF9aR1NuNks3N0x5bXl0ekpmZ0t3RkYyakItRUNHZGR6QkhwRVZoZVlaa3MyMVBuNElZM1otbDdSbzg?oc=5\" target=\"_blank\" rel=\"nofollow noopener\">\u2033Ogre\u2033 un \u2033Valmiera Glass\u2033\/ViA cer uzvar\u0113t Igaunij\u0101<\/a>&nbsp;&nbsp;Lente.lv<\/li>\n<li><a href=\"https:\/\/news.google.com\/rss\/articles\/CBMinAFBVV95cUxQTDdyVzYzWjZRT09uQ1NhQ2hQX29qWmdCSUl6WC1VVldreHJDaDBpcTdGa1I5LTFBZFNJS2Ric2tzbGxwUlZmcWp3SlI1MlBaVzgzS3U1YnpaVE5hcjdBckFYY0YwR0dVV2VVVWxpNEp6WlFYeDRaVEk3dndIc1dlRGh2Zy0zNkE4YzJCZ1NWYlhTZksyQTRtRjcta1A?oc=5\" target=\"_blank\" rel=\"nofollow noopener\">Tie\u0161raide: VEF R\u012bga &#8211; Transcom P\u00e4rnu Latvijas-Igaunijas basketbola l\u012bga<\/a>&nbsp;&nbsp;Sportacentrs.com<\/li>\n<li><a href=\"https:\/\/news.google.com\/rss\/articles\/CBMinAFBVV95cUxOVHpsSERuekZDcnBIYW4wRXBVS3NUd2NNYTY0R1g0Y1JEMTF3WDdmVDdOV2I5cDhxUTlQTUpSVG1NVFZ1WFpXX3BQemZ4aUlwSnZfZGpaVzZSTG5pVkR0aWVLWTNheWNiYzVPTkkzck9TQ0pvMWVUVFBkVVAtQ1ZEdVhnTUxuNzBlTVRyVmUzZk1pampKUzlKS3d5LTc?oc=5\" target=\"_blank\" rel=\"nofollow noopener\">&#8220;VEF R\u012bga&#8221; uzvar P\u0113rnavas basketbolistus<\/a>&nbsp;&nbsp;Delfi<\/li>\n<li><a href=\"https:\/\/news.google.com\/rss\/articles\/CBMirwFBVV95cUxOeWozRE4wRnh6ekdOYkJYTnYxdVJITk93TEQwOGYzcFh4OU1SZWpKVFR0eksxVkRoLWtHWXBMVTVjNXFSQjVISnNQbER6UkFGZHo0QXluOWVRNmliWkZ6bGdjdEkyX0dOU04xNVpVaVJzNloyRWE1anYxUTF1bmJtZGdsNkVXbDBDTDJpZGhiR0NPc2haX2J6amxQYzZxUjJ2cjFDUXdlSW1ncTFpUmI0?oc=5\" target=\"_blank\" rel=\"nofollow noopener\">Nopietns p\u0101rbaud\u012bjums \u2013 VALMIERA GLASS VIA viesosies pie \u201cOptibet\u201d LIBL l\u012bdervien\u012bbas<\/a>&nbsp;&nbsp;Sportazinas.com<\/li>\n<li><a href=\"https:\/\/news.google.com\/rss\/articles\/CBMilAFBVV95cUxQaWo4N0t1VE9qSmszWXFGazhiUFdrQzQxdHhNRXM1SjM2eHRXU0RWcWNxZEJvOVB1NzUxaXpiem1aZ0NYbkxJUW0wRnVqYlRzeEhnN05mMWU5NHF6MFg0dm1XUTVDRjBmR0VHRGtnZTlQTmhlNG5KN0ZqcTh0VVJ5NlhseW1fYnV2enRlV1dTZFBEc2hz?oc=5\" target=\"_blank\" rel=\"nofollow noopener\">&#8220;VEF R\u012bga&#8221; bez vair\u0101kiem l\u012bderiem otraj\u0101 puslaik\u0101 nolau\u017e p\u0113rnavie\u0161u pretest\u012bbu \u2013 Basketbols<\/a>&nbsp;&nbsp;Sportacentrs.com<\/li>\n<\/ol>\n","protected":false},"excerpt":{"rendered":"\u2033Ogre\u2033 un \u2033Valmiera Glass\u2033\/ViA cer uzvar\u0113t Igaunij\u0101&nbsp;&nbsp;Lente.lv Tie\u0161raide: VEF R\u012bga &#8211; Transcom P\u00e4rnu Latvijas-Igaunijas basketbola l\u012bga&nbsp;&nbsp;Sportacentrs.com &#8220;VEF R\u012bga&#8221;&hellip;\n","protected":false},"author":2,"featured_media":73737,"comment_status":"","ping_status":"","sticky":false,"template":"","format":"standard","meta":{"footnotes":""},"categories":[17],"tags":[145,73,35,39,38,36,37,34,11203,40,10903,67,16912],"class_list":{"0":"post-73736","1":"post","2":"type-post","3":"status-publish","4":"format-standard","5":"has-post-thumbnail","7":"category-sports","8":"tag-basketbols","9":"tag-igaunija","10":"tag-latvia","11":"tag-latvian","12":"tag-latviesu","13":"tag-latviesu-valoda","14":"tag-latviesuvaloda","15":"tag-latvija","16":"tag-latvijas-igaunijas-liga","17":"tag-lv","18":"tag-ogre","19":"tag-sports","20":"tag-valmiera-glass"},"share_on_mastodon":{"url":"https:\/\/pubeurope.com\/@lv\/115714562751856067","error":""},"_links":{"self":[{"href":"https:\/\/www.europesays.com\/lv\/wp-json\/wp\/v2\/posts\/73736","targetHints":{"allow":["GET"]}}],"collection":[{"href":"https:\/\/www.europesays.com\/lv\/wp-json\/wp\/v2\/posts"}],"about":[{"href":"https:\/\/www.europesays.com\/lv\/wp-json\/wp\/v2\/types\/post"}],"author":[{"embeddable":true,"href":"https:\/\/www.europesays.com\/lv\/wp-json\/wp\/v2\/users\/2"}],"replies":[{"embeddable":true,"href":"https:\/\/www.europesays.com\/lv\/wp-json\/wp\/v2\/comments?post=73736"}],"version-history":[{"count":0,"href":"https:\/\/www.europesays.com\/lv\/wp-json\/wp\/v2\/posts\/73736\/revisions"}],"wp:featuredmedia":[{"embeddable":true,"href":"https:\/\/www.europesays.com\/lv\/wp-json\/wp\/v2\/media\/73737"}],"wp:attachment":[{"href":"https:\/\/www.europesays.com\/lv\/wp-json\/wp\/v2\/media?parent=73736"}],"wp:term":[{"taxonomy":"category","embeddable":true,"href":"https:\/\/www.europesays.com\/lv\/wp-json\/wp\/v2\/categories?post=73736"},{"taxonomy":"post_tag","embeddable":true,"href":"https:\/\/www.europesays.com\/lv\/wp-json\/wp\/v2\/tags?post=73736"}],"curies":[{"name":"wp","href":"https:\/\/api.w.org\/{rel}","templated":true}]}}