{"id":73771,"date":"2025-12-13T22:41:31","date_gmt":"2025-12-13T22:41:31","guid":{"rendered":"https:\/\/www.europesays.com\/lv\/73771\/"},"modified":"2025-12-13T22:41:31","modified_gmt":"2025-12-13T22:41:31","slug":"hawks-bez-porzinga-zaude-pistons-komandai-delfi","status":"publish","type":"post","link":"https:\/\/www.europesays.com\/lv\/73771\/","title":{"rendered":"&quot;Hawks&quot; bez Porzi\u0146\u0123a zaud\u0113 &quot;Pistons&quot; komandai &#8211; Delfi"},"content":{"rendered":"<ol>\n<li><a href=\"https:\/\/news.google.com\/rss\/articles\/CBMioAFBVV95cUxQU1dpbzNrR0dyVnFxa1lBNXFxZlB0Q2hBUzUwNDBlVmtVWTYxVURpVVVPbUk3NVN4WXVUcWxELXJmVjFaLVEzVW5Dajc0MjRFZ1Q5SVI3d3E5S09HWXpFY2RwbDRXb0I4VV82aldQWGduamhROGRBVTBlTWg2M1ZqazFtQjN0c1Q1eFRDYmxoM3pHN2xFNjlWbzlybTBaTl9L?oc=5\" target=\"_blank\" rel=\"nofollow noopener\">&#8220;Hawks&#8221; bez Porzi\u0146\u0123a zaud\u0113 &#8220;Pistons&#8221; komandai<\/a>&nbsp;&nbsp;Delfi<\/li>\n<li><a href=\"https:\/\/news.google.com\/rss\/articles\/CBMirgFBVV95cUxOWFRjVEdwLTVhLWRDWUtwNlpUMTlkbk41U2NBOF9MZExOMEZGTFVkSVhPeDR3WE9OREhTeHk0NjVsYlRFenFRZFllak5kekdvdEdNRExZU1o3RkxyWm9ER3pqRzdEMG15dC1YVlFNQkRnY3I0QzZWU1VOaG42TzloM0drZkI0OHJVSEJkN0NqdjRyV3ZoTG5PMHFJMXRrTFIyYmN0MnpUb1lrVDA2bWc?oc=5\" target=\"_blank\" rel=\"nofollow noopener\">Hawks\u2033 bez Porzi\u0146\u0123a j\u0101p\u0101rvar austrumu l\u012bdervien\u012bbas p\u0101rbaud\u012bjums \u2013 Basketbols<\/a>&nbsp;&nbsp;Sportacentrs.com<\/li>\n<li><a href=\"https:\/\/news.google.com\/rss\/articles\/CBMixwFBVV95cUxPZkRncjNXQi1hQjZ4b082RG45YlY3NXB4TUo1MTR4Z2hmdGd5WG42ZFNqUTcxNWIyU21jU0oxbmpwZHJXd1k1WHdFT24xdVd1SFFFU3l6T1BDVkVuMWpfWXo1VTYtNFBxdlFtVjdiUnIxQzA1T2FkWmlYbTNOMllETTdtMHF6ZjRVWUF0aEhLZ0R4d2RXYU02RjI0VFBwNmtBWlo1WkFKZjJTOW1pd2pkRXZEeVhRa3QtNTVtLXpZY05Gc00wcW5z?oc=5\" target=\"_blank\" rel=\"nofollow noopener\">&#8220;Hawks&#8221; izdz\u012bvo tikai puslaiku, Mi\u010delam fantastiska sp\u0113le, Karija lielisk\u0101 atgrie\u0161an\u0101s negl\u0101bj &#8220;Warriors&#8221;<\/a>&nbsp;&nbsp;Sportazinas.com<\/li>\n<li><a href=\"https:\/\/news.google.com\/rss\/articles\/CBMipgFBVV95cUxQZVFBRF9Qc1VUWlJkODZtbzV0akR6cDdsbmEzX1d1VUFQdXhRSXF1bjllNW96RmN1STZTX1N6OUxQQ1VMeVFyTlVwMDY2LW5JT3ZkbG9wYzd5VzBVZHpLNDlSX0o4eUNDaGNDb1BVdlNyVmU2MDMwTDZJTW1Ld3RfUHF1cEUtUnNHTFNvQ3ItZ1JFY3V6VDUyNkI2WG40dkxyNWNJbmRB?oc=5\" target=\"_blank\" rel=\"nofollow noopener\">Kristaps Porzi\u0146\u0123is: Pa\u0161reiz\u0113j\u0101 saslim\u0161ana nav saist\u012bta ar pavasara nesp\u0113ku<\/a>&nbsp;&nbsp;Apollo.lv<\/li>\n<li><a href=\"https:\/\/news.google.com\/rss\/articles\/CBMihgFBVV95cUxOOXd1aURlSjl3V0xFRmg5VkpZZ1c0R1NzeWhZM2gzRzN0Ul9jUGxub1EtcFpsYVN5WnhDamRRcTdKTHF1TGxBWElMNy1YdnEtd0t2cTdFejN3dHZ0d1p2Skg4dGc3RXpnT1BObW9UWUF4aENtaU9kazlyaEpsUS1jVGI5U2U3Zw?oc=5\" target=\"_blank\" rel=\"nofollow noopener\">&#8220;Hawks&#8221; bez sasirgu\u0161\u0101 Porzi\u0146\u0123a piedz\u012bvo zaud\u0113jumu<\/a>&nbsp;&nbsp;TVNET Sports<\/li>\n<\/ol>\n","protected":false},"excerpt":{"rendered":"&#8220;Hawks&#8221; bez Porzi\u0146\u0123a zaud\u0113 &#8220;Pistons&#8221; komandai&nbsp;&nbsp;Delfi Hawks\u2033 bez Porzi\u0146\u0123a j\u0101p\u0101rvar austrumu l\u012bdervien\u012bbas p\u0101rbaud\u012bjums \u2013 Basketbols&nbsp;&nbsp;Sportacentrs.com &#8220;Hawks&#8221; izdz\u012bvo tikai&hellip;\n","protected":false},"author":2,"featured_media":73772,"comment_status":"","ping_status":"","sticky":false,"template":"","format":"standard","meta":{"footnotes":""},"categories":[5],"tags":[23,28,29,32,33,22,1260,30,31,35,39,38,36,37,34,40,20,26,27,24,25,21],"class_list":{"0":"post-73771","1":"post","2":"type-post","3":"status-publish","4":"format-standard","5":"has-post-thumbnail","7":"category-aktualitates","8":"tag-aktualitates","9":"tag-breaking-news","10":"tag-breakingnews","11":"tag-featured-news","12":"tag-featurednews","13":"tag-headlines","14":"tag-kristaps-porzingis","15":"tag-latest-news","16":"tag-latestnews","17":"tag-latvia","18":"tag-latvian","19":"tag-latviesu","20":"tag-latviesu-valoda","21":"tag-latviesuvaloda","22":"tag-latvija","23":"tag-lv","24":"tag-news","25":"tag-popularakas-zinas","26":"tag-popularakaszinas","27":"tag-top-stories","28":"tag-topstories","29":"tag-zinas"},"share_on_mastodon":{"url":"https:\/\/pubeurope.com\/@lv\/115714672850324767","error":""},"_links":{"self":[{"href":"https:\/\/www.europesays.com\/lv\/wp-json\/wp\/v2\/posts\/73771","targetHints":{"allow":["GET"]}}],"collection":[{"href":"https:\/\/www.europesays.com\/lv\/wp-json\/wp\/v2\/posts"}],"about":[{"href":"https:\/\/www.europesays.com\/lv\/wp-json\/wp\/v2\/types\/post"}],"author":[{"embeddable":true,"href":"https:\/\/www.europesays.com\/lv\/wp-json\/wp\/v2\/users\/2"}],"replies":[{"embeddable":true,"href":"https:\/\/www.europesays.com\/lv\/wp-json\/wp\/v2\/comments?post=73771"}],"version-history":[{"count":0,"href":"https:\/\/www.europesays.com\/lv\/wp-json\/wp\/v2\/posts\/73771\/revisions"}],"wp:featuredmedia":[{"embeddable":true,"href":"https:\/\/www.europesays.com\/lv\/wp-json\/wp\/v2\/media\/73772"}],"wp:attachment":[{"href":"https:\/\/www.europesays.com\/lv\/wp-json\/wp\/v2\/media?parent=73771"}],"wp:term":[{"taxonomy":"category","embeddable":true,"href":"https:\/\/www.europesays.com\/lv\/wp-json\/wp\/v2\/categories?post=73771"},{"taxonomy":"post_tag","embeddable":true,"href":"https:\/\/www.europesays.com\/lv\/wp-json\/wp\/v2\/tags?post=73771"}],"curies":[{"name":"wp","href":"https:\/\/api.w.org\/{rel}","templated":true}]}}