{"id":73795,"date":"2025-12-13T23:03:25","date_gmt":"2025-12-13T23:03:25","guid":{"rendered":"https:\/\/www.europesays.com\/lv\/73795\/"},"modified":"2025-12-13T23:03:25","modified_gmt":"2025-12-13T23:03:25","slug":"es-atbrivo-piecas-valstis-no-migrantu-uznemsanas-orbans-sola-sacelsanos-lente-lv","status":"publish","type":"post","link":"https:\/\/www.europesays.com\/lv\/73795\/","title":{"rendered":"ES atbr\u012bvo piecas valstis no migrantu uz\u0146em\u0161anas; Orb\u0101ns sola &#8220;sacel\u0161anos&#8221;\u00a0\u2014\u00a0Lente.lv"},"content":{"rendered":"<p>ES pie\u0161\u0137ir atbr\u012bvojumu no migrantu uz\u0146em\u0161anas pien\u0101kuma piec\u0101m valst\u012bm<\/p>\n<p>Eiropas Savien\u012bba ir pie\u0146\u0113musi noz\u012bm\u012bgu l\u0113mumu, uz laiku atbr\u012bvojot piecas dal\u012bbvalstis \u2013 Poliju, Austriju, Horv\u0101tiju, \u010cehiju un Igauniju \u2013 no pien\u0101kuma uz\u0146emt tre\u0161o valstu imigrantus. \u0160\u012b atbr\u012bvojuma pie\u0161\u0137ir\u0161ana n\u0101kusi no t\u0101 d\u0113v\u0113t\u0101 \u201csolidarit\u0101tes p\u016bla\u201d, kas paredz dal\u012bbvalstu savstarp\u0113ju atbalstu migr\u0101cijas kr\u012bzes situ\u0101cij\u0101s.<\/p>\n<p>L\u0113mums tika ofici\u0101li apstiprin\u0101ts Eiropas Savien\u012bbas iek\u0161lietu ministru san\u0101ksm\u0113 Brisel\u0113, kas norisin\u0101j\u0101s pirmdien, 8. decembr\u012b. Inform\u0101cija par \u0161o notikumu tika publiskota, un to izplat\u012bja Polijas Radio, piev\u0113r\u0161ot pla\u0161\u0101ku uzman\u012bbu \u0161ai b\u016btiskajai izmai\u0146ai ES migr\u0101cijas politik\u0101. Tas ir pav\u0113rsiena punkts, kas var\u0113tu main\u012bt dal\u012bbvalstu attieksmi pret kop\u0113jo migr\u0101cijas politiku un t\u0101s \u012bsteno\u0161anu.<\/p>\n<p>Orb\u0101ns sola &#8220;sacel\u0161anos&#8221; pret ES politiku<\/p>\n<p>Tikm\u0113r Ung\u0101rijas premjerministrs Viktors Orb\u0101ns ir izteicis skarbu kritiku pret Eiropas Savien\u012bbas migr\u0101cijas politiku, solot \u201csacel\u0161anos\u201d. \u0160is pazi\u0146ojums sakr\u012bt ar br\u012bdi, kad ES cen\u0161as stiprin\u0101t savas robe\u017eas un p\u0101rskat\u012bt patv\u0113ruma pieteikumu izskat\u012b\u0161anas proced\u016bras. Orb\u0101ns jau iepriek\u0161 ir bijis ska\u013c\u0161 kriti\u0137is Brisele pie\u0146emtajiem l\u0113mumiem, \u012bpa\u0161i attiec\u012bb\u0101 uz imigr\u0101ciju, un vi\u0146a retorika bie\u017ei vien ir v\u0113rsta pret to, ko vi\u0146\u0161 d\u0113v\u0113 par \u201cliber\u0101l\u0101s demokr\u0101tijas uzspie\u0161anu\u201d un nacion\u0101l\u0101s identit\u0101tes apdraud\u0113jumu. Vi\u0146\u0161 ir sal\u012bdzin\u0101jis Eiropas Savien\u012bbu ar Padomju Savien\u012bbu, pau\u017eot neapmierin\u0101t\u012bbu ar Briseles politikas virzienu. Vi\u0146a kritika aptver ar\u012b ES politiku attiec\u012bb\u0101 uz migr\u0101ciju, ko vi\u0146\u0161 uzskata par p\u0101r\u0101k atv\u0113rtu, un ES dal\u012bbvalstu iesaisti starptautiskos konfliktos.<\/p>\n<p>Jaun\u0101s ES migr\u0101cijas reformas \u2013 stingr\u0101ki noteikumi un solidarit\u0101tes fonds<\/p>\n<p>\u0160\u012b gada beig\u0101s Eiropas Savien\u012bb\u0101 notika b\u016btiskas diskusijas par migr\u0101cijas politikas reformu, kas paredz stingr\u0101kus noteikumus gan patv\u0113ruma pieteikumu izskat\u012b\u0161an\u0101, gan migrantu izraid\u012b\u0161an\u0101. Jaun\u0101 reforma dod dal\u012bbvalst\u012bm liel\u0101kas pilnvaras izraid\u012bt personas, kur\u0101m nav ties\u012bbu uztur\u0113ties un str\u0101d\u0101t ES teritorij\u0101. T\u0101pat pl\u0101nots izveidot patv\u0113ruma pieteikumu apstr\u0101des centrus un \u201cizraid\u012b\u0161anas centrus\u201d \u0101rpus ES robe\u017e\u0101m, lai nov\u0113rstu stimulus doties b\u012bstamos ce\u013cojumos uz Eiropu. Lai gan neleg\u0101l\u0101 imigr\u0101cija Eirop\u0101 \u0161ogad ir samazin\u0101jusies par aptuveni 20-35% sal\u012bdzin\u0101jum\u0101 ar iepriek\u0161\u0113jo gadu, spiediens mekl\u0113t jaunus risin\u0101jumus t\u0101s ierobe\u017eo\u0161anai nav mazin\u0101jies. \u0160\u012b situ\u0101cija mudina dal\u012bbvalstis r\u012bkoties strauj\u0101k, lai sabiedr\u012bbai rastos saj\u016bta, ka notieko\u0161ais ir kontrol\u0113ts.<\/p>\n<p>Viena no jaun\u0101s reformas b\u016btiskaj\u0101m sast\u0101vda\u013c\u0101m ir \u201csolidarit\u0101tes fonds\u201d, kura m\u0113r\u0137is ir pal\u012bdz\u0113t t\u0101m dal\u012bbvalst\u012bm, kuras visvair\u0101k skar migr\u0101cijas kr\u012bze. \u0160\u012b sist\u0113ma paredz, ka dal\u012bbvalst\u012bm b\u016bs j\u0101izv\u0113las \u2013 vai nu t\u0101s pie\u0146ems noteiktu skaitu migrantu, vai ar\u012b veiks finansi\u0101lu iemaksu par atteik\u0161anos to dar\u012bt. Princips ir l\u012bdz\u012bgs k\u0101 sporta komand\u0101, kur sp\u0113c\u012bg\u0101kie pal\u012bdz v\u0101j\u0101kajiem, lai visa komanda g\u016btu pan\u0101kumus. Tom\u0113r \u0161\u0101ds meh\u0101nisms rada ar\u012b ba\u017eas un diskusijas starp dal\u012bbvalst\u012bm, kuras cen\u0161as pan\u0101kt sev labv\u0113l\u012bgus iz\u0146\u0113mumus.<\/p>\n<p>Latvija mekl\u0113 iz\u0146\u0113mumu un pau\u017e ba\u017eas<\/p>\n<p>Latvija ir viena no valst\u012bm, kas ir izteikusi v\u0113lmi l\u016bgt iz\u0146\u0113mumu no dal\u012bbas \u0161aj\u0101 solidarit\u0101tes meh\u0101nism\u0101. Iek\u0161lietu ministrs Rihards Kozlovskis ir atk\u0101rtoti aicin\u0101jis pie\u0161\u0137irt Latvijai iz\u0146\u0113mumu no dal\u012bbas solidarit\u0101tes meh\u0101nism\u0101 attiec\u012bb\u0101 uz patv\u0113ruma mekl\u0113t\u0101ju uz\u0146em\u0161anu. Vi\u0146a argumenti balst\u0101s uz to, ka Latvijas faktisk\u0101 situ\u0101cija migr\u0101cijas jom\u0101 at\u0161\u0137iras no kop\u0113j\u0101s statistikas un ka valsts jau ilgsto\u0161i ir ieguld\u012bjusi ES austrumu robe\u017eas stiprin\u0101\u0161an\u0101 un c\u012b\u0146\u0101 pret migrantu instrumentaliz\u0101ciju. T\u0101d\u0113\u013c Latvija ir gatava sniegt atbalstu solidarit\u0101tes rezerv\u0113 ar citiem pas\u0101kumiem, piem\u0113ram, daloties ar ekspertu zin\u0101\u0161an\u0101m vai sniedzot tehnisko pal\u012bdz\u012bbu, bet nav gatava uz\u0146emt patv\u0113ruma mekl\u0113t\u0101jus sav\u0101 teritorij\u0101 vai veikt finansi\u0101las iemaksas.<\/p>\n<p>\u0160ie jaunie l\u0113mumi un diskusijas par migr\u0101cijas politiku atspogu\u013co sare\u017e\u0123\u012bto un daudz\u0101s front\u0113s notieko\u0161o dialogu Eiropas Savien\u012bbas dal\u012bbvalstu starp\u0101. Lai gan m\u0113r\u0137is ir stiprin\u0101t dro\u0161\u012bbu un kontroli p\u0101r migr\u0101cijas pl\u016bsm\u0101m, katrai valstij ir savas specifisk\u0101s probl\u0113mas un vajadz\u012bbas, kas rada nepiecie\u0161am\u012bbu p\u0113c individu\u0101liem risin\u0101jumiem un elast\u012bbas kop\u0113j\u0101s politikas ietvaros.<\/p>\n","protected":false},"excerpt":{"rendered":"ES pie\u0161\u0137ir atbr\u012bvojumu no migrantu uz\u0146em\u0161anas pien\u0101kuma piec\u0101m valst\u012bm Eiropas Savien\u012bba ir pie\u0146\u0113musi noz\u012bm\u012bgu l\u0113mumu, uz laiku atbr\u012bvojot&hellip;\n","protected":false},"author":2,"featured_media":73796,"comment_status":"","ping_status":"","sticky":false,"template":"","format":"standard","meta":{"footnotes":""},"categories":[14],"tags":[23,57,28,29,514,32,33,22,30,31,35,39,38,36,37,34,40,4637,18773,20,26,27,18772,24,25,2508,54,55,56,21,58],"class_list":{"0":"post-73795","1":"post","2":"type-post","3":"status-publish","4":"format-standard","5":"has-post-thumbnail","7":"category-zinas-no-arvalstim","8":"tag-aktualitates","9":"tag-arvalstim","10":"tag-breaking-news","11":"tag-breakingnews","12":"tag-eiropas-savieniba","13":"tag-featured-news","14":"tag-featurednews","15":"tag-headlines","16":"tag-latest-news","17":"tag-latestnews","18":"tag-latvia","19":"tag-latvian","20":"tag-latviesu","21":"tag-latviesu-valoda","22":"tag-latviesuvaloda","23":"tag-latvija","24":"tag-lv","25":"tag-migracijas-politika","26":"tag-migracijas-reforma","27":"tag-news","28":"tag-popularakas-zinas","29":"tag-popularakaszinas","30":"tag-solidaritates-puls","31":"tag-top-stories","32":"tag-topstories","33":"tag-viktors-orbans","34":"tag-world","35":"tag-world-news","36":"tag-worldnews","37":"tag-zinas","38":"tag-zinas-no-arvalstim"},"share_on_mastodon":{"url":"","error":"Validation failed: Text character limit of 500 exceeded"},"_links":{"self":[{"href":"https:\/\/www.europesays.com\/lv\/wp-json\/wp\/v2\/posts\/73795","targetHints":{"allow":["GET"]}}],"collection":[{"href":"https:\/\/www.europesays.com\/lv\/wp-json\/wp\/v2\/posts"}],"about":[{"href":"https:\/\/www.europesays.com\/lv\/wp-json\/wp\/v2\/types\/post"}],"author":[{"embeddable":true,"href":"https:\/\/www.europesays.com\/lv\/wp-json\/wp\/v2\/users\/2"}],"replies":[{"embeddable":true,"href":"https:\/\/www.europesays.com\/lv\/wp-json\/wp\/v2\/comments?post=73795"}],"version-history":[{"count":0,"href":"https:\/\/www.europesays.com\/lv\/wp-json\/wp\/v2\/posts\/73795\/revisions"}],"wp:featuredmedia":[{"embeddable":true,"href":"https:\/\/www.europesays.com\/lv\/wp-json\/wp\/v2\/media\/73796"}],"wp:attachment":[{"href":"https:\/\/www.europesays.com\/lv\/wp-json\/wp\/v2\/media?parent=73795"}],"wp:term":[{"taxonomy":"category","embeddable":true,"href":"https:\/\/www.europesays.com\/lv\/wp-json\/wp\/v2\/categories?post=73795"},{"taxonomy":"post_tag","embeddable":true,"href":"https:\/\/www.europesays.com\/lv\/wp-json\/wp\/v2\/tags?post=73795"}],"curies":[{"name":"wp","href":"https:\/\/api.w.org\/{rel}","templated":true}]}}