{"id":73805,"date":"2025-12-13T23:10:27","date_gmt":"2025-12-13T23:10:27","guid":{"rendered":"https:\/\/www.europesays.com\/lv\/73805\/"},"modified":"2025-12-13T23:10:27","modified_gmt":"2025-12-13T23:10:27","slug":"bus-jau-dzivosanai-nedrosas-valainis-mudina-strauji-mainit-pieeju-eku-siltinasanas-pasakumiem","status":"publish","type":"post","link":"https:\/\/www.europesays.com\/lv\/73805\/","title":{"rendered":"&#8220;B\u016bs jau dz\u012bvo\u0161anai nedro\u0161as!&#8221; Valainis mudina strauji main\u012bt pieeju \u0113ku siltin\u0101\u0161anas pas\u0101kumiem"},"content":{"rendered":"<p>Valsts kontroles rev\u012bzij\u0101 secin\u0101ts, ka \u0161obr\u012bd Latvij\u0101 ir renov\u0113ti vien 4% no daudzdz\u012bvok\u013cu \u0113k\u0101m, kur\u0101m ir nepiecie\u0161ama atjauno\u0161ana. Savuk\u0101rt Ekonomikas ministrs Viktors Valainis (ZZS) raid\u012bjum\u0101 &#8220;Spried ar Delfi&#8221; nor\u0101d\u012bja, ka siltin\u0101to \u0113ku apjoms tuv\u0101kajos gados ar\u012b b\u016btiski nepieaugs, ja vien netiks piln\u012bb\u0101 main\u012bta pieeja \u0113ku siltin\u0101\u0161anas pas\u0101kumu tv\u0113rumam un finans\u0113\u0161anai. P\u0113c ministra teikt\u0101, nemainot \u0161o pieeju, b\u016bs j\u0101run\u0101 nevis par \u0113ku energoefektivit\u0101ti, bet par to, vai visp\u0101r \u0161aj\u0101s \u0113k\u0101s ir dro\u0161i dz\u012bvot: &#8220;M\u0113s non\u0101ksim pie t\u0101, ka t\u0101s m\u0101jas vairs neb\u016bs tikai energoneefekt\u012bvas, bet b\u016bs jau dz\u012bvo\u0161anai nedro\u0161as.&#8221;<\/p>\n<p class=\"m-0\">Seko &#8220;Delfi&#8221; ar\u012b  <a target=\"_blank\" href=\"https:\/\/www.instagram.com\/delfi.lv\/\" rel=\"nofollow noopener\">Instagram<\/a>  un <a target=\"_blank\" href=\"https:\/\/www.youtube.com\/channel\/UCw5foWtcJvAbUm64rv7jwUQ\" rel=\"nofollow noopener\">YouTube<\/a>  profil\u0101 \u2013 pievienojies, lai uzzin\u0101tu svar\u012bg\u0101ko un interesant\u0101ko pirmais!<\/p>\n<p>Publik\u0101cijas saturs vai t\u0101s jebk\u0101da apjoma da\u013ca ir aizsarg\u0101ts autorties\u012bbu objekts Autorties\u012bbu likuma izpratn\u0113, un t\u0101 izmanto\u0161ana bez izdev\u0113ja at\u013caujas ir aizliegta. Vair\u0101k lasi  <a target=\"_blank\" href=\"https:\/\/www.delfi.lv\/noteikumi#autortiesibas\" rel=\"nofollow noopener\">\u0161eit<\/a><script async src=\"\/\/www.instagram.com\/embed.js\"><\/script><\/p>\n","protected":false},"excerpt":{"rendered":"Valsts kontroles rev\u012bzij\u0101 secin\u0101ts, ka \u0161obr\u012bd Latvij\u0101 ir renov\u0113ti vien 4% no daudzdz\u012bvok\u013cu \u0113k\u0101m, kur\u0101m ir nepiecie\u0161ama atjauno\u0161ana.&hellip;\n","protected":false},"author":2,"featured_media":73806,"comment_status":"","ping_status":"","sticky":false,"template":"","format":"standard","meta":{"footnotes":""},"categories":[12],"tags":[23,28,29,18338,5728,590,32,33,22,30,31,35,39,38,36,37,34,40,18339,20,4955,26,27,18778,17820,4954,24,25,592,21],"class_list":{"0":"post-73805","1":"post","2":"type-post","3":"status-publish","4":"format-standard","5":"has-post-thumbnail","7":"category-latvija","8":"tag-aktualitates","9":"tag-breaking-news","10":"tag-breakingnews","11":"tag-daudzdzivoklu-maja","12":"tag-delfi-plus","13":"tag-energoefektivitate","14":"tag-featured-news","15":"tag-featurednews","16":"tag-headlines","17":"tag-latest-news","18":"tag-latestnews","19":"tag-latvia","20":"tag-latvian","21":"tag-latviesu","22":"tag-latviesu-valoda","23":"tag-latviesuvaloda","24":"tag-latvija","25":"tag-lv","26":"tag-martins-abolins","27":"tag-news","28":"tag-par-aktualo","29":"tag-popularakas-zinas","30":"tag-popularakaszinas","31":"tag-renovacija","32":"tag-siltinasana","33":"tag-spried-ar-delfi","34":"tag-top-stories","35":"tag-topstories","36":"tag-viktors-valainis","37":"tag-zinas"},"share_on_mastodon":{"url":"","error":"Validation failed: Text character limit of 500 exceeded"},"_links":{"self":[{"href":"https:\/\/www.europesays.com\/lv\/wp-json\/wp\/v2\/posts\/73805","targetHints":{"allow":["GET"]}}],"collection":[{"href":"https:\/\/www.europesays.com\/lv\/wp-json\/wp\/v2\/posts"}],"about":[{"href":"https:\/\/www.europesays.com\/lv\/wp-json\/wp\/v2\/types\/post"}],"author":[{"embeddable":true,"href":"https:\/\/www.europesays.com\/lv\/wp-json\/wp\/v2\/users\/2"}],"replies":[{"embeddable":true,"href":"https:\/\/www.europesays.com\/lv\/wp-json\/wp\/v2\/comments?post=73805"}],"version-history":[{"count":0,"href":"https:\/\/www.europesays.com\/lv\/wp-json\/wp\/v2\/posts\/73805\/revisions"}],"wp:featuredmedia":[{"embeddable":true,"href":"https:\/\/www.europesays.com\/lv\/wp-json\/wp\/v2\/media\/73806"}],"wp:attachment":[{"href":"https:\/\/www.europesays.com\/lv\/wp-json\/wp\/v2\/media?parent=73805"}],"wp:term":[{"taxonomy":"category","embeddable":true,"href":"https:\/\/www.europesays.com\/lv\/wp-json\/wp\/v2\/categories?post=73805"},{"taxonomy":"post_tag","embeddable":true,"href":"https:\/\/www.europesays.com\/lv\/wp-json\/wp\/v2\/tags?post=73805"}],"curies":[{"name":"wp","href":"https:\/\/api.w.org\/{rel}","templated":true}]}}