{"id":73812,"date":"2025-12-13T23:22:25","date_gmt":"2025-12-13T23:22:25","guid":{"rendered":"https:\/\/www.europesays.com\/lv\/73812\/"},"modified":"2025-12-13T23:22:25","modified_gmt":"2025-12-13T23:22:25","slug":"ikgadeja-valsts-kontroles-un-iekseja-audita-strukturvienibu-foruma-stiprina-sadarbibu-publiskaja-sektora","status":"publish","type":"post","link":"https:\/\/www.europesays.com\/lv\/73812\/","title":{"rendered":"Ikgad\u0113j\u0101 Valsts kontroles un iek\u0161\u0113j\u0101 audita strukt\u016brvien\u012bbu forum\u0101 stiprina sadarb\u012bbu publiskaj\u0101 sektor\u0101"},"content":{"rendered":"<p>Tre\u0161dien, 10. decembr\u012b, norisin\u0101j\u0101s ikgad\u0113jais Valsts kontroles un iek\u0161\u0113j\u0101 audita strukt\u016brvien\u012bbu forums, kas vienuviet pulc\u0113ja valsts revidentus, valsts p\u0101rvaldes un pa\u0161vald\u012bbu iek\u0161\u0113jos auditorus, politikas veidot\u0101jus un sadarb\u012bbas partnerus, lai diskut\u0113tu par administrat\u012bv\u0101 sloga mazin\u0101\u0161anu, iek\u0161\u0113j\u0101 audita att\u012bst\u012bbu un efektivit\u0101tes uzlabo\u0161anu publiskaj\u0101 sektor\u0101.<\/p>\n<p>Pas\u0101kumu atkl\u0101ja Valsts kontrolieris Edgars Kor\u010dagins un Finan\u0161u ministrijas Iek\u0161\u0113j\u0101 audita departamenta direktore Arina Andrei\u010dika, uzrun\u0101 akcent\u0113jot:<\/p>\n<p>\u201cIek\u0161\u0113jais audits nav tikai kontroles instruments \u2013 tas ir strat\u0113\u0123isks sadarb\u012bbas partneris un atbalsts iest\u0101des vad\u012bbai, kas pal\u012bdz ieraudz\u012bt iesp\u0113jas vienk\u0101r\u0161ot procesus, mazin\u0101t lieku birokr\u0101tiju un str\u0101d\u0101t efekt\u012bv\u0101k sabiedr\u012bbas interes\u0113s.\u201d<\/p>\n<p>Forum\u0101 Latvijas un \u0101rvalstu eksperti dal\u012bj\u0101s pieredz\u0113 un diskut\u0113ja par iek\u0161\u0113j\u0101 audita praktisko ieguld\u012bjumu j\u0113gpilnu p\u0101rmai\u0146u \u012bsteno\u0161an\u0101 valsts un pa\u0161vald\u012bbu p\u0101rvald\u012bb\u0101, iek\u0161\u0113j\u0101s kontroles sist\u0113mas stiprin\u0101\u0161an\u0101 un efekt\u012bv\u0101k\u0101 resursu izmanto\u0161an\u0101. Vienlaikus tika uzsv\u0113rta ar\u012b birokr\u0101tijas mazin\u0101\u0161anas noz\u012bme un auditu pienesums sist\u0113misku probl\u0113mu risin\u0101\u0161an\u0101.<\/p>\n<p>Foruma ietvaros tika apskat\u012btas aktu\u0101l\u0101s p\u0101rmai\u0146as birokr\u0101tijas mazin\u0101\u0161anas jom\u0101, IKT dro\u0161\u012bbas auditu izaicin\u0101jumi, k\u0101 ar\u012b lietder\u012bbas auditu prakse, tostarp Austrijas Finan\u0161u ministrijas pieredze ilgtsp\u0113jas auditu veik\u0161an\u0101. Atsevi\u0161\u0137a uzman\u012bba tika piev\u0113rsta administrat\u012bv\u0101 sloga jaut\u0101jumiem ielu tirdzniec\u012bb\u0101 un izgl\u012bt\u012bbas nozar\u0113, analiz\u0113jot re\u0101los izaicin\u0101jumus un iesp\u0113jamos risin\u0101jumus. T\u0101pat tika prezent\u0113ti Valsts kontroles 2026. gad\u0101 pl\u0101notie rev\u012bziju virzieni un turpm\u0101k\u0101s sadarb\u012bbas iesp\u0113jas ar iek\u0161\u0113j\u0101 audita strukt\u016brvien\u012bb\u0101m.<\/p>\n<p>Foruma diskusij\u0101s tika uzsv\u0113rts, ka iek\u0161\u0113jais audits ir b\u016btiska m\u016bsdien\u012bgas publisk\u0101s p\u0101rvald\u012bbas sast\u0101vda\u013ca, kas pal\u012bdz ne tikai konstat\u0113t nepiln\u012bbas, bet ar\u012b sniegt praktiskus priek\u0161likumus procesu uzlabo\u0161anai, efektivit\u0101tes cel\u0161anai un sabiedr\u012bbas uztic\u0113\u0161an\u0101s stiprin\u0101\u0161anai.<\/p>\n<p>          <img decoding=\"async\" src=\"https:\/\/www.europesays.com\/lv\/wp-content\/uploads\/2025\/12\/1765388232_965_logo-lv.png\" alt=\"\"\/><\/p>\n<p>                  \u0160\u012b inform\u0101cija ir publisks pazi\u0146ojums un neatspogu\u013co LV port\u0101la viedokli. Par t\u0101s saturu atbild ies\u016bt\u012bt\u0101js. <a data-popup=\"rules\">Public\u0113\u0161anas noteikumi<\/a><\/p>\n","protected":false},"excerpt":{"rendered":"Tre\u0161dien, 10. decembr\u012b, norisin\u0101j\u0101s ikgad\u0113jais Valsts kontroles un iek\u0161\u0113j\u0101 audita strukt\u016brvien\u012bbu forums, kas vienuviet pulc\u0113ja valsts revidentus, valsts&hellip;\n","protected":false},"author":2,"featured_media":73270,"comment_status":"","ping_status":"","sticky":false,"template":"","format":"standard","meta":{"footnotes":""},"categories":[12],"tags":[23,28,29,32,33,22,30,31,35,39,38,36,37,34,40,20,26,27,24,25,21],"class_list":{"0":"post-73812","1":"post","2":"type-post","3":"status-publish","4":"format-standard","5":"has-post-thumbnail","7":"category-latvija","8":"tag-aktualitates","9":"tag-breaking-news","10":"tag-breakingnews","11":"tag-featured-news","12":"tag-featurednews","13":"tag-headlines","14":"tag-latest-news","15":"tag-latestnews","16":"tag-latvia","17":"tag-latvian","18":"tag-latviesu","19":"tag-latviesu-valoda","20":"tag-latviesuvaloda","21":"tag-latvija","22":"tag-lv","23":"tag-news","24":"tag-popularakas-zinas","25":"tag-popularakaszinas","26":"tag-top-stories","27":"tag-topstories","28":"tag-zinas"},"share_on_mastodon":{"url":"https:\/\/pubeurope.com\/@lv\/115714834087452855","error":""},"_links":{"self":[{"href":"https:\/\/www.europesays.com\/lv\/wp-json\/wp\/v2\/posts\/73812","targetHints":{"allow":["GET"]}}],"collection":[{"href":"https:\/\/www.europesays.com\/lv\/wp-json\/wp\/v2\/posts"}],"about":[{"href":"https:\/\/www.europesays.com\/lv\/wp-json\/wp\/v2\/types\/post"}],"author":[{"embeddable":true,"href":"https:\/\/www.europesays.com\/lv\/wp-json\/wp\/v2\/users\/2"}],"replies":[{"embeddable":true,"href":"https:\/\/www.europesays.com\/lv\/wp-json\/wp\/v2\/comments?post=73812"}],"version-history":[{"count":0,"href":"https:\/\/www.europesays.com\/lv\/wp-json\/wp\/v2\/posts\/73812\/revisions"}],"wp:featuredmedia":[{"embeddable":true,"href":"https:\/\/www.europesays.com\/lv\/wp-json\/wp\/v2\/media\/73270"}],"wp:attachment":[{"href":"https:\/\/www.europesays.com\/lv\/wp-json\/wp\/v2\/media?parent=73812"}],"wp:term":[{"taxonomy":"category","embeddable":true,"href":"https:\/\/www.europesays.com\/lv\/wp-json\/wp\/v2\/categories?post=73812"},{"taxonomy":"post_tag","embeddable":true,"href":"https:\/\/www.europesays.com\/lv\/wp-json\/wp\/v2\/tags?post=73812"}],"curies":[{"name":"wp","href":"https:\/\/api.w.org\/{rel}","templated":true}]}}