{"id":73815,"date":"2025-12-13T23:25:12","date_gmt":"2025-12-13T23:25:12","guid":{"rendered":"https:\/\/www.europesays.com\/lv\/73815\/"},"modified":"2025-12-13T23:25:12","modified_gmt":"2025-12-13T23:25:12","slug":"zviedru-volejbola-zvaigzne-haka-uz-slieksna-vienam-no-gada-lielakajiem-darijumiem-lente-lv","status":"publish","type":"post","link":"https:\/\/www.europesays.com\/lv\/73815\/","title":{"rendered":"Zviedru volejbola zvaigzne H\u0101ka uz sliek\u0161\u0146a vienam no gada liel\u0101kajiem dar\u012bjumiem\u00a0\u2014\u00a0Lente.lv"},"content":{"rendered":"<p>Zviedru Volejbola Zvaigzne H\u0101ka Karjera Virmo Uz Jauniem Augstumiem<\/p>\n<p>Izabelle H\u0101ka, viena no spo\u017e\u0101kaj\u0101m Zviedrijas volejbola zvaigzn\u0113m, st\u0101v uz sliek\u0161\u0146a, lai veiktu iespaid\u012bgu karjeras soli, kas var\u0113tu k\u013c\u016bt par vienu no gada noz\u012bm\u012bg\u0101kajiem dar\u012bjumiem volejbola pasaul\u0113. P\u0113c inform\u0101cijas, ko izplat\u012bjis atz\u012btais port\u0101ls &#8220;World OF Volley&#8221;, H\u0101ka ir \u013coti tuvu vieno\u0161an\u0101s nosl\u0113g\u0161anai ar Turcijas grandu, Stambulas &#8220;Galatasaray&#8221; klubu. \u0160\u0101ds p\u0101rejas variants ne vien pastiprin\u0101tu &#8220;Galatasaray&#8221; sast\u0101vu, bet ar\u012b atkal izceltu H\u0101ku starp pasaules elites volejbolist\u0113m.<\/p>\n<p>Potenci\u0101l\u0101 P\u0101reja: Amb\u012bciju Un Pan\u0101kumu Savienojums<\/p>\n<p>Lai gan ofici\u0101ls apstiprin\u0101jums v\u0113l nav sa\u0146emts, runas par H\u0101kas iesp\u0113jamo p\u0101reju uz &#8220;Galatasaray&#8221; izsauc saj\u016bsmu volejbola l\u012bdzjut\u0113ju vid\u016b. \u0160\u0101das l\u012bme\u0146a sp\u0113l\u0113t\u0101jas piesaiste ir nopietns pazi\u0146ojums jebkuram klubam, apliecinot amb\u012bcijas un v\u0113lmi c\u012bn\u012bties par augst\u0101kaj\u0101m viet\u0101m gan nacion\u0101lajos, gan starptautiskajos turn\u012bros. H\u0101kas talants, ener\u0123ija un sp\u0113le laukum\u0101 ir apliecin\u0101jusi sevi daudzk\u0101rt, un vi\u0146as pievieno\u0161an\u0101s Turcijas Superl\u012bgai, kas ir viena no sp\u0113c\u012bg\u0101kaj\u0101m pasaul\u0113, sol\u0101s b\u016bt patiesi aizraujo\u0161a.<\/p>\n<p>H\u0101kas Ieguld\u012bjums Komand\u0101 Un L\u012bg\u0101<\/p>\n<p>Izabelle H\u0101ka ir paz\u012bstama ar savu dinamisko sp\u0113li, prec\u012bzajiem sitieniem un sp\u0113ju rad\u012bt iz\u0161\u0137iro\u0161us momentus. Vi\u0146as kl\u0101tb\u016btne laukum\u0101 bie\u017ei vien ir tas dzirkstelis, kas iedvesmo komandas biedrus un p\u0101rsteidz pretiniekus. P\u0101reja uz &#8220;Galatasaray&#8221; H\u0101kai paver jaunas iesp\u0113jas apliecin\u0101t sevi cit\u0101 vid\u0113, iesp\u0113jams, pat v\u0113l augst\u0101k\u0101 l\u012bmen\u012b, sacen\u0161oties ar cit\u0101m pasaules klases volejbolist\u0113m. &#8220;Galatasaray&#8221; savuk\u0101rt ieg\u016btu neatsveramu resursu sav\u0101 komand\u0101, kas var\u0113tu pal\u012bdz\u0113t sasniegt jaunus pan\u0101kumus.<\/p>\n<p>Volejbola Tirgus Apsveic Iesp\u0113jamo Lielo P\u0101reju<\/p>\n<p>Volejbola pasaule nep\u0101rtraukti dz\u012bvo l\u012bdzi sp\u0113l\u0113t\u0101ju p\u0101reju notikumiem, un zi\u0146as par H\u0101kas iesp\u0113jamo p\u0101reju uz &#8220;Galatasaray&#8221; ir izrais\u012bju\u0161as iev\u0113rojamu rezonansi. \u0160\u0101di dar\u012bjumi ne tikai stiprina atsevi\u0161\u0137us klubus, bet ar\u012b ce\u013c visas l\u012bgas presti\u017eu un pievilc\u012bbu. Ir skaidrs, ka &#8220;Galatasaray&#8221; v\u0113las nostiprin\u0101t savu poz\u012bciju k\u0101 viena no Eiropas vado\u0161aj\u0101m komand\u0101m, un H\u0101kas piesaiste b\u016btu viens no spilgt\u0101kajiem \u0161\u012b m\u0113r\u0137a apliecin\u0101jumiem. Gaid\u012bsim ofici\u0101lo apstiprin\u0101jumu, bet jau tagad varam prognoz\u0113t, ka \u0161\u012b var\u0113tu b\u016bt viena no 2025. gada karst\u0101kaj\u0101m volejbola zi\u0146\u0101m.<\/p>\n<p>N\u0101kotnes Perspekt\u012bvas Un Sagaid\u0101mie Rezult\u0101ti<\/p>\n<p>Ar nepaciet\u012bbu tiek gaid\u012bts, k\u0101 \u0161\u012b potenci\u0101l\u0101 p\u0101reja ietekm\u0113s H\u0101kas person\u012bgo karjeru un &#8220;Galatasaray&#8221; komandas sniegumu. Pieredze r\u0101da, ka veiksm\u012bgas p\u0101rejas var iedvesmot sp\u0113l\u0113t\u0101jus un pal\u012bdz\u0113t komand\u0101m sasniegt necer\u0113tus augstumus. H\u0101kas sp\u0113ja piel\u0101goties un integr\u0113ties jaun\u0101 vid\u0113 b\u016bs iz\u0161\u0137iro\u0161a, ta\u010du, \u0146emot v\u0113r\u0101 vi\u0146as iepriek\u0161\u0113jos pan\u0101kumus, ir pamats optimismam. \u0160\u0101ds solis var\u0113tu atv\u0113rt H\u0101kai durvis uz v\u0113l liel\u0101kiem sasniegumiem un nostiprin\u0101t vi\u0146as vietu volejbola v\u0113stures gr\u0101mat\u0101s.<\/p>\n","protected":false},"excerpt":{"rendered":"Zviedru Volejbola Zvaigzne H\u0101ka Karjera Virmo Uz Jauniem Augstumiem Izabelle H\u0101ka, viena no spo\u017e\u0101kaj\u0101m Zviedrijas volejbola zvaigzn\u0113m, st\u0101v&hellip;\n","protected":false},"author":2,"featured_media":73816,"comment_status":"","ping_status":"","sticky":false,"template":"","format":"standard","meta":{"footnotes":""},"categories":[17],"tags":[8796,18779,35,39,38,36,37,34,40,18780,67,18781,1208],"class_list":{"0":"post-73815","1":"post","2":"type-post","3":"status-publish","4":"format-standard","5":"has-post-thumbnail","7":"category-sports","8":"tag-galatasaray","9":"tag-izabelle-haka","10":"tag-latvia","11":"tag-latvian","12":"tag-latviesu","13":"tag-latviesu-valoda","14":"tag-latviesuvaloda","15":"tag-latvija","16":"tag-lv","17":"tag-speletaju-parejas","18":"tag-sports","19":"tag-turcijas-volejbola-liga","20":"tag-volejbols"},"share_on_mastodon":{"url":"https:\/\/pubeurope.com\/@lv\/115714845776256172","error":""},"_links":{"self":[{"href":"https:\/\/www.europesays.com\/lv\/wp-json\/wp\/v2\/posts\/73815","targetHints":{"allow":["GET"]}}],"collection":[{"href":"https:\/\/www.europesays.com\/lv\/wp-json\/wp\/v2\/posts"}],"about":[{"href":"https:\/\/www.europesays.com\/lv\/wp-json\/wp\/v2\/types\/post"}],"author":[{"embeddable":true,"href":"https:\/\/www.europesays.com\/lv\/wp-json\/wp\/v2\/users\/2"}],"replies":[{"embeddable":true,"href":"https:\/\/www.europesays.com\/lv\/wp-json\/wp\/v2\/comments?post=73815"}],"version-history":[{"count":0,"href":"https:\/\/www.europesays.com\/lv\/wp-json\/wp\/v2\/posts\/73815\/revisions"}],"wp:featuredmedia":[{"embeddable":true,"href":"https:\/\/www.europesays.com\/lv\/wp-json\/wp\/v2\/media\/73816"}],"wp:attachment":[{"href":"https:\/\/www.europesays.com\/lv\/wp-json\/wp\/v2\/media?parent=73815"}],"wp:term":[{"taxonomy":"category","embeddable":true,"href":"https:\/\/www.europesays.com\/lv\/wp-json\/wp\/v2\/categories?post=73815"},{"taxonomy":"post_tag","embeddable":true,"href":"https:\/\/www.europesays.com\/lv\/wp-json\/wp\/v2\/tags?post=73815"}],"curies":[{"name":"wp","href":"https:\/\/api.w.org\/{rel}","templated":true}]}}