{"id":73819,"date":"2025-12-13T23:31:28","date_gmt":"2025-12-13T23:31:28","guid":{"rendered":"https:\/\/www.europesays.com\/lv\/73819\/"},"modified":"2025-12-13T23:31:28","modified_gmt":"2025-12-13T23:31:28","slug":"uz-2028-gada-olimpisko-spelu-3x3-turniru-tiks-mainita-kvalifikacijas-sistema","status":"publish","type":"post","link":"https:\/\/www.europesays.com\/lv\/73819\/","title":{"rendered":"Uz 2028. gada olimpisko sp\u0113\u013cu 3&#215;3 turn\u012bru tiks main\u012bta kvalifik\u0101cijas sist\u0113ma"},"content":{"rendered":"<p>                                <img decoding=\"async\" src=\"https:\/\/www.europesays.com\/lv\/wp-content\/uploads\/2025\/12\/let_24790935-min-750x450.jpg\"   alt=\"Latvijas 3x3 basketbola izlase\" class=\"post-featured-image\"\/><\/p>\n<p>Latvijas 3&#215;3 basketbola izlase | Foto: Edijs P\u0101lens\/LETA<\/p>\n<p>Uz <a href=\"https:\/\/www.sportazinas.com\/atsl%C4%93gv%C4%81rdi\/2028-gada-losandzelosas-olimpiskas-speles\/\" rel=\"nofollow noopener\" target=\"_blank\">2028. gada Losand\u017eelosas olimpisko sp\u0113\u013cu<\/a> 3\u00d73 basketbola turn\u012bru tiks main\u012bta kvalifik\u0101cijas sist\u0113ma un se\u0161as no 11 ce\u013caz\u012bm\u0113m var\u0113s izc\u012bn\u012bt \u010detros kvalifik\u0101cijas turn\u012bros, zi\u0146o Starptautisk\u0101 Basketbola feder\u0101cija (FIBA).<\/p>\n<p>Gan sievie\u0161u, gan v\u012brie\u0161u konkurenc\u0113 sacent\u012bsies pa 12 komand\u0101m, no kur\u0101m \u0161obr\u012bd vieta ir garant\u0113ta jau ASV vien\u012bb\u0101m.<\/p>\n<p>No atliku\u0161aj\u0101m 11 viet\u0101m turn\u012br\u0101 piecas vietas tiks pie\u0161\u0137irtas valstu komand\u0101m, kas 2027. gada decembr\u012b atrad\u012bsies visaugst\u0101k rang\u0101, \u0146emot v\u0113r\u0101 re\u0123ion\u0101lo sadal\u012bjumu. \u0145emot v\u0113r\u0101 rangu, var\u0113s kvalific\u0113ties pa vienai komandai no \u0100frikas, Zieme\u013camerikas un Dienvidamerikas re\u0123iona, Eiropas un divas vien\u012bbas no \u0100zijas un Klus\u0101 oke\u0101na re\u0123iona.<\/p>\n<p>V\u0113l se\u0161as ce\u013caz\u012bmes tiks sadal\u012btas \u010detros kvalifik\u0101cijas turn\u012bros, kas norisin\u0101sies no 2028. gada marta l\u012bdz j\u016bnijam. Pa div\u0101m ce\u013caz\u012bm\u0113m tiks sadal\u012bts divos olimpisko sp\u0113\u013cu kvalifik\u0101cijas turn\u012bros, bet v\u0113l pa vienai ce\u013caz\u012bmei var\u0113s izc\u012bn\u012bt v\u0113l divos turn\u012bros.<\/p>\n<p>J\u0101atg\u0101dina, ka 2024. gada Par\u012bzes olimpiskaj\u0101s sp\u0113l\u0113s 3\u00d73 turn\u012bros sp\u0113l\u0113ja asto\u0146as komandas. Tr\u012bs valstis nodro\u0161in\u0101ja vietu olimpi\u0101d\u0113, \u0146emot v\u0113r\u0101 FIBA rangu, bet atliku\u0161\u0101s piecas ce\u013caz\u012bmes tika sadal\u012btas kvalifik\u0101cijas turn\u012bros.<\/p>\n<p>2024. gada Par\u012bzes olimpiskaj\u0101s sp\u0113l\u0113s zelta godalgas izc\u012bn\u012bja N\u012bderlandes 3\u00d73 basketbolisti, Latvijai samierinoties ar ceturto vietu, un V\u0101cijas 3\u00d73 basketbolistes.<\/p>\n","protected":false},"excerpt":{"rendered":"Latvijas 3&#215;3 basketbola izlase | Foto: Edijs P\u0101lens\/LETA Uz 2028. gada Losand\u017eelosas olimpisko sp\u0113\u013cu 3\u00d73 basketbola turn\u012bru tiks&hellip;\n","protected":false},"author":2,"featured_media":73820,"comment_status":"","ping_status":"","sticky":false,"template":"","format":"standard","meta":{"footnotes":""},"categories":[17],"tags":[35,39,38,36,37,34,40,67],"class_list":{"0":"post-73819","1":"post","2":"type-post","3":"status-publish","4":"format-standard","5":"has-post-thumbnail","7":"category-sports","8":"tag-latvia","9":"tag-latvian","10":"tag-latviesu","11":"tag-latviesu-valoda","12":"tag-latviesuvaloda","13":"tag-latvija","14":"tag-lv","15":"tag-sports"},"share_on_mastodon":{"url":"https:\/\/pubeurope.com\/@lv\/115714869535582537","error":""},"_links":{"self":[{"href":"https:\/\/www.europesays.com\/lv\/wp-json\/wp\/v2\/posts\/73819","targetHints":{"allow":["GET"]}}],"collection":[{"href":"https:\/\/www.europesays.com\/lv\/wp-json\/wp\/v2\/posts"}],"about":[{"href":"https:\/\/www.europesays.com\/lv\/wp-json\/wp\/v2\/types\/post"}],"author":[{"embeddable":true,"href":"https:\/\/www.europesays.com\/lv\/wp-json\/wp\/v2\/users\/2"}],"replies":[{"embeddable":true,"href":"https:\/\/www.europesays.com\/lv\/wp-json\/wp\/v2\/comments?post=73819"}],"version-history":[{"count":0,"href":"https:\/\/www.europesays.com\/lv\/wp-json\/wp\/v2\/posts\/73819\/revisions"}],"wp:featuredmedia":[{"embeddable":true,"href":"https:\/\/www.europesays.com\/lv\/wp-json\/wp\/v2\/media\/73820"}],"wp:attachment":[{"href":"https:\/\/www.europesays.com\/lv\/wp-json\/wp\/v2\/media?parent=73819"}],"wp:term":[{"taxonomy":"category","embeddable":true,"href":"https:\/\/www.europesays.com\/lv\/wp-json\/wp\/v2\/categories?post=73819"},{"taxonomy":"post_tag","embeddable":true,"href":"https:\/\/www.europesays.com\/lv\/wp-json\/wp\/v2\/tags?post=73819"}],"curies":[{"name":"wp","href":"https:\/\/api.w.org\/{rel}","templated":true}]}}