{"id":73821,"date":"2025-12-13T23:34:30","date_gmt":"2025-12-13T23:34:30","guid":{"rendered":"https:\/\/www.europesays.com\/lv\/73821\/"},"modified":"2025-12-13T23:34:30","modified_gmt":"2025-12-13T23:34:30","slug":"ar-norvegijas-atbalstu-tieslietu-ministrija-stiprinas-sieviesu-resocializaciju-un-izveidos-jaunu-sieviesu-cietumu","status":"publish","type":"post","link":"https:\/\/www.europesays.com\/lv\/73821\/","title":{"rendered":"Ar Norv\u0113\u0123ijas atbalstu Tieslietu ministrija stiprin\u0101s sievie\u0161u resocializ\u0101ciju un izveidos jaunu sievie\u0161u cietumu"},"content":{"rendered":"<p>Piektdien, 12. decembr\u012b, Tieslietu ministrija atkl\u0101ja Norv\u0113\u0123ijas finan\u0161u instrumenta programmu \u201cKorekcijas dienesti\u201d. T\u0101 paredz virkni b\u016btisku uzlabojumu Latvijas sodu izpildes sist\u0113m\u0101. Programm\u0101 \u012bpa\u0161s uzsvars tiks likts jaunas, m\u016bsdien\u012bgas sievie\u0161u ieslodz\u012bjuma vietas izveidei C\u0113s\u012bs, korekcijas dienestu kapacit\u0101tes stiprin\u0101\u0161anai un rehabilit\u0101cijas pakalpojumu att\u012bst\u012b\u0161anai b\u0113rniem ar atkar\u012bb\u0101m no apreibino\u0161\u0101m viel\u0101m.<\/p>\n<p>Atkl\u0101\u0161anas pas\u0101kum\u0101 Tieslietu ministrijas parlament\u0101r\u0101 sekret\u0101re Lauma Paeg\u013ckalna uzsv\u0113ra sadarb\u012bbas noz\u012bmi: \u201cTieslietu ministrijas v\u0101rd\u0101 pateicos Norv\u0113\u0123ijas Karalistei un Norv\u0113\u0123ijas Korekcijas dienestiem par ilggad\u0113jo profesion\u0101lo sadarb\u012bbu, zin\u0101\u0161an\u0101m un pieredzes apmai\u0146u, k\u0101 ar\u012b noz\u012bm\u012bgo ieguld\u012bjumu Latvijas sodu izpildes sist\u0113mas att\u012bst\u012bb\u0101. Norv\u0113\u0123ijas pieredze uz cilv\u0113ka cie\u0146u un resocializ\u0101ciju v\u0113rst\u0101 pieej\u0101 ir k\u013cuvusi par stabilu pamatu b\u016btisk\u0101m p\u0101rmai\u0146\u0101m ar\u012b Latvij\u0101. \u0160\u012b sadarb\u012bba apliecina m\u016bsu kop\u012bgo p\u0101rliec\u012bbu, ka m\u016bsdien\u012bga sodu izpilde ir ieguld\u012bjums sabiedr\u012bbas dro\u0161\u012bb\u0101 un resocializ\u0101cija ir efekt\u012bv\u0101kais ce\u013c\u0161 atk\u0101rtotas noziedz\u012bbas nov\u0113r\u0161anai ilgtermi\u0146\u0101.\u201d<\/p>\n<p><img decoding=\"async\" src=\"https:\/\/www.europesays.com\/lv\/wp-content\/uploads\/2025\/12\/76FA0TM3O.JPEG\" alt=\"\"\/><\/p>\n<p>Vienlaikus L. Paeg\u013ckalna pas\u0101kum\u0101 Norv\u0113\u0123ijas Korekcijas dienestu direktor\u0101ta Starptautisk\u0101s sadarb\u012bbas noda\u013cas vad\u012bt\u0101jam Kimam Ekhaugenam pasniedza Ministru prezidentes pateic\u012bbas rakstu par profesion\u0101lu un ilggad\u0113ju ieguld\u012bjumu Latvijas korekcijas dienestu att\u012bst\u012bb\u0101, izcilu darbu starptautisk\u0101s sadarb\u012bbas veicin\u0101\u0161an\u0101 un inovat\u012bvu pieeju ievie\u0161an\u0101.<\/p>\n<p>Programmas atkl\u0101\u0161anas laik\u0101 tika prezent\u0113ts Ieslodz\u012bjuma vietu p\u0101rvaldes projekts \u201cSieviete \u2013 otr\u0101 iesp\u0113ja lab\u0101kai integr\u0101cijai sabiedr\u012bb\u0101\u201d (SOLIS), kas paredz m\u0113r\u0137tiec\u012bgus pas\u0101kumus sievie\u0161u resocializ\u0101cijas uzlabo\u0161anai.<\/p>\n<p>Viena no tieslietu ministres Ineses L\u012bbi\u0146as-Egneres galvenaj\u0101m priorit\u0101t\u0113m, pildot tieslietu ministres pien\u0101kumus, ir jaunas ieslodz\u012bjuma vietas izveide sieviet\u0113m. Pa\u0161laik Latvij\u0101 vien\u012bgais sieviet\u0113m paredz\u0113tais cietums ir I\u013c\u0123uciem\u0101. Tur \u0161obr\u012bd atrodas 188 ieslodz\u012bt\u0101s, un M\u0101tes un b\u0113rna noda\u013c\u0101 mitin\u0101s ar\u012b sievietes kop\u0101 ar saviem b\u0113rniem, kuri l\u012bdz \u010detru gadu vecumam var dz\u012bvot pie mammas. \u0160eit ieslodz\u012btaj\u0101m tiek nodro\u0161in\u0101tas iesp\u0113jas apg\u016bt b\u0113rna apr\u016bpi un citas svar\u012bgas prasmes, kas pal\u012bdz\u0113s veiksm\u012bgi atgriezties sabiedr\u012bb\u0101 p\u0113c soda izcie\u0161anas.<\/p>\n<p>Tieslietu ministrijas valsts sekret\u0101rs Mihails Papsujevi\u010ds akcent\u0113ja jaunas infrastrukt\u016bras nepiecie\u0161am\u012bbu sieviet\u0113m: \u201cM\u0113s redzam, ka eso\u0161\u0101 ieslodz\u012bjuma infrastrukt\u016bra Latvij\u0101 vairs nesp\u0113j nodro\u0161in\u0101t sieviet\u0113m to, kas paties\u012bb\u0101 ir visb\u016btisk\u0101kais \u2013 dro\u0161\u012bbu, cie\u0146pilnu attieksmi un iesp\u0113ju patiesi atkopties un atgriezties sabiedr\u012bb\u0101. Novecoju\u0161\u0101s I\u013c\u0123uciema cietuma telpas ne tikai apgr\u016btina resocializ\u0101cijas darbu, bet ik dienu uztur paaugstin\u0101tu spriedzi un nedro\u0161\u012bbu. \u012apa\u0161i smagi tas skar m\u0101tes ar maziem b\u0113rniem \u2013 vi\u0146\u0101m ir j\u0101nodro\u0161ina vide, kur b\u0113rns var augt dro\u0161\u012bb\u0101 un sieviete \u2013 atg\u016bt sp\u0113ku jaunam s\u0101kumam.\u201d<\/p>\n<p><img decoding=\"async\" src=\"https:\/\/www.europesays.com\/lv\/wp-content\/uploads\/2025\/12\/76FA0TM3F.JPEG\" alt=\"\"\/><\/p>\n<p>Projekta \u201cSOLIS\u201d ietvaros paredz\u0113ts:<\/p>\n<ul>&#13;<\/p>\n<li>jauna sievie\u0161u cietuma infrastrukt\u016bras izb\u016bve C\u0113s\u012bs (92 vietas);<\/li>\n<p>&#13;<\/p>\n<li>atkl\u0101t\u0101 tipa sievie\u0161u cietuma korpusa b\u016bvniec\u012bba Olain\u0113 (50 vietas);<\/li>\n<p>&#13;<\/p>\n<li>m\u0101tes\u2013b\u0113rna noda\u013cu izveide;<\/li>\n<p>&#13;<\/p>\n<li>darbinieku apm\u0101c\u012bbas un zin\u0101\u0161anu pilnveide;<\/li>\n<p>&#13;<\/p>\n<li>cie\u0161a sadarb\u012bba ar NVO un ESF projektu \u201cDARI\u201d resocializ\u0101cijas pas\u0101kumu \u012bsteno\u0161an\u0101.<\/li>\n<p>&#13;\n<\/ul>\n<p>Pas\u0101kuma laik\u0101 tika prezent\u0113ts ar\u012b Vesel\u012bbas ministrijas un Nacion\u0101l\u0101 vesel\u012bbas dienesta pilotprojekts \u201cInstit\u016bciju sadarb\u012bba nepilngad\u012bgo ar vielu lieto\u0161anas trauc\u0113jumiem reintegr\u0101cijai sabiedr\u012bb\u0101\u201d. Projekts paredz uzlabot rehabilit\u0101cijas pakalpojumu pieejam\u012bbu un kvalit\u0101ti, stiprin\u0101t starpinstitucion\u0101lo sadarb\u012bbu, nodro\u0161in\u0101t nep\u0101rtrauktu atbalsta procesu, k\u0101 ar\u012b veicin\u0101t izgl\u012bt\u012bbas un soci\u0101l\u0101s integr\u0101cijas iesp\u0113jas jaunie\u0161iem p\u0113c rehabilit\u0101cijas.<\/p>\n<p>Programmas kop\u0113jais finans\u0113jums ir 17,6 miljoni eiro. No \u0161\u012bs summas 10,2 miljoni eiro paredz\u0113ti jauna sievie\u0161u cietuma infrastrukt\u016bras izveidei, savuk\u0101rt projekta SOLIS kop\u0113jais bud\u017eets sasniedz 12,9 miljonus eiro. Nacion\u0101l\u0101 vesel\u012bbas dienesta pilotprojekta izmaksas pl\u0101notas 3,2 miljonu eiro apm\u0113r\u0101.<\/p>\n<p>Programmas atkl\u0101\u0161an\u0101 piedal\u012bj\u0101s Tieslietu ministrijas, Vesel\u012bbas ministrijas un Ieslodz\u012bjuma vietu p\u0101rvaldes p\u0101rst\u0101vji, Norv\u0113\u0123ijas Karalistes v\u0113stniec\u012bbas Latvij\u0101 vad\u012bba, k\u0101 ar\u012b Eiropas Padomes un Norv\u0113\u0123ijas Korekcijas dienestu p\u0101rst\u0101vji, akcent\u0113jot starptautisk\u0101s sadarb\u012bbas noz\u012bmi ilgtermi\u0146a reformu \u012bsteno\u0161an\u0101. Pas\u0101kum\u0101 vienlaikus diskut\u0113ja par sieviet\u0113m piem\u0113rotas ieslodz\u012bjuma infrastrukt\u016bras izveidi un t\u0101s noz\u012bmi resocializ\u0101cij\u0101 un sabiedr\u012bbas dro\u0161\u012bb\u0101.<\/p>\n<p>Papildu inform\u0101cija<\/p>\n<p>EEZ un Norv\u0113\u0123ijas granti ir atbalsts, ko nodro\u0161ina Islande, Lihten\u0161teina un Norv\u0113\u0123ija ar m\u0113r\u0137i veicin\u0101t vienl\u012bdz\u012bg\u0101ku Eiropu gan soci\u0101li, gan ekonomiski un stiprin\u0101t sadarb\u012bbu starp Islandi, Lihten\u0161teinu, Norv\u0113\u0123iju un atbalsta sa\u0146\u0113m\u0113jvalsti \u2013 Latviju.\u00a0<\/p>\n<p>          <img decoding=\"async\" src=\"https:\/\/www.europesays.com\/lv\/wp-content\/uploads\/2025\/12\/1765388232_965_logo-lv.png\" alt=\"\"\/><\/p>\n<p>                  \u0160\u012b inform\u0101cija ir publisks pazi\u0146ojums un neatspogu\u013co LV port\u0101la viedokli. Par t\u0101s saturu atbild ies\u016bt\u012bt\u0101js. <a data-popup=\"rules\">Public\u0113\u0161anas noteikumi<\/a><\/p>\n","protected":false},"excerpt":{"rendered":"Piektdien, 12. decembr\u012b, Tieslietu ministrija atkl\u0101ja Norv\u0113\u0123ijas finan\u0161u instrumenta programmu \u201cKorekcijas dienesti\u201d. T\u0101 paredz virkni b\u016btisku uzlabojumu Latvijas&hellip;\n","protected":false},"author":2,"featured_media":73822,"comment_status":"","ping_status":"","sticky":false,"template":"","format":"standard","meta":{"footnotes":""},"categories":[12],"tags":[23,28,29,32,33,22,30,31,35,39,38,36,37,34,40,20,26,27,24,25,21],"class_list":{"0":"post-73821","1":"post","2":"type-post","3":"status-publish","4":"format-standard","5":"has-post-thumbnail","7":"category-latvija","8":"tag-aktualitates","9":"tag-breaking-news","10":"tag-breakingnews","11":"tag-featured-news","12":"tag-featurednews","13":"tag-headlines","14":"tag-latest-news","15":"tag-latestnews","16":"tag-latvia","17":"tag-latvian","18":"tag-latviesu","19":"tag-latviesu-valoda","20":"tag-latviesuvaloda","21":"tag-latvija","22":"tag-lv","23":"tag-news","24":"tag-popularakas-zinas","25":"tag-popularakaszinas","26":"tag-top-stories","27":"tag-topstories","28":"tag-zinas"},"share_on_mastodon":{"url":"https:\/\/pubeurope.com\/@lv\/115714881487544456","error":""},"_links":{"self":[{"href":"https:\/\/www.europesays.com\/lv\/wp-json\/wp\/v2\/posts\/73821","targetHints":{"allow":["GET"]}}],"collection":[{"href":"https:\/\/www.europesays.com\/lv\/wp-json\/wp\/v2\/posts"}],"about":[{"href":"https:\/\/www.europesays.com\/lv\/wp-json\/wp\/v2\/types\/post"}],"author":[{"embeddable":true,"href":"https:\/\/www.europesays.com\/lv\/wp-json\/wp\/v2\/users\/2"}],"replies":[{"embeddable":true,"href":"https:\/\/www.europesays.com\/lv\/wp-json\/wp\/v2\/comments?post=73821"}],"version-history":[{"count":0,"href":"https:\/\/www.europesays.com\/lv\/wp-json\/wp\/v2\/posts\/73821\/revisions"}],"wp:featuredmedia":[{"embeddable":true,"href":"https:\/\/www.europesays.com\/lv\/wp-json\/wp\/v2\/media\/73822"}],"wp:attachment":[{"href":"https:\/\/www.europesays.com\/lv\/wp-json\/wp\/v2\/media?parent=73821"}],"wp:term":[{"taxonomy":"category","embeddable":true,"href":"https:\/\/www.europesays.com\/lv\/wp-json\/wp\/v2\/categories?post=73821"},{"taxonomy":"post_tag","embeddable":true,"href":"https:\/\/www.europesays.com\/lv\/wp-json\/wp\/v2\/tags?post=73821"}],"curies":[{"name":"wp","href":"https:\/\/api.w.org\/{rel}","templated":true}]}}