{"id":73823,"date":"2025-12-13T23:37:27","date_gmt":"2025-12-13T23:37:27","guid":{"rendered":"https:\/\/www.europesays.com\/lv\/73823\/"},"modified":"2025-12-13T23:37:27","modified_gmt":"2025-12-13T23:37:27","slug":"lancia-pazino-sastavu-2026-gada-wrc-sezonai","status":"publish","type":"post","link":"https:\/\/www.europesays.com\/lv\/73823\/","title":{"rendered":"Lancia pazi\u0146o sast\u0101vu 2026.gada WRC sezonai"},"content":{"rendered":"<p>Foto: Lancia<\/p>\n<p>Lancia ir apstiprin\u0101jusi 2025. gada WRC2 vice\u010dempionu Joanu Roselu un 2025. gada WRC2 Challenger titula ieguv\u0113ju Nikolaju Grjazinu k\u0101 savus ofici\u0101los pilotus 2026. gada WRC2 sezon\u0101, abiem sportistiem k\u013c\u016bstot par It\u0101lijas ra\u017eot\u0101ja r\u016bpn\u012bcas programmas l\u012bderiem t\u0101 atgrie\u0161an\u0101s reiz\u0113 pasaules rallija \u010dempion\u0101t\u0101.<\/p>\n<p>Abi brauks ar jauno &#8221;Lancia Ypsilon Rally2 HF Integrale&#8221; komandas &#8221;Team Lancia Corse HF&#8221; sast\u0101v\u0101, s\u0101kot ar 22.\u201325. janv\u0101r\u012b gaid\u0101mo Montekarlo WRC ralliju. Programmu vad\u012bs PH Sport, ar Yacco un Sparco atbalstu, un galvenais komandas vad\u012bt\u0101js b\u016bs Didj\u0113 Kl\u0113ments.<br \/>&#13;\n<\/p>\n<p><img loading=\"lazy\" decoding=\"async\" src=\"https:\/\/www.europesays.com\/lv\/wp-content\/uploads\/2025\/12\/Clipboard11_11.jpg\" width=\"420\" height=\"152\"\/><\/p>\n<p>Foto: Lancia<\/p>\n<p>Abu sportistu kop\u012bg\u0101 debija Montekarlo rallij\u0101 b\u016bs Lancia pirmais r\u016bpn\u012bcas ieraksts WRC kop\u0161 1990. gadu s\u0101kuma.\u00a0<\/p>\n<p>Lancia joproj\u0101m ir visveiksm\u012bg\u0101kais ra\u017eot\u0101js WRC v\u0113stur\u0113 ar desmit ra\u017eot\u0101ju tituliem.<\/p>\n<p>Lancia izpilddirektore Roberta Zerb\u012b nor\u0101d\u012bja, ka pilotu izv\u0113le atspogu\u013co uz\u0146\u0113muma amb\u012bcijas nekav\u0113joties start\u0113t augst\u0101kaj\u0101 Rally2 l\u012bmen\u012b. &#8221;Lancia atgrie\u0161an\u0101s pasaules rallij\u0101 ir svar\u012bgs solis. Joans un Nikolajs ienes m\u016bsdien\u012bgu skat\u012bjumu, motiv\u0101ciju un pareizo attieksmi m\u016bsu projekta att\u012bst\u012bb\u0101. &#8221;Ypsilon Rally2 HF Integrale&#8221; ir rad\u012bts, lai uzvar\u0113tu.&#8221;<\/p>\n<p>&#8221;T\u0101 ir liela goda lieta \u2013 b\u016bt da\u013cai no \u0161\u012b st\u0101sta. M\u016bsu m\u0113r\u0137is ir c\u012bn\u012bties par uzvar\u0101m un atgriezt Lancia tur, kur tai pien\u0101kas,&#8221; t\u0101 Nikolajs Grjazins.<\/p>\n<p>Interese par &#8221;Ypsilon Rally2 HF&#8221; ir \u013coti liela \u2014 jau pas\u016bt\u012bti vair\u0101k nek\u0101 40 auto nacion\u0101laj\u0101m un starptautiskaj\u0101m sac\u012bkst\u0113m.<\/p>\n","protected":false},"excerpt":{"rendered":"Foto: Lancia Lancia ir apstiprin\u0101jusi 2025. gada WRC2 vice\u010dempionu Joanu Roselu un 2025. gada WRC2 Challenger titula ieguv\u0113ju&hellip;\n","protected":false},"author":2,"featured_media":73824,"comment_status":"","ping_status":"","sticky":false,"template":"","format":"standard","meta":{"footnotes":""},"categories":[17],"tags":[35,39,38,36,37,34,40,67],"class_list":{"0":"post-73823","1":"post","2":"type-post","3":"status-publish","4":"format-standard","5":"has-post-thumbnail","7":"category-sports","8":"tag-latvia","9":"tag-latvian","10":"tag-latviesu","11":"tag-latviesu-valoda","12":"tag-latviesuvaloda","13":"tag-latvija","14":"tag-lv","15":"tag-sports"},"share_on_mastodon":{"url":"https:\/\/pubeurope.com\/@lv\/115714893067920129","error":""},"_links":{"self":[{"href":"https:\/\/www.europesays.com\/lv\/wp-json\/wp\/v2\/posts\/73823","targetHints":{"allow":["GET"]}}],"collection":[{"href":"https:\/\/www.europesays.com\/lv\/wp-json\/wp\/v2\/posts"}],"about":[{"href":"https:\/\/www.europesays.com\/lv\/wp-json\/wp\/v2\/types\/post"}],"author":[{"embeddable":true,"href":"https:\/\/www.europesays.com\/lv\/wp-json\/wp\/v2\/users\/2"}],"replies":[{"embeddable":true,"href":"https:\/\/www.europesays.com\/lv\/wp-json\/wp\/v2\/comments?post=73823"}],"version-history":[{"count":0,"href":"https:\/\/www.europesays.com\/lv\/wp-json\/wp\/v2\/posts\/73823\/revisions"}],"wp:featuredmedia":[{"embeddable":true,"href":"https:\/\/www.europesays.com\/lv\/wp-json\/wp\/v2\/media\/73824"}],"wp:attachment":[{"href":"https:\/\/www.europesays.com\/lv\/wp-json\/wp\/v2\/media?parent=73823"}],"wp:term":[{"taxonomy":"category","embeddable":true,"href":"https:\/\/www.europesays.com\/lv\/wp-json\/wp\/v2\/categories?post=73823"},{"taxonomy":"post_tag","embeddable":true,"href":"https:\/\/www.europesays.com\/lv\/wp-json\/wp\/v2\/tags?post=73823"}],"curies":[{"name":"wp","href":"https:\/\/api.w.org\/{rel}","templated":true}]}}