{"id":73825,"date":"2025-12-13T23:40:31","date_gmt":"2025-12-13T23:40:31","guid":{"rendered":"https:\/\/www.europesays.com\/lv\/73825\/"},"modified":"2025-12-13T23:40:31","modified_gmt":"2025-12-13T23:40:31","slug":"valsts-aizsardzibas-dienestu-gaisa-spekos-absolve-ap-50-brivpratigo-raksts","status":"publish","type":"post","link":"https:\/\/www.europesays.com\/lv\/73825\/","title":{"rendered":"Valsts aizsardz\u012bbas dienestu Gaisa sp\u0113kos absolv\u0113 ap 50 br\u012bvpr\u0101t\u012bgo \/ Raksts"},"content":{"rendered":"<p>Gandr\u012bz 50\u00a0br\u012bvpr\u0101t\u012bgie, kuri \u0161\u0101 gada s\u0101kum\u0101 sp\u0113ra savu pirmo soli Gaisa sp\u0113ku valsts aizsardz\u012bbas dienest\u0101, \u0161odien st\u0101v\u0113ja ierind\u0101 jau k\u0101 karav\u012bri, kuri svin\u012bgi pabeidz savu dienestu savas \u0123imenes un draugu priek\u0161\u0101. P\u0113c 11 m\u0113ne\u0161u ilgas apm\u0101c\u012bbas\u00a0no pussimta profesion\u0101laj\u0101 dienest\u0101 palikt izv\u0113l\u0113ju\u0161ies septi\u0146i karav\u012bri.<\/p>\n<p>Ar staltu st\u0101ju, redzamu lepnumu un prieku\u00a0Lielv\u0101rdes park\u0101 ieso\u013co teju 50\u00a0Gaisa sp\u0113ku valsts aizsardz\u012bbas dienesta otr\u0101 iesaukuma karav\u012bri, kuri savas \u0123imenes, draugu un ar\u012b Gaisa sp\u0113ku vad\u012bbas priek\u0161\u0101 nu beidz 11 m\u0113ne\u0161us garo dienestu.\u00a0<\/p>\n<p>Vi\u0146i visi dienestam pieteic\u0101s br\u012bvpr\u0101t\u012bgi. P\u0113c pamatapm\u0101c\u012bbas kursa pabeig\u0161anas karav\u012bri dienesta liel\u0101ko da\u013cu aizvad\u012bja pretgaisa aizsardz\u012bbas divizion\u0101, kur apguva pretgaisa aizsardz\u012bbu un strat\u0113\u0123iski svar\u012bgo objektu aizsardz\u012bbu, bet\u00a0m\u0101c\u012bbu centr\u0101 \u2013 dronu apm\u0101c\u012bbu,\u00a0m\u0101coties, k\u0101 pareizi pilot\u0113t dronus, pild\u012bt taktiskos uzdevumus un p\u0101rvietoties apvid\u016b.<\/p>\n<p><img decoding=\"async\" src=\"https:\/\/www.europesays.com\/lv\/wp-content\/uploads\/2025\/12\/s8ie.jpg\" alt=\"Valsts aizsardz\u012bbas dienestu Gaisa sp\u0113kos absolv\u0113 ap 50 br\u012bvpr\u0101t\u012bgo\"\/>Valsts aizsardz\u012bbas dienestu Gaisa sp\u0113kos absolv\u0113 ap 50 br\u012bvpr\u0101t\u012bgo<\/p>\n<p>Foto: Aleksandra Straume \/ Latvijas Telev\u012bzija<\/p>\n<p><img decoding=\"async\" src=\"https:\/\/www.europesays.com\/lv\/wp-content\/uploads\/2025\/12\/s8ii.jpg\" alt=\"Valsts aizsardz\u012bbas dienestu Gaisa sp\u0113kos absolv\u0113 ap 50 br\u012bvpr\u0101t\u012bgo\"\/>Valsts aizsardz\u012bbas dienestu Gaisa sp\u0113kos absolv\u0113 ap 50 br\u012bvpr\u0101t\u012bgo<\/p>\n<p>Foto: Aleksandra Straume \/ Latvijas Telev\u012bzija<\/p>\n<p><img decoding=\"async\" src=\"https:\/\/www.europesays.com\/lv\/wp-content\/uploads\/2025\/12\/s8ib.jpg\" alt=\"Valsts aizsardz\u012bbas dienestu Gaisa sp\u0113kos absolv\u0113 ap 50 br\u012bvpr\u0101t\u012bgo\"\/>Valsts aizsardz\u012bbas dienestu Gaisa sp\u0113kos absolv\u0113 ap 50 br\u012bvpr\u0101t\u012bgo<\/p>\n<p>Foto: Aleksandra Straume \/ Latvijas Telev\u012bzija<\/p>\n<p><img decoding=\"async\" src=\"https:\/\/www.europesays.com\/lv\/wp-content\/uploads\/2025\/12\/s8if.jpg\" alt=\"Valsts aizsardz\u012bbas dienestu Gaisa sp\u0113kos absolv\u0113 ap 50 br\u012bvpr\u0101t\u012bgo\"\/>Valsts aizsardz\u012bbas dienestu Gaisa sp\u0113kos absolv\u0113 ap 50 br\u012bvpr\u0101t\u012bgo<\/p>\n<p>Foto: Aleksandra Straume \/ Latvijas Telev\u012bzija<\/p>\n<p><img decoding=\"async\" src=\"https:\/\/www.europesays.com\/lv\/wp-content\/uploads\/2025\/12\/s8ih.jpg\" alt=\"Valsts aizsardz\u012bbas dienestu Gaisa sp\u0113kos absolv\u0113 ap 50 br\u012bvpr\u0101t\u012bgo\"\/>Valsts aizsardz\u012bbas dienestu Gaisa sp\u0113kos absolv\u0113 ap 50 br\u012bvpr\u0101t\u012bgo<\/p>\n<p>Foto: Aleksandra Straume \/ Latvijas Telev\u012bzija<\/p>\n<p><img decoding=\"async\" src=\"https:\/\/www.europesays.com\/lv\/wp-content\/uploads\/2025\/12\/s8id.jpg\" alt=\"Valsts aizsardz\u012bbas dienestu Gaisa sp\u0113kos absolv\u0113 ap 50 br\u012bvpr\u0101t\u012bgo\"\/>Valsts aizsardz\u012bbas dienestu Gaisa sp\u0113kos absolv\u0113 ap 50 br\u012bvpr\u0101t\u012bgo<\/p>\n<p>Foto: Aleksandra Straume \/ Latvijas Telev\u012bzija<\/p>\n<p><img decoding=\"async\" src=\"https:\/\/www.europesays.com\/lv\/wp-content\/uploads\/2025\/12\/s8ik.jpg\" alt=\"Valsts aizsardz\u012bbas dienestu Gaisa sp\u0113kos absolv\u0113 ap 50 br\u012bvpr\u0101t\u012bgo\"\/>Valsts aizsardz\u012bbas dienestu Gaisa sp\u0113kos absolv\u0113 ap 50 br\u012bvpr\u0101t\u012bgo<\/p>\n<p>Foto: Aleksandra Straume \/ Latvijas Telev\u012bzija<\/p>\n<p><img decoding=\"async\" src=\"https:\/\/www.europesays.com\/lv\/wp-content\/uploads\/2025\/12\/s8il.jpg\" alt=\"Valsts aizsardz\u012bbas dienestu Gaisa sp\u0113kos absolv\u0113 ap 50 br\u012bvpr\u0101t\u012bgo\"\/>Valsts aizsardz\u012bbas dienestu Gaisa sp\u0113kos absolv\u0113 ap 50 br\u012bvpr\u0101t\u012bgo<\/p>\n<p>Foto: Aleksandra Straume \/ Latvijas Telev\u012bzija<\/p>\n<p><img decoding=\"async\" src=\"https:\/\/www.europesays.com\/lv\/wp-content\/uploads\/2025\/12\/s8ij.jpg\" alt=\"Valsts aizsardz\u012bbas dienestu Gaisa sp\u0113kos absolv\u0113 ap 50 br\u012bvpr\u0101t\u012bgo\"\/>Valsts aizsardz\u012bbas dienestu Gaisa sp\u0113kos absolv\u0113 ap 50 br\u012bvpr\u0101t\u012bgo<\/p>\n<p>Foto: Aleksandra Straume \/ Latvijas Telev\u012bzija<\/p>\n<\/p>\n<p>Izsaucot\u00a0v\u0101rdus &#8220;Gods kalpot Latvijai!&#8221;, prieka asaras ir ne vienam vien san\u0101ku\u0161ajam. \u0100rk\u0101rt\u012bgi liels lepnums ir redzams ar\u012b karav\u012bru vec\u0101ku sej\u0101s.<\/p>\n<p style=\"margin-left:40px\">Agnese, karav\u012bra mamma: &#8220;Viens posms ir beidzies, un man prieks, ka vi\u0146\u0161 to izdar\u012bja. Bet t\u0101s prieka asaras bija tic\u012bba, ka izdar\u012bsi. Paldies Tev, d\u0113ls! Mans kareivis!&#8221;\u00a0<\/p>\n<p style=\"margin-left:40px\">Ilze, Haralda Bula mamma: &#8220;Ne tikai lietus, bet ar\u012b prieka asaras l\u012bst. Es j\u016btos \u013coti lepna par vi\u0146u. Es \u0161or\u012bt no r\u012bta uzrakst\u012bju vi\u0146iem apsveikumu un es teicu, ka vi\u0146\u0161 ir uzvar\u0113t\u0101js, jo katru\u00a0reizi, kad nesan\u0101ca,\u00a0vi\u0146\u0161 nepadev\u0101s. Katru\u00a0reizi, kad nesan\u0101ca,\u00a0vi\u0146\u0161 turpin\u0101ja, t\u0101 ir vi\u0146a uzvara. T\u0101 ka vi\u0146\u0161 ir uzvar\u0113t\u0101js un es bezgala lepojos.&#8221;\u00a0<\/p>\n<p>Ilzes d\u0113ls Haralds ir viens no septi\u0146iem karav\u012briem, kur\u0161, absolv\u0113jot valsts aizsardz\u012bbas dienestu, izv\u0113l\u0113jies turpin\u0101t gaitas profesion\u0101laj\u0101 dienest\u0101. Vi\u0146a m\u0113r\u0137is ir k\u013c\u016bt par instruktoru.\u00a0<\/p>\n<blockquote>\n<p>&#8220;P\u0101rsvar\u0101 \u013coti labas saj\u016btas. S\u0101kum\u0101 lik\u0101s \u013coti gr\u016bti, tagad viss liekas viegli un priec\u012bgi. Esmu priec\u012bgs, ka esmu pabeidzis!&#8221; sac\u012bja Haralds.\u00a0<\/p>\n<\/blockquote>\n<p>Savuk\u0101rt Bruno Voronovs\u00a0izl\u0113mis par labu studij\u0101m, kuras br\u012bvpr\u0101t\u012bgajiem dienesta karav\u012briem ir bez maksas. Vi\u0146\u0161 sac\u012bja, ka \u0161odien lielais prieks mij\u0101s ar b\u0113d\u0101m, jo teju gada laik\u0101 visi jaunie\u0161i k\u013cuvu\u0161i par labiem draugiem:\u00a0<\/p>\n<p>&#8220;Viennoz\u012bm\u012bgi tagad, p\u0113c aizsardz\u012bbas dienesta, t\u0101s lietas, kas man tiek dotas, saprat\u012b\u0161u mazliet lab\u0101k. Tas pats teko\u0161ais\u00a0\u016bdens ir privil\u0113\u0123ija, siltas dr\u0113bes \u2013 ar\u012b privil\u0113\u0123ija. T\u0101s vienk\u0101r\u0161\u0101s lietas es esmu s\u0101cis \u013coti, \u013coti nov\u0113rt\u0113t. Ir \u013coti pat\u012bkami.&#8221;<\/p>\n<p>Bruno mamma Vivita uzsv\u0113ra\u00a0\u2013 d\u0113ls ir k\u013cuvis par pieaugu\u0161u v\u012bru: &#8220;Katru reizi, kad vi\u0146\u0161 atbrauca m\u0101j\u0101s, vi\u0146\u0161 bija pieaudzis, ar iztaisnotu mugurkaulu, ar liel\u0101ku pa\u0161apzi\u0146u, ar gribassp\u0113ku un liel\u0101ku patriotismu.&#8221;<\/p>\n<p>Gaisa sp\u0113ku Pretgaisa aizsardz\u012bbas diviziona komandieris, pulkve\u017eleitnants Imants Kleinbergs nor\u0101d\u012bja, ka iesauktie darboju\u0161ies plecu pie pleca:<\/p>\n<p>&#8220;\u0160os 11 m\u0113ne\u0161us \u0161is iesaukums bija \u013coti salied\u0113ts, vi\u0146i c\u012bn\u012bj\u0101s viens par otru, viens otru balst\u012bja, p\u0101rvar\u0113ja gr\u016bt\u012bbas.&#8221;<\/p>\n<p>Ar\u012b pa\u0161laik norisin\u0101s pieteik\u0161an\u0101s valsts aizsardz\u012bbas dienesta n\u0101kam\u0101 gada j\u016blija iesaukumam. Nacion\u0101lajos bru\u0146otajos sp\u0113kos un Zemessardz\u0113 tiek gaid\u012bti pilngad\u012bgi jaunie\u0161i l\u012bdz 27 gadu vecumam. Pieteikties var l\u012bdz 14. janv\u0101rim.<\/p>\n<p>KONTEKSTS:<\/p>\n<p>Lai sagatavotu Latvijas pilso\u0146us valsts aizsardz\u012bbas uzdevumu izpildei, valst\u012b izveidots\u00a0<a data-id=\"503748\" data-type=\"article\" href=\"https:\/\/www.lsm.lv\/raksts\/zinas\/latvija\/05.04.2023-obligatais-aizsardzibas-dienests-latvija-bus-pirmais-iesaukums-julija-brivpratigi.a503748\/\" class=\"lsm-link\" rel=\"nofollow noopener\" target=\"_blank\">oblig\u0101tais\u00a0aizsardz\u012bbas dienests<\/a>. Pirmais\u00a0<a data-id=\"515059\" data-type=\"article\" href=\"https:\/\/www.lsm.lv\/raksts\/zinas\/latvija\/01.07.2023-pirmais-valsts-aizsardzibas-dienesta-iesaukums-dienestu-sak-ar-satraukumu-un-ceribam.a515059\/\" class=\"lsm-link\" rel=\"nofollow noopener\" target=\"_blank\">iesaukums bija br\u012bvpr\u0101t\u012bgs<\/a>\u00a0\u2013\u00a0tam var\u0113ja pieteikties Latvijas pilso\u0146i vecum\u0101 no 18 l\u012bdz 27 gadiem, un pirmie jaunie\u0161i\u00a0<a data-id=\"515059\" data-type=\"article\" href=\"https:\/\/www.lsm.lv\/raksts\/zinas\/latvija\/01.07.2023-pirmais-valsts-aizsardzibas-dienesta-iesaukums-dienestu-sak-ar-satraukumu-un-ceribam.a515059\/\" class=\"lsm-link\" rel=\"nofollow noopener\" target=\"_blank\">denestu s\u0101ka 2023.gada j\u016blij\u0101.<\/a><\/p>\n<p>No 2024. gada dienests noteikts k\u0101 oblig\u0101ts, ta\u010du aizvien tam var pieteikties br\u012bvpr\u0101t\u012bgi un oblig\u0101ti izlozes k\u0101rt\u012bb\u0101 jaunie\u0161us iesauc tikai, ja br\u012bvpr\u0101t\u012bgi pieteiku\u0161os jaunie\u0161u skaits nav pietiekams.\u00a0\u00a0<a data-id=\"508100\" data-type=\"article\" href=\"https:\/\/www.lsm.lv\/raksts\/zinas\/latvija\/15.05.2023-obligataja-aizsardzibas-dienesta-vares-iesaukt-ari-studentus.a508100\/\" class=\"lsm-link\" rel=\"nofollow noopener\" target=\"_blank\">Oblig\u0101tajiem iesaukumiem\u00a0priorit\u0101ri\u00a0<\/a>pak\u013cauti v\u012brie\u0161i vecum\u0101 no 18 l\u012bdz 19 gadiem. Augst\u0101k\u0101s izgl\u012bt\u012bbas ieg\u016b\u0161ana nav iemesls, lai pilsoni neiesauktu dienest\u0101.<\/p>\n<p>Br\u012bvpr\u0101t\u012bgie VAD karav\u012bri ik m\u0113nesi sa\u0146em kompens\u0101ciju 600 eiro apm\u0113r\u0101, k\u0101 ar\u012b kompens\u0101ciju 1100 eiro apm\u0113r\u0101 p\u0113c dienesta pabeig\u0161anas. Kopsumm\u0101 tie ir 7700 eiro. Oblig\u0101t\u0101 k\u0101rt\u0101 iesauktajiem kompens\u0101cija ir maz\u0101ka.<\/p>\n<p>                    Valodas k\u013c\u016bda rakst\u0101?<\/p>\n<p class=\"d-none d-md-block\">Iez\u012bm\u0113jiet tekstu un spiediet Ctrl+Enter, lai nos\u016bt\u012btu labojamo teksta fragmentu redaktoram! Par faktu k\u013c\u016bd\u0101m l\u016bdzam zi\u0146ot e-past\u0101 <a href=\"https:\/\/www.lsm.lv\/cdn-cgi\/l\/email-protection\" class=\"__cf_email__\" data-cfemail=\"b0c2d5d4d1dbd3d9dad1f0dcc3dd9edcc6\" rel=\"nofollow noopener\" target=\"_blank\">[email\u00a0protected]<\/a>.<\/p>\n<p class=\"d-md-none\">Iez\u012bm\u0113jiet tekstu un spiediet uz Zi\u0146ot par k\u013c\u016bdu pogas, lai nos\u016bt\u012btu labojamo teksta fragmentu redaktoram!<\/p>\n<p>\n                    Zi\u0146ot par k\u013c\u016bdu\n                <\/p>\n","protected":false},"excerpt":{"rendered":"Gandr\u012bz 50\u00a0br\u012bvpr\u0101t\u012bgie, kuri \u0161\u0101 gada s\u0101kum\u0101 sp\u0113ra savu pirmo soli Gaisa sp\u0113ku valsts aizsardz\u012bbas dienest\u0101, \u0161odien st\u0101v\u0113ja ierind\u0101&hellip;\n","protected":false},"author":2,"featured_media":73826,"comment_status":"","ping_status":"","sticky":false,"template":"","format":"standard","meta":{"footnotes":""},"categories":[12],"tags":[23,28,29,32,33,22,30,31,35,39,38,36,37,34,40,20,26,27,24,25,21],"class_list":{"0":"post-73825","1":"post","2":"type-post","3":"status-publish","4":"format-standard","5":"has-post-thumbnail","7":"category-latvija","8":"tag-aktualitates","9":"tag-breaking-news","10":"tag-breakingnews","11":"tag-featured-news","12":"tag-featurednews","13":"tag-headlines","14":"tag-latest-news","15":"tag-latestnews","16":"tag-latvia","17":"tag-latvian","18":"tag-latviesu","19":"tag-latviesu-valoda","20":"tag-latviesuvaloda","21":"tag-latvija","22":"tag-lv","23":"tag-news","24":"tag-popularakas-zinas","25":"tag-popularakaszinas","26":"tag-top-stories","27":"tag-topstories","28":"tag-zinas"},"share_on_mastodon":{"url":"https:\/\/pubeurope.com\/@lv\/115714905500411564","error":""},"_links":{"self":[{"href":"https:\/\/www.europesays.com\/lv\/wp-json\/wp\/v2\/posts\/73825","targetHints":{"allow":["GET"]}}],"collection":[{"href":"https:\/\/www.europesays.com\/lv\/wp-json\/wp\/v2\/posts"}],"about":[{"href":"https:\/\/www.europesays.com\/lv\/wp-json\/wp\/v2\/types\/post"}],"author":[{"embeddable":true,"href":"https:\/\/www.europesays.com\/lv\/wp-json\/wp\/v2\/users\/2"}],"replies":[{"embeddable":true,"href":"https:\/\/www.europesays.com\/lv\/wp-json\/wp\/v2\/comments?post=73825"}],"version-history":[{"count":0,"href":"https:\/\/www.europesays.com\/lv\/wp-json\/wp\/v2\/posts\/73825\/revisions"}],"wp:featuredmedia":[{"embeddable":true,"href":"https:\/\/www.europesays.com\/lv\/wp-json\/wp\/v2\/media\/73826"}],"wp:attachment":[{"href":"https:\/\/www.europesays.com\/lv\/wp-json\/wp\/v2\/media?parent=73825"}],"wp:term":[{"taxonomy":"category","embeddable":true,"href":"https:\/\/www.europesays.com\/lv\/wp-json\/wp\/v2\/categories?post=73825"},{"taxonomy":"post_tag","embeddable":true,"href":"https:\/\/www.europesays.com\/lv\/wp-json\/wp\/v2\/tags?post=73825"}],"curies":[{"name":"wp","href":"https:\/\/api.w.org\/{rel}","templated":true}]}}