{"id":73839,"date":"2025-12-14T00:16:19","date_gmt":"2025-12-14T00:16:19","guid":{"rendered":"https:\/\/www.europesays.com\/lv\/73839\/"},"modified":"2025-12-14T00:16:19","modified_gmt":"2025-12-14T00:16:19","slug":"pedejo-desmit-gadu-laika-latvijas-valsts-parada-situacija-ir-butiski-mainijusies","status":"publish","type":"post","link":"https:\/\/www.europesays.com\/lv\/73839\/","title":{"rendered":"P\u0113d\u0113jo desmit gadu laik\u0101 Latvijas valsts par\u0101da situ\u0101cija ir b\u016btiski main\u012bjusies!"},"content":{"rendered":"<p>Ekonomiste secina, ka valsts ir non\u0101kusi situ\u0101cij\u0101, kad uzkr\u0101tais par\u0101ds jau l\u012bdzin\u0101s tam, ko t\u0101 izt\u0113r\u0113 viena gada laik\u0101. Oli\u0146a nor\u0101da, ka tas nav t\u016bl\u012bt\u0113js risks, bet ir skaidrs sign\u0101ls, ka turpm\u0101k r\u016bp\u012bgi j\u0101v\u0113rt\u0113 t\u0113ri\u0146i un j\u0101dom\u0101 par ie\u0146\u0113mumu b\u0101zes stiprin\u0101\u0161anu, tostarp veicinot strauj\u0101ku ekonomikas izaugsmi, lai mazin\u0101tu valsts finan\u0161u atkar\u012bbu no aiz\u0146em\u0161an\u0101s. Kopum\u0101 Oli\u0146a secina, ka izdevumu pieaugums atspogu\u013co gan bud\u017eeta priorit\u0101tes, gan sare\u017e\u0123\u012btos izaicin\u0101jumus, ar kuriem saskaras valsts finanses.<\/p>\n","protected":false},"excerpt":{"rendered":"Ekonomiste secina, ka valsts ir non\u0101kusi situ\u0101cij\u0101, kad uzkr\u0101tais par\u0101ds jau l\u012bdzin\u0101s tam, ko t\u0101 izt\u0113r\u0113 viena gada&hellip;\n","protected":false},"author":2,"featured_media":73840,"comment_status":"","ping_status":"","sticky":false,"template":"","format":"standard","meta":{"footnotes":""},"categories":[14],"tags":[23,57,28,29,32,33,22,30,31,35,39,38,36,37,34,40,20,26,27,24,25,54,55,56,21,58],"class_list":{"0":"post-73839","1":"post","2":"type-post","3":"status-publish","4":"format-standard","5":"has-post-thumbnail","7":"category-zinas-no-arvalstim","8":"tag-aktualitates","9":"tag-arvalstim","10":"tag-breaking-news","11":"tag-breakingnews","12":"tag-featured-news","13":"tag-featurednews","14":"tag-headlines","15":"tag-latest-news","16":"tag-latestnews","17":"tag-latvia","18":"tag-latvian","19":"tag-latviesu","20":"tag-latviesu-valoda","21":"tag-latviesuvaloda","22":"tag-latvija","23":"tag-lv","24":"tag-news","25":"tag-popularakas-zinas","26":"tag-popularakaszinas","27":"tag-top-stories","28":"tag-topstories","29":"tag-world","30":"tag-world-news","31":"tag-worldnews","32":"tag-zinas","33":"tag-zinas-no-arvalstim"},"share_on_mastodon":{"url":"https:\/\/pubeurope.com\/@lv\/115715046284335622","error":""},"_links":{"self":[{"href":"https:\/\/www.europesays.com\/lv\/wp-json\/wp\/v2\/posts\/73839","targetHints":{"allow":["GET"]}}],"collection":[{"href":"https:\/\/www.europesays.com\/lv\/wp-json\/wp\/v2\/posts"}],"about":[{"href":"https:\/\/www.europesays.com\/lv\/wp-json\/wp\/v2\/types\/post"}],"author":[{"embeddable":true,"href":"https:\/\/www.europesays.com\/lv\/wp-json\/wp\/v2\/users\/2"}],"replies":[{"embeddable":true,"href":"https:\/\/www.europesays.com\/lv\/wp-json\/wp\/v2\/comments?post=73839"}],"version-history":[{"count":0,"href":"https:\/\/www.europesays.com\/lv\/wp-json\/wp\/v2\/posts\/73839\/revisions"}],"wp:featuredmedia":[{"embeddable":true,"href":"https:\/\/www.europesays.com\/lv\/wp-json\/wp\/v2\/media\/73840"}],"wp:attachment":[{"href":"https:\/\/www.europesays.com\/lv\/wp-json\/wp\/v2\/media?parent=73839"}],"wp:term":[{"taxonomy":"category","embeddable":true,"href":"https:\/\/www.europesays.com\/lv\/wp-json\/wp\/v2\/categories?post=73839"},{"taxonomy":"post_tag","embeddable":true,"href":"https:\/\/www.europesays.com\/lv\/wp-json\/wp\/v2\/tags?post=73839"}],"curies":[{"name":"wp","href":"https:\/\/api.w.org\/{rel}","templated":true}]}}