{"id":73851,"date":"2025-12-14T00:29:24","date_gmt":"2025-12-14T00:29:24","guid":{"rendered":"https:\/\/www.europesays.com\/lv\/73851\/"},"modified":"2025-12-14T00:29:24","modified_gmt":"2025-12-14T00:29:24","slug":"zinas-vieglaja-valoda-12-decembri-raksts","status":"publish","type":"post","link":"https:\/\/www.europesays.com\/lv\/73851\/","title":{"rendered":"Zi\u0146as vieglaj\u0101 valod\u0101 12. decembr\u012b \/ Raksts"},"content":{"rendered":"<p>Zi\u0146as vieglaj\u0101 valod\u0101 12. decembr\u012b.\u00a0<\/p>\n<p>Zi\u0146as vieglaj\u0101 valod\u0101 12. decembr\u012b<\/p>\n<p>Ukrainas armija veiksm\u012bgi uzbr\u016bk pie Kupjanskas\u00a0<\/p>\n<p>Ukrainas armija veiksm\u012bgi uzbr\u016bk pie Kupjanskas Harkivas apgabal\u0101.\u00a0<\/p>\n<p>Ukrainas prezidents Volodimirs Zelenskis \u0161odien public\u0113ja video, kur vi\u0146\u0161 ir pie Kupjanskas robe\u017eas z\u012bmes.<\/p>\n<p>Video dzird spr\u0101dzienus un \u0161\u0101vienus, kas ir kara ska\u0146as.<\/p>\n<p>Novembra beig\u0101s Krievija teica, ka kontrol\u0113 Kupjansku, un aicin\u0101ja savus medijus to apmekl\u0113t.<\/p>\n<p>\u00a0<\/p>\n<p>V\u0101cijas vad\u012bt\u0101js tiksies ar Ukrainas prezidentu\u00a0<\/p>\n<p>V\u0101cijas vad\u012bt\u0101js Fr\u012bdrihs Mercs pirmdien Berl\u012bn\u0113 tiksies ar Ukrainas prezidentu Volodimiru Zelenski.<\/p>\n<p>Vi\u0146i run\u0101s par ekonomiku un idej\u0101m, k\u0101 beigt Krievijas karu pret Ukrainu.<\/p>\n<p>V\u0113l\u0101k sarunai pievienosies daudzi citi Eiropas valstu l\u012bderi, ar\u012b Eiropas Savien\u012bbas un NATO vad\u012bt\u0101ji.<\/p>\n<p>Tik\u0161an\u0101s notiek, kad turpin\u0101s sarunas par ASV miera pl\u0101nu.<\/p>\n<p>\u00a0<\/p>\n<p>NATO \u0123ener\u0101lsekret\u0101rs: Alianses valstis var b\u016bt n\u0101kamais Krievijas m\u0113r\u0137is\u00a0<\/p>\n<p>NATO valstis n\u0101kamajos gados var k\u013c\u016bt par Krievijas milit\u0101ro m\u0113r\u0137i p\u0113c Ukrainas, saka NATO \u0123ener\u0101lsekret\u0101rs Marks Rute.<\/p>\n<p>Vi\u0146\u0161 uzsver, ka NATO valst\u012bm j\u0101dom\u0101 par savu aizsardz\u012bbu.<\/p>\n<p>Rute ir noraiz\u0113jies, ka daudzas valstis neuztver Krievijas draudus nopietni un dom\u0101, ka ir daudz laika sagatavoties.<\/p>\n<p>Vi\u0146\u0161 ar\u012b saka, ka, pal\u012bdzot Ukrainai, sabiedrotie v\u0101jina Krievijas armiju un trauc\u0113 Vladimira Putina pl\u0101niem uzbrukt NATO.<\/p>\n<p>T\u0101p\u0113c NATO vajadz\u0113tu turpin\u0101t un palielin\u0101t pal\u012bdz\u012bbu Ukrainai.<\/p>\n<p>\u00a0<\/p>\n<p>Eiropas Savien\u012bba\u00a0uz laiku aiztur Krievijas naudu\u00a0<\/p>\n<p>Eiropas Savien\u012bbas valstis nol\u0113ma uz laiku aiztur\u0113t Krievijas naudu.<\/p>\n<p>Tagad nav j\u0101uztraucas, ka k\u0101da valsts var\u0113tu main\u012bt l\u0113mumu un \u013caut Krievijai sa\u0146emt atpaka\u013c naudu.<\/p>\n<p>Krievija nevar\u0113s sa\u0146emt vair\u0101k nek\u0101 200 miljardus eiro.<\/p>\n<p>Tas pal\u012bdz\u0113s n\u0101kamned\u0113\u013c vienoties par aizdevumu Ukrainai.<\/p>\n<p>\u00a0<\/p>\n<p>Baltijas premjeri p\u0101rliecin\u0101ti par &#8220;Rail Baltica&#8221; projekta pabeig\u0161anu 2030. gad\u0101 \u00a0\u00a0<\/p>\n<p>Baltijas valstu vald\u012bbu vad\u012bt\u0101ji dom\u0101, ka \u0101trgaitas dzelzce\u013c\u0161 &#8220;Rail Baltica&#8221; b\u016bs gatavs 2030. gad\u0101.<\/p>\n<p>Latvijas premjere Evika Sili\u0146a (&#8220;Jaun\u0101 Vienot\u012bba&#8221;) tik\u0101s ar Lietuvas un Igaunijas premjeriem.<\/p>\n<p>Vi\u0146a teica, ka runas par to, ka dzelzce\u013c\u0161 l\u012bdz Igaunijai netiks uzb\u016bv\u0113ts, ir tikai baumas.<\/p>\n<p>Sili\u0146a uzsver, ka Latvijai vajag \u0161o dzelzce\u013cu.<\/p>\n<p>Igaunijas premjers Kristens Mihals saka, ka vi\u0146\u0161 uzticas Sili\u0146as vald\u012bbai, ka dzelzce\u013ca posms l\u012bdz Igaunijai b\u016bs uzb\u016bv\u0113ts.<\/p>\n<p>Lietuvas premjere Inga Ru\u0123iniene ir priec\u012bga, ka Latvijas premjere par\u0101da lielu progresu.<\/p>\n<p>Pirms da\u017eiem gadiem tas rad\u012bja ba\u017eas, bet tagad vairs ne.<\/p>\n<p>\u00a0<\/p>\n<p>R\u012bgas vicem\u0113rs aptur pl\u0101nu p\u0101rdot &#8220;R\u012bgas namu p\u0101rvaldnieku&#8221;\u00a0<\/p>\n<p>R\u012bgas m\u0113ra vietnieks Edvards Ratnieks no Nacion\u0101l\u0101s apvien\u012bbas ir aptur\u0113jis pl\u0101nu p\u0101rdot pa\u0161vald\u012bbas uz\u0146\u0113mumu &#8220;R\u012bgas namu p\u0101rvaldnieks&#8221;.<\/p>\n<p>Vi\u0146\u0161 aicina nesteigties ar \u0161o svar\u012bgo l\u0113mumu un v\u0113las, lai apskata ar\u012b citus variantus.<\/p>\n<p>R\u012bgas dom\u0113 ir sagatavots pl\u0101ns p\u0101rdot \u0161o uz\u0146\u0113mumu.<\/p>\n<p>Lai to izdar\u012btu, &#8220;R\u012bgas namu p\u0101rvaldnieku&#8221; grib p\u0101rveidot par akciju sabiedr\u012bbu, kas noz\u012bm\u0113, ka uz\u0146\u0113muma akcijas var\u0113s p\u0101rdot publiski.<\/p>\n<p>\u00a0<\/p>\n<p>Pat\u0113r\u0113t\u0101ju sargs s\u0101cis lietu pret &#8220;Bite Latvija&#8221;\u00a0\u00a0<\/p>\n<p>Pat\u0113r\u0113t\u0101ju ties\u012bbu aizsardz\u012bbas centrs ir uzs\u0101cis lietu pret SIA &#8220;Bite Latvija&#8221;.<\/p>\n<p>Vi\u0146i autom\u0101tiski piesl\u0113dz pakalpojumu &#8220;Bite Pamatkomplekts&#8221; bez klientu piekri\u0161anas.<\/p>\n<p>\u0160is pakalpojums maks\u0101 apm\u0113ram 2 eiro.<\/p>\n<p>Uz\u0146\u0113mums &#8220;Bite&#8221; sola papildus dro\u0161\u012bbu.<\/p>\n<p>Ja pat\u0113r\u0113t\u0101ji nev\u0113las \u0161o pakalpojumu, bet grib turpin\u0101t l\u012bgumu, vi\u0146iem j\u0101raksta &#8220;Bite Latvija&#8221;, lai izteiktu savus iebildumus un piepras\u012btu l\u012bguma izpildi p\u0113c vecajiem noteikumiem.<\/p>\n<p>\u00a0<\/p>\n<p>Laika zi\u0146as<\/p>\n<p>Latvij\u0101 gaid\u0101ms apm\u0101cies laiks.<\/p>\n<p>R\u012bt no dienas vidus rietumu un centr\u0101lajos rajonos sniegs, j\u016bras piekrastes tuvum\u0101 slapj\u0161 sniegs, lietus, iesp\u0113jama atkala.<\/p>\n<p>Ce\u013ci b\u016bs slideni,<\/p>\n<p>Dienvidaustrumu v\u0113j\u0161 2\u20137 metri sekund\u0113.<\/p>\n<p>Gaisa temperat\u016bra nakt\u012b -1&#8230;-6 gr\u0101di, viet\u0101m Kurzem\u0113, galvenok\u0101rt piekrast\u0113, 0&#8230;2 gr\u0101di.<\/p>\n<p>Dien\u0101 0&#8230;4 gr\u0101di, austrumos 0&#8230;-2 gr\u0101di.<\/p>\n<p>\u00a0<\/p>\n<p>R\u012bg\u0101 r\u012bt vakar\u0101 sniegs.<\/p>\n<p>Nakt\u012b zieme\u013caustrumu, dien\u0101 dienvidaustrumu v\u0113j\u0161 2\u20136 metri sekund\u0113.<\/p>\n<p>Gaisa temperat\u016bra nakt\u012b -1&#8230;-3 gr\u0101di, dien\u0101 ap 0 gr\u0101du.<\/p>\n","protected":false},"excerpt":{"rendered":"Zi\u0146as vieglaj\u0101 valod\u0101 12. decembr\u012b.\u00a0 Zi\u0146as vieglaj\u0101 valod\u0101 12. decembr\u012b Ukrainas armija veiksm\u012bgi uzbr\u016bk pie Kupjanskas\u00a0 Ukrainas armija&hellip;\n","protected":false},"author":2,"featured_media":6849,"comment_status":"","ping_status":"","sticky":false,"template":"","format":"standard","meta":{"footnotes":""},"categories":[14],"tags":[23,57,28,29,32,33,22,30,31,35,39,38,36,37,34,40,20,26,27,24,25,54,55,56,21,58],"class_list":{"0":"post-73851","1":"post","2":"type-post","3":"status-publish","4":"format-standard","5":"has-post-thumbnail","7":"category-zinas-no-arvalstim","8":"tag-aktualitates","9":"tag-arvalstim","10":"tag-breaking-news","11":"tag-breakingnews","12":"tag-featured-news","13":"tag-featurednews","14":"tag-headlines","15":"tag-latest-news","16":"tag-latestnews","17":"tag-latvia","18":"tag-latvian","19":"tag-latviesu","20":"tag-latviesu-valoda","21":"tag-latviesuvaloda","22":"tag-latvija","23":"tag-lv","24":"tag-news","25":"tag-popularakas-zinas","26":"tag-popularakaszinas","27":"tag-top-stories","28":"tag-topstories","29":"tag-world","30":"tag-world-news","31":"tag-worldnews","32":"tag-zinas","33":"tag-zinas-no-arvalstim"},"share_on_mastodon":{"url":"https:\/\/pubeurope.com\/@lv\/115715097373468845","error":""},"_links":{"self":[{"href":"https:\/\/www.europesays.com\/lv\/wp-json\/wp\/v2\/posts\/73851","targetHints":{"allow":["GET"]}}],"collection":[{"href":"https:\/\/www.europesays.com\/lv\/wp-json\/wp\/v2\/posts"}],"about":[{"href":"https:\/\/www.europesays.com\/lv\/wp-json\/wp\/v2\/types\/post"}],"author":[{"embeddable":true,"href":"https:\/\/www.europesays.com\/lv\/wp-json\/wp\/v2\/users\/2"}],"replies":[{"embeddable":true,"href":"https:\/\/www.europesays.com\/lv\/wp-json\/wp\/v2\/comments?post=73851"}],"version-history":[{"count":0,"href":"https:\/\/www.europesays.com\/lv\/wp-json\/wp\/v2\/posts\/73851\/revisions"}],"wp:featuredmedia":[{"embeddable":true,"href":"https:\/\/www.europesays.com\/lv\/wp-json\/wp\/v2\/media\/6849"}],"wp:attachment":[{"href":"https:\/\/www.europesays.com\/lv\/wp-json\/wp\/v2\/media?parent=73851"}],"wp:term":[{"taxonomy":"category","embeddable":true,"href":"https:\/\/www.europesays.com\/lv\/wp-json\/wp\/v2\/categories?post=73851"},{"taxonomy":"post_tag","embeddable":true,"href":"https:\/\/www.europesays.com\/lv\/wp-json\/wp\/v2\/tags?post=73851"}],"curies":[{"name":"wp","href":"https:\/\/api.w.org\/{rel}","templated":true}]}}