{"id":73854,"date":"2025-12-14T00:35:24","date_gmt":"2025-12-14T00:35:24","guid":{"rendered":"https:\/\/www.europesays.com\/lv\/73854\/"},"modified":"2025-12-14T00:35:24","modified_gmt":"2025-12-14T00:35:24","slug":"arlietu-ministre-diasporas-konsultativas-padomes-sede-pateicas-par-diasporas-ieguldijumu-latvijas-izaugsme-diasporas-nozimigo-lomu-apliecina-lu-petijums-diasporas-investicijas-latvija","status":"publish","type":"post","link":"https:\/\/www.europesays.com\/lv\/73854\/","title":{"rendered":"\u0100rlietu ministre Diasporas konsultat\u012bv\u0101s padomes s\u0113d\u0113 pateicas par diasporas ieguld\u012bjumu Latvijas izaugsm\u0113. Diasporas noz\u012bm\u012bgo lomu apliecina LU p\u0113t\u012bjums \u201cDiasporas invest\u012bcijas Latvij\u0101\u201d"},"content":{"rendered":"<p class=\"text-align-justify\">2025. gada 12. decembr\u012b \u0100rlietu ministre Baiba Bra\u017ee, atkl\u0101jot Diasporas konsultat\u012bv\u0101s padomes (DKP) gada nosl\u0113dzo\u0161o s\u0113di, video uzrun\u0101 pateic\u0101s par l\u012bdz\u0161in\u0113jo darbu un aicin\u0101ja ar\u012b turpm\u0101k saglab\u0101t un kopt latvie\u0161u valodu un kult\u016bru pasaul\u0113 \u2013 tas ir sevi\u0161\u0137i svar\u012bgi gan akt\u012bvai pilsoniskajai saiknei, ar Latviju, gan atgrie\u017eoties Latvij\u0101.<\/p>\n<p class=\"text-align-justify\">Ministre pateic\u0101s par diasporas dal\u012bbu Pasaules latvie\u0161u ekonomikas un inov\u0101ciju forum\u0101, ekonomikas forum\u0101 Spotlight Latvia ASV, diasporas skolu darbu un dal\u012bbu XIII Latvijas Skolu jaunatnes dziesmu un deju sv\u0113tkos, kas pulc\u0113ja diasporu no visas pasaules.<\/p>\n<p class=\"text-align-justify\">B. Bra\u017ee pateic\u0101s par diasporas visa veida sniegto atbalstu Ukrainai. T\u0101pat ministre nor\u0101d\u012bja, ka diasporai ir liela loma Latvijas valsts tautsaimniec\u012bb\u0101 un invest\u012bciju piesaist\u0113.<\/p>\n<p class=\"text-align-justify\">\u0100rlietu ministre uzsv\u0113ra diasporas noz\u012bm\u012bgo lomu 2026. gada Saeimas v\u0113l\u0113\u0161an\u0101s \u2013 \u012bpa\u0161i pa\u0161reiz\u0113j\u0101 \u0123eopolitiskaj\u0101 realit\u0101t\u0113, kad nov\u0113rojama\u00a0 Krievijas \u0101r\u0113j\u0101 ietekme un t\u0101 izplata naid\u012bgu\u00a0 inform\u0101ciju, diasporas l\u012bdzdal\u012bba ir \u013coti svar\u012bga.<\/p>\n<p class=\"text-align-justify\">Akt\u012bva sadarb\u012bba ar diasporu turpin\u0101sies ar\u012b 2026. gad\u0101. Valsts bud\u017eets ir pie\u0146emts, diasporai paredzot 2,5 miljonus eiro finans\u0113jumu.<\/p>\n<p class=\"text-align-justify\">Diasporas noz\u012bm\u012bgo lomu apliecina ar\u012b Latvijas Universit\u0101tes (LU) Diasporas un migr\u0101cijas p\u0113t\u012bjumu centra 2025.\u00a0gad\u0101 veikt\u0101 jaun\u0101 p\u0113t\u012bjuma \u201cDiasporas invest\u012bcijas Latvij\u0101\u201d pamata secin\u0101jums \u2013 diaspora jau \u0161obr\u012bd ik gadu mobiliz\u0113 Latvijai kapit\u0101lu 0, 94 \u2013 1,0 miljardu eiro apjom\u0101. Finansi\u0101lie ieguld\u012bjumi uz\u0146\u0113m\u0113jdarb\u012bb\u0101 ir makroekonomiski nelieli, toties kvalitat\u012bvi noz\u012bm\u012bgi; v\u0113l vair\u0101k \u2013 aptuveni tr\u012bs ceturtda\u013cas no diasporas ieguld\u012bjumu v\u0113rt\u012bbas ir nemateri\u0101lajos resursos: zin\u0101\u0161an\u0101s, prasm\u0113s, profesion\u0101lajos t\u012bklos, reput\u0101cij\u0101 un uztic\u0113\u0161an\u0101s kapit\u0101l\u0101. P\u0113t\u012bjums pier\u0101da diasporas p\u0101rst\u0101vju augsto zin\u0101\u0161anu, inov\u0101ciju un kontaktu potenci\u0101lu.<\/p>\n<p class=\"text-align-justify\">\u0100rlietu ministrija diasporas politikas ietvaros stiprina saikni ar aptuveni 400\u00a0000 tautie\u0161iem vis\u0101 pasaul\u0113, veidojot sadarb\u012bbas t\u012bklus ar Pasaules latvie\u0161u ekonomikas forumu un t\u0101 p\u0113ctec\u012bbas pas\u0101kumiem, Starptautiskaj\u0101s organiz\u0101cij\u0101s str\u0101d\u0101jo\u0161o Latvijas profesion\u0101\u013cu forum\u0101 u. c. form\u0101tos. Invest\u0113jot Latvij\u0101, diaspora mekl\u0113 gan finan\u0161u atdevi, gan j\u0113gpilnu ietekmi uz Latviju. Tautie\u0161iem r\u016bp Latvijas att\u012bst\u012bba, un vi\u0146i v\u0113las kvalitat\u012bvu sadarb\u012bbu. \u0160ie secin\u0101jumi kopum\u0101 iez\u012bm\u0113 nepiecie\u0161am\u012bbu p\u0113c paradigmas mai\u0146as Latvijas diasporas politik\u0101, akcent\u0113jot invest\u012bciju noz\u012bmi diaspor\u0101, tai skait\u0101 cilv\u0113kkapit\u0101l\u0101, kas potenci\u0101li b\u016btu viens no valsts izaugsmes noz\u012bm\u012bgiem pa\u0101trin\u0101t\u0101jiem.<\/p>\n<p class=\"text-align-justify\">P\u0113t\u012bjuma secin\u0101jumus prezent\u0113ja Latvijas Universit\u0101tes Ekonomikas un Soci\u0101lo zin\u0101t\u0146u fakult\u0101tes p\u0113tniece, soci\u0101lo zin\u0101t\u0146u doktora gr\u0101da kandid\u0101te L\u012bga Brasli\u0146a. P\u0113t\u012bjums tiks public\u0113ts 2026. gada janv\u0101r\u012b un b\u016bs pieejams LU Diasporas un migr\u0101cijas p\u0113t\u012bjumu centra m\u0101jas lap\u0101\u00a0<a data-external-link=\"TRUE\" href=\"https:\/\/www.diaspora.lu.lv\/petijumi\/\" rel=\"noopener nofollow\" target=\"_blank\">P\u0113t\u012bjumi<\/a>.<\/p>\n<p class=\"text-align-justify\">\u0100rlietu ministrijas speci\u0101lo uzdevumu v\u0113stniece diasporas jaut\u0101jumos Zanda Grauze s\u0113des dal\u012bbniekus inform\u0113ja par diasporas iesaisti politikas pl\u0101no\u0161anas dokumentu un normat\u012bvo aktu izstr\u0101d\u0113. Ministrija ir uztur\u0113jusi un papildin\u0101jusi komunik\u0101cijas t\u012bklu ar diasporas p\u0101rst\u0101vjiem un organiz\u0101cij\u0101m, apkopojusi inform\u0101ciju par diasporu interes\u0113jo\u0161\u0101m jom\u0101m. DKP s\u0113d\u0113s ir p\u0101rrun\u0101ti t\u0101di jaut\u0101jumi k\u0101 remigr\u0101cija, valsts valoda, Valsts aizsardz\u012bbas dienests, diasporas dal\u012bba v\u0113l\u0113\u0161an\u0101s, civil\u0101 aizsardz\u012bba, studijas Latvij\u0101.<\/p>\n<p class=\"text-align-justify\">Ministrija 2025.\u00a0gad\u0101 ir atbalst\u012bjusi 74 projektus diasporas atbalsta programmas ietvaros 25 valst\u012bs 137 108 eiro apm\u0113r\u0101. Diasporas grupa ir viesojusies pie Latvijas diasporas p\u0101rst\u0101vjiem Norv\u0113\u0123ij\u0101, Kan\u0101d\u0101, Zviedrij\u0101, ASV, Apvienotaj\u0101 Karalist\u0113, V\u0101cij\u0101 un Gruzij\u0101.<\/p>\n<p class=\"text-align-justify\">S\u0113d\u0113 tika izskat\u012bts l\u012bdz \u0161im paveiktais Pl\u0101n\u0101 darbam ar diasporu 2024.\u20132026. gadam. Par Pl\u0101na izpildi atbild\u012bgo nozaru instit\u016bciju p\u0101rst\u0101vji inform\u0113ja par uzdevumu un pas\u0101kumu l\u012bdz\u0161in\u0113jo realiz\u0101ciju.<\/p>\n<p>Inform\u0101cijai<\/p>\n<p class=\"text-align-justify\">Diasporas konsultat\u012bv\u0101 padome k\u0101 padomdev\u0113ja instit\u016bcija dibin\u0101ta 2019. gada maij\u0101. T\u0101 veicina saska\u0146otu diasporas politikas veido\u0161anu un t\u0101s ikgad\u0113jo priorit\u0101\u0161u noteik\u0161anu, k\u0101 ar\u012b diasporas politikas \u012bsteno\u0161anu un nov\u0113rt\u0113\u0161anu. Diasporas konsultat\u012bvaj\u0101 padom\u0113 ir 27 p\u0101rst\u0101vji, un ir vienl\u012bdz pla\u0161i p\u0101rst\u0101v\u0113tas gan valsts un pa\u0161vald\u012bbu instit\u016bcijas, gan diasporas organiz\u0101cijas.<\/p>\n<p class=\"text-align-justify\">Diasporas politiku, iesaistot diasporas locek\u013cus, organiz\u0101cijas un citas fizisk\u0101s un juridisk\u0101s personas, \u012bsteno \u0100rlietu ministrija, Ekonomikas ministrija, Izgl\u012bt\u012bbas un zin\u0101tnes ministrija, Kult\u016bras ministrija, Labkl\u0101j\u012bbas ministrija, Vied\u0101s administr\u0101cijas un re\u0123ion\u0101l\u0101s att\u012bst\u012bbas ministrija, Iek\u0161lietu ministrija, Vesel\u012bbas ministrija, Sabiedrisko elektronisko pla\u0161sazi\u0146as l\u012bdzek\u013cu padome, pl\u0101no\u0161anas re\u0123ioni, pa\u0161vald\u012bbas un citas valsts p\u0101rvaldes instit\u016bcijas, veicot Diasporas likum\u0101, Pl\u0101n\u0101 darbam ar diasporu un citos normat\u012bvajos aktos noteiktos uzdevumus.<\/p>\n<p class=\"text-align-justify\">\u0100rlietu ministrija nodro\u0161ina vienotas diasporas politikas izstr\u0101di un t\u0101s koordin\u0113tu \u012bsteno\u0161anu.<\/p>\n","protected":false},"excerpt":{"rendered":"2025. gada 12. decembr\u012b \u0100rlietu ministre Baiba Bra\u017ee, atkl\u0101jot Diasporas konsultat\u012bv\u0101s padomes (DKP) gada nosl\u0113dzo\u0161o s\u0113di, video uzrun\u0101&hellip;\n","protected":false},"author":2,"featured_media":73855,"comment_status":"","ping_status":"","sticky":false,"template":"","format":"standard","meta":{"footnotes":""},"categories":[14],"tags":[23,57,28,29,32,33,22,30,31,35,39,38,36,37,34,40,20,26,27,24,25,54,55,56,21,58],"class_list":{"0":"post-73854","1":"post","2":"type-post","3":"status-publish","4":"format-standard","5":"has-post-thumbnail","7":"category-zinas-no-arvalstim","8":"tag-aktualitates","9":"tag-arvalstim","10":"tag-breaking-news","11":"tag-breakingnews","12":"tag-featured-news","13":"tag-featurednews","14":"tag-headlines","15":"tag-latest-news","16":"tag-latestnews","17":"tag-latvia","18":"tag-latvian","19":"tag-latviesu","20":"tag-latviesu-valoda","21":"tag-latviesuvaloda","22":"tag-latvija","23":"tag-lv","24":"tag-news","25":"tag-popularakas-zinas","26":"tag-popularakaszinas","27":"tag-top-stories","28":"tag-topstories","29":"tag-world","30":"tag-world-news","31":"tag-worldnews","32":"tag-zinas","33":"tag-zinas-no-arvalstim"},"share_on_mastodon":{"url":"","error":"Validation failed: Text character limit of 500 exceeded"},"_links":{"self":[{"href":"https:\/\/www.europesays.com\/lv\/wp-json\/wp\/v2\/posts\/73854","targetHints":{"allow":["GET"]}}],"collection":[{"href":"https:\/\/www.europesays.com\/lv\/wp-json\/wp\/v2\/posts"}],"about":[{"href":"https:\/\/www.europesays.com\/lv\/wp-json\/wp\/v2\/types\/post"}],"author":[{"embeddable":true,"href":"https:\/\/www.europesays.com\/lv\/wp-json\/wp\/v2\/users\/2"}],"replies":[{"embeddable":true,"href":"https:\/\/www.europesays.com\/lv\/wp-json\/wp\/v2\/comments?post=73854"}],"version-history":[{"count":0,"href":"https:\/\/www.europesays.com\/lv\/wp-json\/wp\/v2\/posts\/73854\/revisions"}],"wp:featuredmedia":[{"embeddable":true,"href":"https:\/\/www.europesays.com\/lv\/wp-json\/wp\/v2\/media\/73855"}],"wp:attachment":[{"href":"https:\/\/www.europesays.com\/lv\/wp-json\/wp\/v2\/media?parent=73854"}],"wp:term":[{"taxonomy":"category","embeddable":true,"href":"https:\/\/www.europesays.com\/lv\/wp-json\/wp\/v2\/categories?post=73854"},{"taxonomy":"post_tag","embeddable":true,"href":"https:\/\/www.europesays.com\/lv\/wp-json\/wp\/v2\/tags?post=73854"}],"curies":[{"name":"wp","href":"https:\/\/api.w.org\/{rel}","templated":true}]}}