{"id":73862,"date":"2025-12-14T00:53:29","date_gmt":"2025-12-14T00:53:29","guid":{"rendered":"https:\/\/www.europesays.com\/lv\/73862\/"},"modified":"2025-12-14T00:53:29","modified_gmt":"2025-12-14T00:53:29","slug":"kars-ukraina-fotografu-acim-decembra-kadri-atklaj-tragediju-un-ceribu-lente-lv","status":"publish","type":"post","link":"https:\/\/www.europesays.com\/lv\/73862\/","title":{"rendered":"Kar\u0161 Ukrain\u0101 fotogr\u0101fu ac\u012bm: Decembra kadri atkl\u0101j tra\u0123\u0113diju un cer\u012bbu &#8211; Lente.lv"},"content":{"rendered":"<ol>\n<li><a href=\"https:\/\/news.google.com\/rss\/articles\/CBMiwgFBVV95cUxPV3I0UlpTRmdZWlR5MHZVeDB6Z1lZN0FMWk4td20zd0hEbkk4ZWhXb0ZVc0xKV05hUWN4cUtpQUxVNXROWC03ejQ5bjhSMzdTSDB0SEZaQ3lVa2Q1S1RkTnRaR290T1lfWllZamcwaDlqRUEySFg2b3F2R0JQenFfY0NqbGZMSlJyeC1UQjNwa3hEWEwtdnFZaUN5aEsybzZ6MjV5MTBHeDU3ZlpCMnRXdVMxaTI5Z1FUeUFBWExPZnF3dw?oc=5\" target=\"_blank\" rel=\"nofollow noopener\">Kar\u0161 Ukrain\u0101 fotogr\u0101fu ac\u012bm: Decembra kadri atkl\u0101j tra\u0123\u0113diju un cer\u012bbu<\/a>&nbsp;&nbsp;Lente.lv<\/li>\n<li><a href=\"https:\/\/news.google.com\/rss\/articles\/CBMirwFBVV95cUxOQXZZUThmNUlaSWNIMHQ1d1l1WFc2TTJ0eFJLV25PYVZZbkhRcDQ3MHAtUnl3UGIwdGtKeEQyUk5MZVQ2ZmhoRV9nb0pFdkthMHEwTTU4TVd6M1pCZ0Nsb1ZXeld2NG1qTHRqVWdzczYyY2dlbzh5a1dFRHh0LXBOV1R3bHdhTnFET19obTNpQW9QSlphSXE5d1ZzUW1SUWE0N002QzlWZi1hOTkzMWFz?oc=5\" target=\"_blank\" rel=\"nofollow noopener\">Kar\u0161 Ukrain\u0101 fotogr\u0101fu ac\u012bm. 2025. gada 10. decembris \/ Raksts<\/a>&nbsp;&nbsp;LSM<\/li>\n<li><a href=\"https:\/\/news.google.com\/rss\/articles\/CBMixgFBVV95cUxPRFZDWVk4OTd3OWhmcVM4Z01TcWJoVDRrVTg3eko1RE5jclFIWVNicnpHdTVtR0Rrbzl5TXJUZmNsZl82TEdQdWlNb2k0NjhGbUxCZmNXZUhieVN2T1JXUnJMSzd4ZXQ5MTZlQVg2a0ZuYnpDZ3llQjZrRDBEZVN0a2hITnJEa0hqNUJxM2lSeVJJcmNWT2kyNW5WbS1sMEFRbGtERW8wQW5PdlpRbUluUENfS1MzNUpHNElZYUVqVUNzdXU4cHc?oc=5\" target=\"_blank\" rel=\"nofollow noopener\">Krievijas karav\u012bri masveid\u0101 dodas uz slimn\u012bcu, lai izvair\u012btos no nos\u016bt\u012b\u0161anas uz Pokrovsku<\/a>&nbsp;&nbsp;Jauns.lv<\/li>\n<li><a href=\"https:\/\/news.google.com\/rss\/articles\/CBMiiwFBVV95cUxQNldMckR2UDJsUFpJWGl4UFpIQXFnZThGTUJCMl9xNTFfLXRTODZEWldEM2FBdHpOTUF0a2R1UmZxZDVWQWhEWWFsZXJVSXpaMnU5bFVoVkU5OEhuV1l3N0xfbV84NWw2TW5TUXhzajZtdy1rMTFkNUY2VFRzWTcwcnBlcnBtZWc4dUxR?oc=5\" target=\"_blank\" rel=\"nofollow noopener\">&#8220;J\u016bs b\u016bsiet n\u0101kamie&#8221;<\/a>&nbsp;&nbsp;Diena<\/li>\n<li><a href=\"https:\/\/news.google.com\/rss\/articles\/CBMinwFBVV95cUxQbVhINzdKUm5qVjByaVBzQjl5a0tZSWQ1WnZmdnZYbVRvdFhkQ3pvRzV1bHZ4TnNNc0pIZGxubWtfMGo2NVhmYXdJTmFPX0hBUU55QkF0TnVFdzUyU3dZY0pmUXpDSm9PeWFhcW5MR2FNd3kyVERkR0Y4NXkySElnSGtXbXFBa1U1Yi0wUERwbVpZemd6aS02bW5mc0ZlMzA?oc=5\" target=\"_blank\" rel=\"nofollow noopener\">Redz\u0113t karu sav\u0101m ac\u012bm: Riharda L\u0101\u010da ce\u013c\u0161 cauri Ukrainai<\/a>&nbsp;&nbsp;Aluksniesiem.lv<\/li>\n<\/ol>\n","protected":false},"excerpt":{"rendered":"Kar\u0161 Ukrain\u0101 fotogr\u0101fu ac\u012bm: Decembra kadri atkl\u0101j tra\u0123\u0113diju un cer\u012bbu&nbsp;&nbsp;Lente.lv Kar\u0161 Ukrain\u0101 fotogr\u0101fu ac\u012bm. 2025. gada 10. decembris&hellip;\n","protected":false},"author":2,"featured_media":73863,"comment_status":"","ping_status":"","sticky":false,"template":"","format":"standard","meta":{"footnotes":""},"categories":[14],"tags":[23,57,28,29,18796,13747,32,33,7042,22,18795,3354,30,31,35,39,38,36,37,34,40,20,26,27,24,25,54,55,56,21,58],"class_list":{"0":"post-73862","1":"post","2":"type-post","3":"status-publish","4":"format-standard","5":"has-post-thumbnail","7":"category-zinas-no-arvalstim","8":"tag-aktualitates","9":"tag-arvalstim","10":"tag-breaking-news","11":"tag-breakingnews","12":"tag-ceriba-uz-mieru","13":"tag-cilveciskas-ciesanas","14":"tag-featured-news","15":"tag-featurednews","16":"tag-fotografija","17":"tag-headlines","18":"tag-kara-reportaza","19":"tag-kars-ukraina","20":"tag-latest-news","21":"tag-latestnews","22":"tag-latvia","23":"tag-latvian","24":"tag-latviesu","25":"tag-latviesu-valoda","26":"tag-latviesuvaloda","27":"tag-latvija","28":"tag-lv","29":"tag-news","30":"tag-popularakas-zinas","31":"tag-popularakaszinas","32":"tag-top-stories","33":"tag-topstories","34":"tag-world","35":"tag-world-news","36":"tag-worldnews","37":"tag-zinas","38":"tag-zinas-no-arvalstim"},"share_on_mastodon":{"url":"https:\/\/pubeurope.com\/@lv\/115715191823976867","error":""},"_links":{"self":[{"href":"https:\/\/www.europesays.com\/lv\/wp-json\/wp\/v2\/posts\/73862","targetHints":{"allow":["GET"]}}],"collection":[{"href":"https:\/\/www.europesays.com\/lv\/wp-json\/wp\/v2\/posts"}],"about":[{"href":"https:\/\/www.europesays.com\/lv\/wp-json\/wp\/v2\/types\/post"}],"author":[{"embeddable":true,"href":"https:\/\/www.europesays.com\/lv\/wp-json\/wp\/v2\/users\/2"}],"replies":[{"embeddable":true,"href":"https:\/\/www.europesays.com\/lv\/wp-json\/wp\/v2\/comments?post=73862"}],"version-history":[{"count":0,"href":"https:\/\/www.europesays.com\/lv\/wp-json\/wp\/v2\/posts\/73862\/revisions"}],"wp:featuredmedia":[{"embeddable":true,"href":"https:\/\/www.europesays.com\/lv\/wp-json\/wp\/v2\/media\/73863"}],"wp:attachment":[{"href":"https:\/\/www.europesays.com\/lv\/wp-json\/wp\/v2\/media?parent=73862"}],"wp:term":[{"taxonomy":"category","embeddable":true,"href":"https:\/\/www.europesays.com\/lv\/wp-json\/wp\/v2\/categories?post=73862"},{"taxonomy":"post_tag","embeddable":true,"href":"https:\/\/www.europesays.com\/lv\/wp-json\/wp\/v2\/tags?post=73862"}],"curies":[{"name":"wp","href":"https:\/\/api.w.org\/{rel}","templated":true}]}}