{"id":73868,"date":"2025-12-14T00:59:25","date_gmt":"2025-12-14T00:59:25","guid":{"rendered":"https:\/\/www.europesays.com\/lv\/73868\/"},"modified":"2025-12-14T00:59:25","modified_gmt":"2025-12-14T00:59:25","slug":"japanu-piemekle-divas-zemestrices-nedelas-laika","status":"publish","type":"post","link":"https:\/\/www.europesays.com\/lv\/73868\/","title":{"rendered":"Jap\u0101nu piemekl\u0113 divas zemestr\u012bces ned\u0113\u013cas laik\u0101"},"content":{"rendered":"<p class=\"descr\">Jap\u0101nas zieme\u013cus piektdien satricin\u0101ja 6,7 magnit\u016bdas stipra zemestr\u012bce, p\u0113c kuras tika izplat\u012bts br\u012bdin\u0101jums par cunami.<\/p>\n<p><a href=\"https:\/\/nra.lv\/birka\/zemestrice\/\" target=\"_blank\" rel=\"noopener nofollow\">Zemestr\u012bce<\/a> notika \u010detras dienas p\u0113c tam, kad 7,5 magnit\u016bdu zemestr\u012bc\u0113 \u0161aj\u0101 rajon\u0101 tika ievainots 51 cilv\u0113ks.<\/p>\n<p><a href=\"https:\/\/nra.lv\/birka\/japana\/\" target=\"_blank\" rel=\"noopener nofollow\">Jap\u0101nas<\/a> Meteorolo\u0123ijas a\u0123ent\u016bra, kas s\u0101kotn\u0113ji bija nov\u0113rt\u0113jusi jaun\u0101s zemestr\u012bces stiprumu ar 6,5 magnit\u016bd\u0101m, to v\u0113l\u0101k preciz\u0113ja un br\u012bdin\u0101ja, ka Jap\u0101nas zieme\u013cu piekrasti pie Klus\u0101 oke\u0101na var sasniegt l\u012bdz vienu metru augsti cunami vi\u013c\u0146i.<\/p>\n<p>ASV \u0122eolo\u0123iskais dienests zi\u0146oja, ka zemestr\u012bce bija 6,7 magnit\u016bdas stipra un t\u0101s epicentrs atrad\u0101s j\u016br\u0101 130 kilometrus no Ivates prefekt\u016bras Kudzi pils\u0113tas Jap\u0101nas galvenaj\u0101 sal\u0101 Honsju.<\/p>\n<p>Raidsabiedr\u012bba NHK zi\u0146oja, ka jaun\u0101s zemestr\u012bces rad\u012bto satricin\u0101jumu l\u012bmenis bijis v\u0101j\u0101ks nek\u0101 pirmdienas zemestr\u012bces laik\u0101, kad no plauktiem krita priek\u0161meti, rad\u0101s plaisas uz ce\u013ciem, pl\u012bsa logu stikli un izc\u0113l\u0101s l\u012bdz 70 centimetru augsti <a href=\"https:\/\/nra.lv\/birka\/cunami\/\" target=\"_blank\" rel=\"noopener nofollow\">cunami<\/a> vi\u013c\u0146i.<\/p>\n<p><a href=\"https:\/\/nra.lv\/birka\/kodolenergija\/\" target=\"_blank\" rel=\"noopener nofollow\">Kodolener\u0123ijas<\/a> regul\u0113\u0161anas p\u0101rvalde piektdien zi\u0146oja, ka nav nek\u0101du anom\u0101liju paz\u012bmju \u0161\u012b rajona atomener\u0123\u0113tikas objektos.<\/p>\n<p>\t\t\t\t\t\tinfo<\/p>\n<p>Uzzini pirmais<br \/>kas interesants noticis Latvij\u0101 un pasaul\u0113,<br \/>pievienojoties mums <a href=\"https:\/\/t.me\/neatkariga\" rel=\"nofollow\">Telegram<\/a> vai <a href=\"https:\/\/whatsapp.com\/channel\/0029VaMLFUH5K3zLU5s4wm3y\" rel=\"nofollow noopener\" target=\"_blank\">Whatsapp<\/a> kan\u0101l\u0101<\/p>\n","protected":false},"excerpt":{"rendered":"Jap\u0101nas zieme\u013cus piektdien satricin\u0101ja 6,7 magnit\u016bdas stipra zemestr\u012bce, p\u0113c kuras tika izplat\u012bts br\u012bdin\u0101jums par cunami. Zemestr\u012bce notika \u010detras&hellip;\n","protected":false},"author":2,"featured_media":73869,"comment_status":"","ping_status":"","sticky":false,"template":"","format":"standard","meta":{"footnotes":""},"categories":[14],"tags":[23,57,28,29,32,33,22,30,31,35,39,38,36,37,34,40,20,26,27,24,25,54,55,56,21,58],"class_list":{"0":"post-73868","1":"post","2":"type-post","3":"status-publish","4":"format-standard","5":"has-post-thumbnail","7":"category-zinas-no-arvalstim","8":"tag-aktualitates","9":"tag-arvalstim","10":"tag-breaking-news","11":"tag-breakingnews","12":"tag-featured-news","13":"tag-featurednews","14":"tag-headlines","15":"tag-latest-news","16":"tag-latestnews","17":"tag-latvia","18":"tag-latvian","19":"tag-latviesu","20":"tag-latviesu-valoda","21":"tag-latviesuvaloda","22":"tag-latvija","23":"tag-lv","24":"tag-news","25":"tag-popularakas-zinas","26":"tag-popularakaszinas","27":"tag-top-stories","28":"tag-topstories","29":"tag-world","30":"tag-world-news","31":"tag-worldnews","32":"tag-zinas","33":"tag-zinas-no-arvalstim"},"share_on_mastodon":{"url":"https:\/\/pubeurope.com\/@lv\/115715215399816123","error":""},"_links":{"self":[{"href":"https:\/\/www.europesays.com\/lv\/wp-json\/wp\/v2\/posts\/73868","targetHints":{"allow":["GET"]}}],"collection":[{"href":"https:\/\/www.europesays.com\/lv\/wp-json\/wp\/v2\/posts"}],"about":[{"href":"https:\/\/www.europesays.com\/lv\/wp-json\/wp\/v2\/types\/post"}],"author":[{"embeddable":true,"href":"https:\/\/www.europesays.com\/lv\/wp-json\/wp\/v2\/users\/2"}],"replies":[{"embeddable":true,"href":"https:\/\/www.europesays.com\/lv\/wp-json\/wp\/v2\/comments?post=73868"}],"version-history":[{"count":0,"href":"https:\/\/www.europesays.com\/lv\/wp-json\/wp\/v2\/posts\/73868\/revisions"}],"wp:featuredmedia":[{"embeddable":true,"href":"https:\/\/www.europesays.com\/lv\/wp-json\/wp\/v2\/media\/73869"}],"wp:attachment":[{"href":"https:\/\/www.europesays.com\/lv\/wp-json\/wp\/v2\/media?parent=73868"}],"wp:term":[{"taxonomy":"category","embeddable":true,"href":"https:\/\/www.europesays.com\/lv\/wp-json\/wp\/v2\/categories?post=73868"},{"taxonomy":"post_tag","embeddable":true,"href":"https:\/\/www.europesays.com\/lv\/wp-json\/wp\/v2\/tags?post=73868"}],"curies":[{"name":"wp","href":"https:\/\/api.w.org\/{rel}","templated":true}]}}