{"id":73901,"date":"2025-12-14T03:13:10","date_gmt":"2025-12-14T03:13:10","guid":{"rendered":"https:\/\/www.europesays.com\/lv\/73901\/"},"modified":"2025-12-14T03:13:10","modified_gmt":"2025-12-14T03:13:10","slug":"socials-protests-un-alkas-pec-milestibas-pardziedi-mani-izdzied-dziesmas-kas-mainija-pasauli-lente-lv","status":"publish","type":"post","link":"https:\/\/www.europesays.com\/lv\/73901\/","title":{"rendered":"Soci\u0101ls protests un alkas p\u0113c m\u012blest\u012bbas: \u00abP\u0101rdziedi mani!\u00bb izdzied dziesmas, kas main\u012bja pasauli &#8211; Lente.lv"},"content":{"rendered":"<ol>\n<li><a href=\"https:\/\/news.google.com\/rss\/articles\/CBMi0gFBVV95cUxQREhOLUk1czFUZ0Z3ZnBWOHVXRWY4TTh6YzM4b3dudWRlZXlCUF9JYzFxR3BBdm9kUURMa0RwWUxUMHZ1ZHhrMHoxbE8xeGNWTXNGNWF5UE05amVPTXZkVWotRl9qNHJZdmI5ZXgyTVhRSkw3SHJLaTlydjE5elBHeVVfOUVGVmwwVk51V0hBWU0yWlNRXzllSGdNNVE1Qi1RdXhweWpGTU5fSlgwM3RocDl2d05JSWtKMnR3c1dGUXBGODJ3WXpLdm4tNWl5TDFvTHc?oc=5\" target=\"_blank\" rel=\"nofollow noopener\">Soci\u0101ls protests un alkas p\u0113c m\u012blest\u012bbas: \u00abP\u0101rdziedi mani!\u00bb izdzied dziesmas, kas main\u012bja pasauli<\/a>&nbsp;&nbsp;Lente.lv<\/li>\n<li><a href=\"https:\/\/news.google.com\/rss\/articles\/CBMigAJBVV95cUxPcFoxaVZKNkZzd1JGalh1QkZlX05VTnhLMWtWOHFWSzhwYzh2NVNKZFBNVTJaSHJZX2tLdHR6eEd6VHNYTEdaa29mY3FUeGFfbF9VOGpOel9hS2lkUnFJQndyaFdQcGQyVVgyUUVXd3hkOTBZR0dkaE9UNFZBUFlqeTZYeXdENDFJc3dFQm1ZX1pzYzJSelZ1X1Y4cDVSY2FtX3JLV2NRZ043YUhoNDJpUU5FTWx1TWliZE1ua1d0LWt4UzEtRTU1Y05fenJyUDktVkI4V2NacElUbElLZ3pmR1NHNFJ6Zlh0Z05keFJVNUhhaTJyaGIyRUtWV2NXS2ZV?oc=5\" target=\"_blank\" rel=\"nofollow noopener\">Soci\u0101ls protests un alkas p\u0113c m\u012blest\u012bbas. \u0160ova \u00abP\u0101rdziedi mani!\u00bb dal\u012bbnieki izdzied dziesmas, kas main\u012bja pasauli<\/a>&nbsp;&nbsp;LSM<\/li>\n<li><a href=\"https:\/\/news.google.com\/rss\/articles\/CBMi5AFBVV95cUxONzVUTEtTS19zeC15eVFkNnlLdHFqeG5ITDByVHhfWTlKRlRMRUVIeDRsZ0I3c1VhWGVCR0J0YVEyLWlFUDBJT3JsNGd5bm9aLWtqbFB2aWJUMmJJSGF1ZmtuZGFMSUlpYmwyWXozX0pnTndtS2QxX0cyZ005QTV4WUc1akFrZmc5bmJ1Q01PRW1INDMwdkVpVFRjOGlWTTFidUJOcEJ5RFdyM3BYdEVKLVowcGlBZW56X2dBeDNfTjRMTnBWSzZEQ0h0dkJ4XzNQenc3TGZNX3huRnN3Zzd4ZU45djg?oc=5\" target=\"_blank\" rel=\"nofollow noopener\">Ko etnom\u016bzika var m\u0101c\u012bties no hiphopa? Saruna ar \u00abP\u0101rdziedi mani!\u00bb dal\u012bbnieku Art\u016bru U\u0161k\u0101nu<\/a>&nbsp;&nbsp;LSM<\/li>\n<li><a href=\"https:\/\/news.google.com\/rss\/articles\/CBMijAFBVV95cUxPN0Raak4yUEN4WVRkQTd5a0ZqOTl1QzVuNFNESnpRN3FrQU1pU1BKMHNJNk51WGcxRng5cEFISnh3X0FncU80bFh4M1N4MUZnNnBFaFFVYmNscnFiTGtTTlBpTmZiRUFpYTVSQ0x6ajd5aEJoU1NqRUhINUIza2RGbmhyeV81dHI0b3VQNw?oc=5\" target=\"_blank\" rel=\"nofollow noopener\">P\u0101rdziedi mani! 2. sezona. Hiphops<\/a>&nbsp;&nbsp;REplay.lv<\/li>\n<li><a href=\"https:\/\/news.google.com\/rss\/articles\/CBMirAFBVV95cUxQVXlZZG1zVExlUjlDejBxNTVsQ2lfRi1NTDVEZnJ3NnFYOFF1OXItQlctQktuMnBNeVBNYWpwNEhiSnlSUjU5MUlvYXVCWG9SV3pXdC1zMmEtLWcxemlLbG5ZNHhVLVRoT2R1MGJrbU9LRmtsVWlZMld0cU1aRUVZWDBHdTNlbi0yWENvUGk5em1MeXNvdUFlX1h2TWpjQk5iYzQ4Ylg5TTJ1RmJz?oc=5\" target=\"_blank\" rel=\"nofollow noopener\">Etnom\u016bzi\u0137is Art\u016brs U\u0161k\u0101ns: no folkloras l\u012bdz hiphopam un \u017eanru robe\u017eu p\u0101rvar\u0113\u0161ana<\/a>&nbsp;&nbsp;Dzentlmenis.lv<\/li>\n<\/ol>\n","protected":false},"excerpt":{"rendered":"Soci\u0101ls protests un alkas p\u0113c m\u012blest\u012bbas: \u00abP\u0101rdziedi mani!\u00bb izdzied dziesmas, kas main\u012bja pasauli&nbsp;&nbsp;Lente.lv Soci\u0101ls protests un alkas p\u0113c&hellip;\n","protected":false},"author":2,"featured_media":73902,"comment_status":"","ping_status":"","sticky":false,"template":"","format":"standard","meta":{"footnotes":""},"categories":[5],"tags":[10209,23,28,29,18807,32,33,22,18808,30,31,35,39,38,36,37,34,642,40,2745,20,26,27,18809,24,25,21],"class_list":{"0":"post-73901","1":"post","2":"type-post","3":"status-publish","4":"format-standard","5":"has-post-thumbnail","7":"category-aktualitates","8":"tag-pardziedi-mani","9":"tag-aktualitates","10":"tag-breaking-news","11":"tag-breakingnews","12":"tag-dziesmas","13":"tag-featured-news","14":"tag-featurednews","15":"tag-headlines","16":"tag-kas-mainijusas-pasauli","17":"tag-latest-news","18":"tag-latestnews","19":"tag-latvia","20":"tag-latvian","21":"tag-latviesu","22":"tag-latviesu-valoda","23":"tag-latviesuvaloda","24":"tag-latvija","25":"tag-latvijas-televizija","26":"tag-lv","27":"tag-muzikas-sovs","28":"tag-news","29":"tag-popularakas-zinas","30":"tag-popularakaszinas","31":"tag-socialais-protests","32":"tag-top-stories","33":"tag-topstories","34":"tag-zinas"},"share_on_mastodon":{"url":"https:\/\/pubeurope.com\/@lv\/115715742333931648","error":""},"_links":{"self":[{"href":"https:\/\/www.europesays.com\/lv\/wp-json\/wp\/v2\/posts\/73901","targetHints":{"allow":["GET"]}}],"collection":[{"href":"https:\/\/www.europesays.com\/lv\/wp-json\/wp\/v2\/posts"}],"about":[{"href":"https:\/\/www.europesays.com\/lv\/wp-json\/wp\/v2\/types\/post"}],"author":[{"embeddable":true,"href":"https:\/\/www.europesays.com\/lv\/wp-json\/wp\/v2\/users\/2"}],"replies":[{"embeddable":true,"href":"https:\/\/www.europesays.com\/lv\/wp-json\/wp\/v2\/comments?post=73901"}],"version-history":[{"count":0,"href":"https:\/\/www.europesays.com\/lv\/wp-json\/wp\/v2\/posts\/73901\/revisions"}],"wp:featuredmedia":[{"embeddable":true,"href":"https:\/\/www.europesays.com\/lv\/wp-json\/wp\/v2\/media\/73902"}],"wp:attachment":[{"href":"https:\/\/www.europesays.com\/lv\/wp-json\/wp\/v2\/media?parent=73901"}],"wp:term":[{"taxonomy":"category","embeddable":true,"href":"https:\/\/www.europesays.com\/lv\/wp-json\/wp\/v2\/categories?post=73901"},{"taxonomy":"post_tag","embeddable":true,"href":"https:\/\/www.europesays.com\/lv\/wp-json\/wp\/v2\/tags?post=73901"}],"curies":[{"name":"wp","href":"https:\/\/api.w.org\/{rel}","templated":true}]}}