{"id":73907,"date":"2025-12-14T03:33:09","date_gmt":"2025-12-14T03:33:09","guid":{"rendered":"https:\/\/www.europesays.com\/lv\/73907\/"},"modified":"2025-12-14T03:33:09","modified_gmt":"2025-12-14T03:33:09","slug":"baiba-bendika-27-vieta-austrijas-sprinta-parvarot-sausanas-kludas-lente-lv-2","status":"publish","type":"post","link":"https:\/\/www.europesays.com\/lv\/73907\/","title":{"rendered":"Baiba Bendika 27. viet\u0101 Austrijas sprint\u0101, p\u0101rvarot \u0161au\u0161anas k\u013c\u016bdas\u00a0\u2014\u00a0Lente.lv"},"content":{"rendered":"<p>Par Baibas Bendikas sniegumu Austrijas Pasaules kausa posm\u0101<\/p>\n<p>Latvijas biatloniste Baiba Bendika piektdien, 12. decembr\u012b, Austrij\u0101 notieko\u0161aj\u0101 Pasaules kausa posm\u0101 izc\u012bn\u012bja 27. vietu 7,5 kilometru sprint\u0101. \u0160is rezult\u0101ts nodro\u0161in\u0101ja vi\u0146ai kvalifik\u0101ciju iedz\u012b\u0161anas sacens\u012bb\u0101m. K\u0101 inform\u0113 port\u0101ls jauns.lv, Bendika \u0161au\u0161an\u0101 gu\u013cus pie\u013c\u0101va divas k\u013c\u016bdas, kas noz\u012bm\u0113ja do\u0161anos divos soda ap\u013cos. Vi\u0146as fini\u0161\u0101 zaud\u0113jums uzvar\u0113t\u0101jai franc\u016bzietei L\u016b \u017danmono sast\u0101d\u012bja min\u016bti un 20,3 sekundes. Lai gan \u0161au\u0161anas rezult\u0101ts nebija ide\u0101ls, \u0161is sniegums vi\u0146ai \u013c\u0101va iek\u013c\u016bt punktu zon\u0101, kas ir svar\u012bgs pan\u0101kums biatlonistes ce\u013c\u0101 uz augst\u0101kiem m\u0113r\u0137iem.<\/p>\n<p>P\u0101r\u0113j\u0101s Latvijas sportistes un sacens\u012bbu rezult\u0101ti<\/p>\n<p>Citas Latvijas biatlonistes Annija Sabule un Sanita Buli\u0146a attiec\u012bgi ierindoj\u0101s 63. un 89. poz\u012bcij\u0101. Sabule pie\u013c\u0101va vienu k\u013c\u016bdu \u0161au\u0161an\u0101 gu\u013cus un bez k\u013c\u016bd\u0101m veica \u0161au\u0161anu st\u0101vus, ta\u010du vi\u0146as rezult\u0101ts bija vair\u0101k nek\u0101 divas min\u016btes aiz uzvar\u0113t\u0101jas. Buli\u0146u \u0161au\u0161ana piev\u012bla v\u0113l vair\u0101k \u2013 tr\u012bs k\u013c\u016bdas gu\u013cus un v\u0113l viena k\u013c\u016bda st\u0101vus poz\u012bcij\u0101, kas vi\u0146ai maks\u0101ja vair\u0101k nek\u0101 tr\u012bs min\u016btes zaud\u0113juma laika. \u0160is rezult\u0101ts par\u0101da, cik s\u012bva ir konkurence Pasaules kausa l\u012bmen\u012b, kur katra k\u013c\u016bda \u0161autuv\u0113 var b\u016btiski ietekm\u0113t kop\u0113jo iespaidu. <\/p>\n<p>Pasaules kausa posma gaisotne un turpm\u0101k\u0101s sacens\u012bbas<\/p>\n<p>Franc\u016bziete L\u016b \u017danmono demonstr\u0113ja p\u0101rliecino\u0161u sniegumu, aizv\u0113rot visus m\u0113r\u0137us un izc\u012bnot uzvaru. Otro vietu ie\u0146\u0113ma norv\u0113\u0123iete M\u0101rene Kirkeide, bet tre\u0161\u0101 bija zviedriete Anna Magnusone. Sacens\u012bbas norisin\u0101j\u0101s ledain\u0101 Hohfilcenes tras\u0113 Austrij\u0101, kas sag\u0101d\u0101ja izaicin\u0101jumus sportistiem, da\u017ek\u0101rt pat novedot l\u012bdz kritieniem. \u0160is bija Pasaules kausa otrais posms sezon\u0101, un tas iez\u012bm\u0113ja turpin\u0101jumu biatlonistu c\u012b\u0146\u0101m par punktiem un poz\u012bcij\u0101m kopv\u0113rt\u0113jum\u0101. Latvijas v\u012bru komandas p\u0101rst\u0101vji ar\u012b piedal\u012bj\u0101s sprint\u0101, kur Ren\u0101rs Birkent\u0101ls izc\u012bn\u012bja 46. vietu, nodro\u0161inot sev vietu iedz\u012b\u0161anas sacens\u012bb\u0101s.<\/p>\n<p>Iepriek\u0161\u0113jie rezult\u0101ti un sezonas perspekt\u012bvas<\/p>\n<p>Iepriek\u0161\u0113j\u0101 Pasaules kausa posm\u0101 Zviedrij\u0101 Baiba Bendika ie\u0146\u0113ma 20. vietu, kas liecina par vi\u0146as sp\u0113ju stabili konkur\u0113t lab\u0101ko divdesmitniek\u0101. Savuk\u0101rt citu Latvijas sportistu rezult\u0101ti \u0161aj\u0101 sezon\u0101 ir biju\u0161i da\u017e\u0101di, ta\u010du katrs starts ir v\u0113rt\u012bga pieredze. Sacens\u012bbas Austrij\u0101 bija svar\u012bgs solis pirms turpm\u0101kajiem posmiem, kas notiks Ans\u012b, Oberhof\u0101, R\u016bpolding\u0101 un cit\u0101s slaven\u0101s biatlona tras\u0113s.<\/p>\n","protected":false},"excerpt":{"rendered":"Par Baibas Bendikas sniegumu Austrijas Pasaules kausa posm\u0101 Latvijas biatloniste Baiba Bendika piektdien, 12. decembr\u012b, Austrij\u0101 notieko\u0161aj\u0101 Pasaules&hellip;\n","protected":false},"author":2,"featured_media":73908,"comment_status":"","ping_status":"","sticky":false,"template":"","format":"standard","meta":{"footnotes":""},"categories":[17],"tags":[623,16007,1499,35,39,38,36,37,34,40,2560,67,18806],"class_list":{"0":"post-73907","1":"post","2":"type-post","3":"status-publish","4":"format-standard","5":"has-post-thumbnail","7":"category-sports","8":"tag-austrija","9":"tag-baiba-bendika","10":"tag-biatlons","11":"tag-latvia","12":"tag-latvian","13":"tag-latviesu","14":"tag-latviesu-valoda","15":"tag-latviesuvaloda","16":"tag-latvija","17":"tag-lv","18":"tag-pasaules-kauss","19":"tag-sports","20":"tag-sprints-sievietem"},"share_on_mastodon":{"url":"https:\/\/pubeurope.com\/@lv\/115715821004533273","error":""},"_links":{"self":[{"href":"https:\/\/www.europesays.com\/lv\/wp-json\/wp\/v2\/posts\/73907","targetHints":{"allow":["GET"]}}],"collection":[{"href":"https:\/\/www.europesays.com\/lv\/wp-json\/wp\/v2\/posts"}],"about":[{"href":"https:\/\/www.europesays.com\/lv\/wp-json\/wp\/v2\/types\/post"}],"author":[{"embeddable":true,"href":"https:\/\/www.europesays.com\/lv\/wp-json\/wp\/v2\/users\/2"}],"replies":[{"embeddable":true,"href":"https:\/\/www.europesays.com\/lv\/wp-json\/wp\/v2\/comments?post=73907"}],"version-history":[{"count":0,"href":"https:\/\/www.europesays.com\/lv\/wp-json\/wp\/v2\/posts\/73907\/revisions"}],"wp:featuredmedia":[{"embeddable":true,"href":"https:\/\/www.europesays.com\/lv\/wp-json\/wp\/v2\/media\/73908"}],"wp:attachment":[{"href":"https:\/\/www.europesays.com\/lv\/wp-json\/wp\/v2\/media?parent=73907"}],"wp:term":[{"taxonomy":"category","embeddable":true,"href":"https:\/\/www.europesays.com\/lv\/wp-json\/wp\/v2\/categories?post=73907"},{"taxonomy":"post_tag","embeddable":true,"href":"https:\/\/www.europesays.com\/lv\/wp-json\/wp\/v2\/tags?post=73907"}],"curies":[{"name":"wp","href":"https:\/\/api.w.org\/{rel}","templated":true}]}}