{"id":73917,"date":"2025-12-14T04:11:08","date_gmt":"2025-12-14T04:11:08","guid":{"rendered":"https:\/\/www.europesays.com\/lv\/73917\/"},"modified":"2025-12-14T04:11:08","modified_gmt":"2025-12-14T04:11:08","slug":"vai-eiropa-ir-gatava-karam","status":"publish","type":"post","link":"https:\/\/www.europesays.com\/lv\/73917\/","title":{"rendered":"Vai Eiropa ir gatava karam?"},"content":{"rendered":"<p class=\"descr\">\u201cM\u0113s esam n\u0101kamais m\u0113r\u0137is,\u201d preses konferenc\u0113 Berl\u012bn\u0113 pazi\u0146oja NATO \u0123ener\u0101lsekret\u0101rs Marks Rite, aicin\u0101dams gatavoties liela m\u0113roga karam ar Krieviju. Rite uzskata, ka p\u0101r\u0101k daudzi NATO sabiedrotie nej\u016bt Krievijas draudu b\u012bstam\u012bbu Eirop\u0101 un nesaprot, ka, lai nov\u0113rstu \u0161\u0101du karu, ir nepiecie\u0161ams \u0101tri palielin\u0101t aizsardz\u012bbas izdevumus un ra\u017eo\u0161anu. Bet tas diem\u017e\u0113l nenotiek ne \u0101tri, ne uzreiz. Lai att\u012bst\u012btu milit\u0101ro ra\u017eo\u0161anu, ir vajadz\u012bgi gadi, ar m\u0113ne\u0161iem ir par maz. Pa\u0161reiz\u0113jo situ\u0101ciju dro\u0161\u012bbas jom\u0101 \u201cNeatkar\u012bg\u0101s\u201d las\u012bt\u0101jiem skaidro NATO Strat\u0113\u0123isk\u0101s komunik\u0101cijas izcil\u012bbas centra direktors J\u0101nis S\u0101rts.<\/p>\n<p>\u201cM\u0113s esam Krievijas n\u0101kamais m\u0113r\u0137is. Es baidos, ka p\u0101r\u0101k daudzi ir pa\u0161apmierin\u0101ti. P\u0101r\u0101k daudzi neizj\u016bt situ\u0101cijas steidzam\u012bbu, un p\u0101r\u0101k daudzi uzskata, ka laiks ir m\u016bsu pus\u0113. Tas t\u0101 nav. Ir pien\u0101cis laiks r\u012bkoties,\u201d teica Rite. K\u0101 j\u016bs koment\u0113tu \u0161os v\u0101rdus? <\/p>\n<p>Ja m\u0113s nedar\u012bsim visas lietas pareizi, kar\u0161 tie\u0161\u0101m var\u0113tu atn\u0101kt l\u012bdz m\u016bsu durv\u012bm. Ir pla\u0161\u0101ks konteksts, ne tikai tas, kas patlaban tiek apspriests. Es run\u0101ju par dinamiku, kas notiek \u0136\u012bnas un ASV attiec\u012bb\u0101s, un ir iesp\u0113jams, ka \u0161\u012bs divas lielvaras ar\u012b var s\u0101kt konfliktu p\u0101rskat\u0101m\u0101 n\u0101kotn\u0113. \u0160o situ\u0101ciju m\u0113s Eirop\u0101 neesam l\u012bdz galam p\u0101rrun\u0101ju\u0161i un atspogu\u013coju\u0161i, un tas ir viens no racion\u0101liem iemesliem, k\u0101p\u0113c ASV samazina savu kl\u0101tb\u016btni Eirop\u0101 un koncentr\u0113 savus sp\u0113kus \u0100zijas re\u0123ion\u0101. Neesam ar\u012b nopietni p\u0101rspriedu\u0161i situ\u0101ciju, k\u0101da ir Dienvid\u0137\u012bnas j\u016br\u0101, Taiv\u0101n\u0101, Filip\u012bn\u0101s un t\u0101 t\u0101l\u0101k. Protams, nav oblig\u0101ti, ka \u0161is konflikts notiks, bet t\u0101 risks pieaug. <\/p>\n<p>Otrs &#8211; kar\u0161 Ukrain\u0101. \u0136\u012bna ir t\u0101 d\u0113v\u0113tais klusais atbalst\u012bt\u0101js Krievijas sp\u0113jai turpin\u0101t karu. <\/p>\n<p>Nav br\u012bnums. 2025. gad\u0101 Krievija k\u013cuvusi &#8211; k\u0101 Rite izteic\u0101s &#8211; \u201cnekaun\u012bg\u0101ka, nepr\u0101t\u012bg\u0101ka un ne\u017e\u0113l\u012bg\u0101ka\u201d. Vi\u0146apr\u0101t, Krievija iz\u0161\u0101vusi uz Ukrainu vair\u0101k nek\u0101 46\u202f000 dronu un ra\u0137e\u0161u, k\u0101 ar\u012b upur\u0113jusi vair\u0101k nek\u0101 vienu miljonu savu karav\u012bru. <\/p>\n<p>Mums j\u0101r\u0113\u0137in\u0101s ar to, ka Krievija un \u0136\u012bna turpm\u0101k vair\u0101k vai maz\u0101k var\u0113tu darboties sazob\u0113. Ja kaut kas notiek T\u0101lajos Austrumos, Krievija vienlaikus m\u0113\u0123ina kaut ko eskal\u0113t Eirop\u0101 &#8211; ar nosac\u012bjumu, ka kar\u0161 Ukrain\u0101 ir beidzies par labu Krievijai un Krievija turpina bru\u0146oties, k\u0101 ar\u012b ar nosac\u012bjumu, ka Eiropa nav sp\u0113jusi pietiekami strauji uzb\u016bv\u0113t savas aizsardz\u012bbas sp\u0113jas t\u0101, ka uzbrukums no Krievijas puses b\u016btu \u013coti slikta ideja. <\/p>\n<p>Daudz kas ir m\u016bsu rok\u0101s, Eiropa ir pirm\u0101 vai otr\u0101 pasaules ekonomika ar 500 miljoniem iedz\u012bvot\u0101ju, un ja m\u016bs var iebied\u0113t 140 miljonu iedz\u012bvot\u0101ju valsts, kuras ekonomika ir It\u0101lijas l\u012bmen\u012b, tad runa ir vair\u0101k par to, ko m\u0113s neesam izdar\u012bju\u0161i. <\/p>\n<p>Bet realit\u0101te ir t\u0101da, k\u0101da t\u0101 ir: Krievija paaugstina iero\u010du ra\u017eo\u0161anas tempus un iet uz priek\u0161u.  <\/p>\n<p>Ja \u0146emam v\u0113r\u0101, ka ASV un Eiropas resursi ir pieejami c\u012b\u0146ai pret Krieviju, tas nav tas, par ko run\u0101 NATO \u0123ener\u0101lsekret\u0101rs. Vi\u0146\u0161 run\u0101 par kaut ko pla\u0161\u0101ku, par konfliktu starp div\u0101m lielvar\u0101m un vienlaikus citos darb\u012bbas \u201cte\u0101tros\u201d. \u0122ener\u0101lsekret\u0101rs par to run\u0101 spilgt\u0101 valod\u0101, jo \u0161is ir mazliet cits scen\u0101rijs, nevis tikai Krievija pret NATO. T\u0101ds scen\u0101rijs beigtos diezgan \u0101tri un viennoz\u012bm\u012bgi. Bet ja izp\u0113t\u0101m vair\u0101kus punktus, tas izskat\u0101s mazliet cit\u0101di. <\/p>\n<p>V\u0101cu \u0123ener\u0101\u013ci apgalvo: ja Krievija iedro\u0161in\u0101s kaut ko dar\u012bt, tas ir, uzbrukt NATO, tad vi\u0146i dodas uz K\u0113nigsbergu, lai to \u201cnoslauc\u012btu\u201d.  <\/p>\n<p>Ja run\u0101jam par Suvalku koridoru, vajag k\u0101rt\u012bgi paskat\u012bties uz karti. Es piekr\u012btu, ka \u0161is koridors Krievijai diez vai b\u016bs probl\u0113ma, K\u0113nigsberga b\u016bs liel\u0101ka probl\u0113ma, jo t\u0101 atrodas \u013coti ievainojam\u0101 \u0123eogr\u0101fisk\u0101 viet\u0101. Un Suvalku koridors atrodas starp K\u0113nigsbergu un Baltkrieviju. <\/p>\n<p>J\u0101atceras, ka mums k\u0101 NATO un ES dal\u012bbvalstij ir pietiekami daudz milit\u0101r\u0101 sp\u0113ka, un ir laba zi\u0146a, ka m\u0113s krietni k\u0101pin\u0101m milit\u0101ro izdevumu tempus, bet tas laiks, kam\u0113r \u0161ie izdevumi p\u0101rtaps re\u0101l\u0101s milit\u0101r\u0101s sp\u0113j\u0101s, ir gadi. Tie nav m\u0113ne\u0161i. <\/p>\n<p>Marka Rites v\u0101rdi bija nopietns pamudin\u0101jums, lai m\u0113s nopietni s\u0101ktu gatavoties sliktiem scen\u0101rijiem. Tagad mums vajag p\u0101rskat\u012bt savu mierlaiku poz\u012bciju. <\/p>\n<p>Cit\u0113\u0161u Marku Riti: \u201cEiropas burv\u012bgais miera periods ir beidzies, realit\u0101te ir atgriezusies, un atmoda izr\u0101d\u0101s brut\u0101la. Mums ir diktators Putins, kur\u0161 ir nol\u0113mis dar\u012bt visu, lai mums kait\u0113tu un izn\u012bcin\u0101tu m\u016bsu demokr\u0101tijas. (..) T\u0101 ir liel\u0101k\u0101 kr\u012bze kop\u0161 1945. gada. Es patiesi uzskatu, ka \u0161odien mums, Eiropas pilso\u0146iem, vajadz\u0113tu izbaud\u012bt p\u0113d\u0113jos miera br\u012b\u017eus. (..) Situ\u0101cija dr\u012bz pasliktin\u0101sies. Dr\u012bz m\u0113s ar no\u017e\u0113lu atcer\u0113simies \u0161os p\u0113d\u0113jos miera br\u012b\u017eus. Eiropai j\u0101ce\u013cas un j\u0101r\u012bkojas, kapitul\u0101cija nav risin\u0101jums.\u201d Vai j\u016bs dom\u0101jat, ka poz\u012bcija tie\u0161\u0101m tiks p\u0101rskat\u012bta? <\/p>\n<p>Katr\u0101 politisk\u0101 situ\u0101cij\u0101 cilv\u0113ki dom\u0101 par to, kas b\u016bs tie aspekti, kuru d\u0113\u013c vi\u0146us p\u0101rv\u0113l\u0113s n\u0101kamaj\u0101s v\u0113l\u0113\u0161an\u0101s. Ja, piem\u0113ram, Sp\u0101nijai Krievija \u0161\u0137iet \u013coti att\u0101la probl\u0113ma, tad poz\u012bcijas mai\u0146a ir gr\u016bti paveicama. Bet sabiedr\u012bb\u0101, kas ir Skandin\u0101vij\u0101, Baltij\u0101 vai Polij\u0101, pat V\u0101cij\u0101 &#8211; ir pavisam cit\u0101di. Jo t\u0101l\u0101k tu esi no pulvermucas, jo liel\u0101ks atsl\u0101bums. <\/p>\n<p>Ta\u010du &#8211; ja notiek liel\u0101ks kar\u0161 Eirop\u0101, tad ar\u012b Sp\u0101nijai b\u016bs sliktas zi\u0146as. Eiropa ir vienota teritorija, ar\u012b labkl\u0101j\u012bbas modelis balst\u0101s zin\u0101mos parametros. <\/p>\n<p>K\u0101p\u0113c Tramps visu laiku lien, piedodiet, padus\u0113 Putinam? <\/p>\n<p>Vienubr\u012bd Tramps saka kaut ko sliktu par Krieviju, n\u0101kamaj\u0101 ned\u0113\u013c\u0101 &#8211; kaut ko sliktu par Ukrainu. Tas iez\u012bm\u0113 da\u017e\u0101dos str\u0101vojumus ASV administr\u0101cij\u0101, kur\u0101 vair\u0101k cilv\u0113ku ir Ukrainas poz\u012bcij\u0101s, bet ir ar\u012b t\u0101di, kuri redz nepiecie\u0161am\u012bbu uzlabot attiec\u012bbas ar Krieviju, lai dab\u016btu ekonomiskus ieguvumus. <\/p>\n<p>Ir t\u0101 d\u0113v\u0113tais Niksona g\u0101jiens, kad aukst\u0101 kara laik\u0101 70. gados \u0136\u012bna tika atrauta no Padomju savien\u012bbas. Tagad da\u013ca politi\u0137u grib atraut \u0136\u012bnu no Krievijas, bet tas, manupr\u0101t, nenotiks nek\u0101d\u0101 gad\u012bjum\u0101: nedz \u0136\u012bna to pie\u013caus, nedz Krem\u013ca interes\u0113s tas b\u016btu. <\/p>\n<p>K\u0101ds \u0136\u012bnai no t\u0101 labums? <\/p>\n<p>Valsts, kas visvair\u0101k ieg\u016bst no Krievijas kara Ukrain\u0101, ir \u0136\u012bna. Tas ir ne tikai bizness. T\u0101 ir glob\u0101l\u0101s k\u0101rt\u012bbas satricin\u0101\u0161ana, ASV dominances samazin\u0101\u0161ana, ietekme p\u0101r Krieviju un t\u0101s resursiem. <\/p>\n<p>Izskat\u0101s, ka pasaule iet uz galu. <\/p>\n<p>Cerams, ka tik t\u0101lu m\u0113s nenon\u0101ksim, bet pasaules procesi un dinamika liek satraukties, tas ir fakts. \u0136\u012bna \u0161obr\u012bd \u013coti nopietni izaicina ASV k\u0101 domin\u0113jo\u0161o pasaules valsti, un \u0136\u012bna ir p\u0101rliecin\u0101ta par sevi, ka t\u0101 b\u016bs n\u0101kam\u0101 domin\u0113jo\u0161\u0101 valsts. Vai \u0161\u012b sacens\u012bba var\u0113s notikt bez re\u0101la, atkl\u0101ta kara? J\u0101cer, ka bez kara. Bet j\u0101atceras, ka v\u0113stur\u0113 gandr\u012bz nav t\u0101du gad\u012bjumu, kad \u0161\u0101da sacens\u012bba notiek bez liel\u0101ka vai maz\u0101ka konflikta. <\/p>\n<p>Diem\u017e\u0113l vairumam cilv\u0113ku tr\u016bkst sapr\u0101ta: kar\u0161 k\u0101 vien\u012bgais konfliktu risin\u0101jums. <\/p>\n<p>Cilv\u0113ki sav\u0101 b\u016bt\u012bb\u0101 nav main\u012bju\u0161ies. Mums ir t\u0101s pa\u0161as akmens laikmeta smadzenes. Kar\u0161 ir bijis konstants faktors cilv\u0113ces att\u012bst\u012bb\u0101. J\u0101, racion\u0101li tas \u0161\u0137iet bezj\u0113dz\u012bgi, jo lo\u0123iski \u0161\u0137istu celt dz\u012bves l\u012bmeni un labkl\u0101j\u012bbu, bet cilv\u0113ce nesp\u0113j iet \u0161o sakar\u012bgo ce\u013cu. <\/p>\n<p>J\u0101secina, ka liela da\u013ca cilv\u0113ces sast\u0101v no stulbe\u0146iem. Vai tad, piem\u0113ram, kara noziedznieks Putins un vi\u0146a sv\u012bta izr\u0101da k\u0101das gudr\u012bbas paz\u012bmes? <\/p>\n<p>B\u016b\u0161u pielaid\u012bg\u0101ks: daudzi m\u016bsdienu cilv\u0113ki vienk\u0101r\u0161i iedom\u0101jas, ka ir gudr\u0101ki un lab\u0101ki par tiem akmens laikmeta alu cilv\u0113kiem. <\/p>\n<p>\t\t\t\t\t\tinfo<\/p>\n<p>Uzzini pirmais<br \/>kas interesants noticis Latvij\u0101 un pasaul\u0113,<br \/>pievienojoties mums <a href=\"https:\/\/t.me\/neatkariga\" rel=\"nofollow\">Telegram<\/a> vai <a href=\"https:\/\/whatsapp.com\/channel\/0029VaMLFUH5K3zLU5s4wm3y\" rel=\"nofollow noopener\" target=\"_blank\">Whatsapp<\/a> kan\u0101l\u0101<\/p>\n","protected":false},"excerpt":{"rendered":"\u201cM\u0113s esam n\u0101kamais m\u0113r\u0137is,\u201d preses konferenc\u0113 Berl\u012bn\u0113 pazi\u0146oja NATO \u0123ener\u0101lsekret\u0101rs Marks Rite, aicin\u0101dams gatavoties liela m\u0113roga karam ar&hellip;\n","protected":false},"author":2,"featured_media":73918,"comment_status":"","ping_status":"","sticky":false,"template":"","format":"standard","meta":{"footnotes":""},"categories":[14],"tags":[23,57,28,29,32,33,22,30,31,35,39,38,36,37,34,40,20,26,27,24,25,54,55,56,21,58],"class_list":{"0":"post-73917","1":"post","2":"type-post","3":"status-publish","4":"format-standard","5":"has-post-thumbnail","7":"category-zinas-no-arvalstim","8":"tag-aktualitates","9":"tag-arvalstim","10":"tag-breaking-news","11":"tag-breakingnews","12":"tag-featured-news","13":"tag-featurednews","14":"tag-headlines","15":"tag-latest-news","16":"tag-latestnews","17":"tag-latvia","18":"tag-latvian","19":"tag-latviesu","20":"tag-latviesu-valoda","21":"tag-latviesuvaloda","22":"tag-latvija","23":"tag-lv","24":"tag-news","25":"tag-popularakas-zinas","26":"tag-popularakaszinas","27":"tag-top-stories","28":"tag-topstories","29":"tag-world","30":"tag-world-news","31":"tag-worldnews","32":"tag-zinas","33":"tag-zinas-no-arvalstim"},"share_on_mastodon":{"url":"https:\/\/pubeurope.com\/@lv\/115715970406815129","error":""},"_links":{"self":[{"href":"https:\/\/www.europesays.com\/lv\/wp-json\/wp\/v2\/posts\/73917","targetHints":{"allow":["GET"]}}],"collection":[{"href":"https:\/\/www.europesays.com\/lv\/wp-json\/wp\/v2\/posts"}],"about":[{"href":"https:\/\/www.europesays.com\/lv\/wp-json\/wp\/v2\/types\/post"}],"author":[{"embeddable":true,"href":"https:\/\/www.europesays.com\/lv\/wp-json\/wp\/v2\/users\/2"}],"replies":[{"embeddable":true,"href":"https:\/\/www.europesays.com\/lv\/wp-json\/wp\/v2\/comments?post=73917"}],"version-history":[{"count":0,"href":"https:\/\/www.europesays.com\/lv\/wp-json\/wp\/v2\/posts\/73917\/revisions"}],"wp:featuredmedia":[{"embeddable":true,"href":"https:\/\/www.europesays.com\/lv\/wp-json\/wp\/v2\/media\/73918"}],"wp:attachment":[{"href":"https:\/\/www.europesays.com\/lv\/wp-json\/wp\/v2\/media?parent=73917"}],"wp:term":[{"taxonomy":"category","embeddable":true,"href":"https:\/\/www.europesays.com\/lv\/wp-json\/wp\/v2\/categories?post=73917"},{"taxonomy":"post_tag","embeddable":true,"href":"https:\/\/www.europesays.com\/lv\/wp-json\/wp\/v2\/tags?post=73917"}],"curies":[{"name":"wp","href":"https:\/\/api.w.org\/{rel}","templated":true}]}}