{"id":73923,"date":"2025-12-14T04:26:15","date_gmt":"2025-12-14T04:26:15","guid":{"rendered":"https:\/\/www.europesays.com\/lv\/73923\/"},"modified":"2025-12-14T04:26:15","modified_gmt":"2025-12-14T04:26:15","slug":"tresaja-advente-rigas-doma-skanes-ziemassvetku-koncerts-ziemassvetku-preludija","status":"publish","type":"post","link":"https:\/\/www.europesays.com\/lv\/73923\/","title":{"rendered":"Tre\u0161aj\u0101 advent\u0113 R\u012bgas Dom\u0101 skan\u0113s Ziemassv\u0113tku koncerts \u201cZiemassv\u0113tku prel\u016bdija\u201d"},"content":{"rendered":"<p>Doma majest\u0101tiskaj\u0101 akustik\u0101 skan\u0113s pasaulslavenu komponistu darbi \u2014 to skait\u0101 Mocarta un Baha m\u016bzika \u012bpa\u0161\u0101s, tie\u0161i \u0161im vakaram rad\u012bt\u0101s interpret\u0101cij\u0101s, k\u0101 ar\u012b aizkustino\u0161as oper\u0101rijas un D\u017eulio Ka\u010d\u012bni dievi\u0161\u0137\u0101 \u201cAve Maria\u201d. Koncerts sol\u0101s b\u016bt viens no iespaid\u012bg\u0101kajiem Ziemassv\u0113tku laika notikumiem: unik\u0101l\u0101 programma, izcilo m\u0101kslinieku meistar\u012bba, majest\u0101tisk\u0101 akustika un neatk\u0101rtojam\u0101 R\u012bgas Doma atmosf\u0113ra klaus\u012bt\u0101jiem d\u0101v\u0101s neaizmirstamu vakaru &#8211; patiesus sv\u0113tkus, kas piepild\u012bti ar m\u016bziku, iedvesmu un gaismu.<\/p>\n","protected":false},"excerpt":{"rendered":"Doma majest\u0101tiskaj\u0101 akustik\u0101 skan\u0113s pasaulslavenu komponistu darbi \u2014 to skait\u0101 Mocarta un Baha m\u016bzika \u012bpa\u0161\u0101s, tie\u0161i \u0161im vakaram&hellip;\n","protected":false},"author":2,"featured_media":73924,"comment_status":"","ping_status":"","sticky":false,"template":"","format":"standard","meta":{"footnotes":""},"categories":[19],"tags":[89,90,35,39,38,36,37,34,40],"class_list":{"0":"post-73923","1":"post","2":"type-post","3":"status-publish","4":"format-standard","5":"has-post-thumbnail","7":"category-izklaide","8":"tag-entertainment","9":"tag-izklaide","10":"tag-latvia","11":"tag-latvian","12":"tag-latviesu","13":"tag-latviesu-valoda","14":"tag-latviesuvaloda","15":"tag-latvija","16":"tag-lv"},"share_on_mastodon":{"url":"https:\/\/pubeurope.com\/@lv\/115716029475072154","error":""},"_links":{"self":[{"href":"https:\/\/www.europesays.com\/lv\/wp-json\/wp\/v2\/posts\/73923","targetHints":{"allow":["GET"]}}],"collection":[{"href":"https:\/\/www.europesays.com\/lv\/wp-json\/wp\/v2\/posts"}],"about":[{"href":"https:\/\/www.europesays.com\/lv\/wp-json\/wp\/v2\/types\/post"}],"author":[{"embeddable":true,"href":"https:\/\/www.europesays.com\/lv\/wp-json\/wp\/v2\/users\/2"}],"replies":[{"embeddable":true,"href":"https:\/\/www.europesays.com\/lv\/wp-json\/wp\/v2\/comments?post=73923"}],"version-history":[{"count":0,"href":"https:\/\/www.europesays.com\/lv\/wp-json\/wp\/v2\/posts\/73923\/revisions"}],"wp:featuredmedia":[{"embeddable":true,"href":"https:\/\/www.europesays.com\/lv\/wp-json\/wp\/v2\/media\/73924"}],"wp:attachment":[{"href":"https:\/\/www.europesays.com\/lv\/wp-json\/wp\/v2\/media?parent=73923"}],"wp:term":[{"taxonomy":"category","embeddable":true,"href":"https:\/\/www.europesays.com\/lv\/wp-json\/wp\/v2\/categories?post=73923"},{"taxonomy":"post_tag","embeddable":true,"href":"https:\/\/www.europesays.com\/lv\/wp-json\/wp\/v2\/tags?post=73923"}],"curies":[{"name":"wp","href":"https:\/\/api.w.org\/{rel}","templated":true}]}}