{"id":73926,"date":"2025-12-14T04:31:08","date_gmt":"2025-12-14T04:31:08","guid":{"rendered":"https:\/\/www.europesays.com\/lv\/73926\/"},"modified":"2025-12-14T04:31:08","modified_gmt":"2025-12-14T04:31:08","slug":"lusis-komente-%e2%9f%a9-tiesa-nevar-izvirzit-apsudzibu-ja-tu-to-nevelies","status":"publish","type":"post","link":"https:\/\/www.europesays.com\/lv\/73926\/","title":{"rendered":"L\u016aSIS KOMENT\u0112 \u27e9 Tiesa nevar izvirz\u012bt aps\u016bdz\u012bbu, ja tu to nev\u0113lies"},"content":{"rendered":"<p>Beidzot atcer\u0113jos v\u0113l k\u0101du br\u012bnumu, par ko uzzin\u0101ju, pateicoties televizoram. Jeb prec\u012bz\u0101k \u2013 k\u0101dam \u201cDe facto\u201d si\u017eetam. V\u0101rdsakot, un \u0161is ir 100% nopietni bez jebk\u0101das ironijas vai p\u0101rsp\u012bl\u0113juma, \u2013 \u0161obr\u012bd eksist\u0113 situ\u0101cija, ka Latvijas tiesa nevar ties\u0101t k\u0101du noziedznieku, jo vi\u0146\u0161 nepiekr\u012bt savai ties\u0101\u0161anai. Un tiesa ir bezsp\u0113c\u012bga. \u201cI shit you not\u201d, es teiktu, ja uzrun\u0101tu j\u016bs ang\u013cu valod\u0101.<\/p>\n","protected":false},"excerpt":{"rendered":"Beidzot atcer\u0113jos v\u0113l k\u0101du br\u012bnumu, par ko uzzin\u0101ju, pateicoties televizoram. Jeb prec\u012bz\u0101k \u2013 k\u0101dam \u201cDe facto\u201d si\u017eetam. V\u0101rdsakot,&hellip;\n","protected":false},"author":2,"featured_media":73927,"comment_status":"","ping_status":"","sticky":false,"template":"","format":"standard","meta":{"footnotes":""},"categories":[5],"tags":[23,28,29,32,33,22,278,30,31,35,39,38,36,37,34,239,40,20,26,27,375,18411,15037,238,24,25,240,21],"class_list":{"0":"post-73926","1":"post","2":"type-post","3":"status-publish","4":"format-standard","5":"has-post-thumbnail","7":"category-aktualitates","8":"tag-aktualitates","9":"tag-breaking-news","10":"tag-breakingnews","11":"tag-featured-news","12":"tag-featurednews","13":"tag-headlines","14":"tag-krapnieciba","15":"tag-latest-news","16":"tag-latestnews","17":"tag-latvia","18":"tag-latvian","19":"tag-latviesu","20":"tag-latviesu-valoda","21":"tag-latviesuvaloda","22":"tag-latvija","23":"tag-lusis-komente","24":"tag-lv","25":"tag-news","26":"tag-popularakas-zinas","27":"tag-popularakaszinas","28":"tag-tiesa","29":"tag-tiesas","30":"tag-tieslietas","31":"tag-toms-lusis","32":"tag-top-stories","33":"tag-topstories","34":"tag-tvnet-viedokli","35":"tag-zinas"},"share_on_mastodon":{"url":"https:\/\/pubeurope.com\/@lv\/115716049042862841","error":""},"_links":{"self":[{"href":"https:\/\/www.europesays.com\/lv\/wp-json\/wp\/v2\/posts\/73926","targetHints":{"allow":["GET"]}}],"collection":[{"href":"https:\/\/www.europesays.com\/lv\/wp-json\/wp\/v2\/posts"}],"about":[{"href":"https:\/\/www.europesays.com\/lv\/wp-json\/wp\/v2\/types\/post"}],"author":[{"embeddable":true,"href":"https:\/\/www.europesays.com\/lv\/wp-json\/wp\/v2\/users\/2"}],"replies":[{"embeddable":true,"href":"https:\/\/www.europesays.com\/lv\/wp-json\/wp\/v2\/comments?post=73926"}],"version-history":[{"count":0,"href":"https:\/\/www.europesays.com\/lv\/wp-json\/wp\/v2\/posts\/73926\/revisions"}],"wp:featuredmedia":[{"embeddable":true,"href":"https:\/\/www.europesays.com\/lv\/wp-json\/wp\/v2\/media\/73927"}],"wp:attachment":[{"href":"https:\/\/www.europesays.com\/lv\/wp-json\/wp\/v2\/media?parent=73926"}],"wp:term":[{"taxonomy":"category","embeddable":true,"href":"https:\/\/www.europesays.com\/lv\/wp-json\/wp\/v2\/categories?post=73926"},{"taxonomy":"post_tag","embeddable":true,"href":"https:\/\/www.europesays.com\/lv\/wp-json\/wp\/v2\/tags?post=73926"}],"curies":[{"name":"wp","href":"https:\/\/api.w.org\/{rel}","templated":true}]}}