{"id":73928,"date":"2025-12-14T04:32:07","date_gmt":"2025-12-14T04:32:07","guid":{"rendered":"https:\/\/www.europesays.com\/lv\/73928\/"},"modified":"2025-12-14T04:32:07","modified_gmt":"2025-12-14T04:32:07","slug":"vai-par-katru-jaku-bus-jamaksa-2-eiro-lente-lv","status":"publish","type":"post","link":"https:\/\/www.europesays.com\/lv\/73928\/","title":{"rendered":"vai par katru jaku b\u016bs j\u0101maks\u0101 2 eiro?\u00a0\u2014\u00a0Lente.lv"},"content":{"rendered":"<p>Garderobes maksas: Vai par katras jakas novieto\u0161anu b\u016bs j\u0101maks\u0101 2 eiro?<\/p>\n<p>\u0160obr\u012bd Latvij\u0101 par\u0101d\u012bjusies satrauco\u0161a inform\u0101cija, kas liecina, ka par garderob\u0113 atst\u0101to jaku var\u0113tu b\u016bt j\u0101maks\u0101 2 eiro. \u0160\u0101ds maks\u0101jums rad\u012bjis neizpratni un neapmierin\u0101t\u012bbu cilv\u0113kos, kuri apmekl\u0113 da\u017e\u0101dus pas\u0101kumus vai iest\u0101des. Lai gan \u0161\u012b zi\u0146a izplat\u012bjusies strauji, ir svar\u012bgi saprast t\u0101s patieso b\u016bt\u012bbu un sekas.<\/p>\n<p>Izcelsme un iesp\u0113jam\u0101s sekas<\/p>\n<p>Port\u0101la tv3.lv sniegt\u0101 inform\u0101cija nor\u0101da, ka atbild\u012bbu par lietot\u0101ju ievietot\u0101s inform\u0101cijas patiesumu neuz\u0146emas, un katrs pats atbild par sav\u0101m s\u016bdz\u012bb\u0101m. Tas noz\u012bm\u0113, ka zi\u0146a par maksas garderobi var\u0113tu b\u016bt viena no daudz\u0101m, kuras izplat\u0101s internet\u0101 bez stingras p\u0101rbaudes. Tom\u0113r, ja \u0161\u0101ds pakalpojums patie\u0161\u0101m tiks ieviests, tas var\u0113tu rad\u012bt iev\u0113rojamus \u0161\u0137\u0113r\u0161\u013cus apmekl\u0113t\u0101jiem. Iedom\u0101jieties situ\u0101ciju \u2013 apmekl\u0113jot koncertu vai te\u0101tra izr\u0101di, par katru atst\u0101to virsdr\u0113bi b\u016btu j\u0101veic papildu maks\u0101jums. Tas var\u0113tu b\u016bt \u012bpa\u0161i ne\u0113rti aukstos laikapst\u0101k\u013cos, kad bie\u017ei vien j\u0101atst\u0101j vair\u0101kas k\u0101rtas ap\u0123\u0113rba.<\/p>\n<p>Jaut\u0101jumi par god\u012bgumu un pieejam\u012bbu<\/p>\n<p>Galvenais jaut\u0101jums, kas rodas \u0161aj\u0101 sakar\u0101, ir par pakalpojuma god\u012bgumu un pieejam\u012bbu. Vai \u0161\u0101da maksa ir pamatota? Vai t\u0101 nav k\u0101rt\u0113j\u0101 metode, k\u0101 palielin\u0101t ien\u0101kumus uz apmekl\u0113t\u0101ju r\u0113\u0137ina? Daudzi cilv\u0113ki uzskata, ka garderobe ir neat\u0146emama servisa sast\u0101vda\u013ca, \u012bpa\u0161i publisk\u0101s viet\u0101s, un t\u0101s izmanto\u0161ana nedr\u012bkst\u0113tu b\u016bt papildu izmaksa. Tas var\u0113tu rad\u012bt situ\u0101ciju, ka cilv\u0113ki izv\u0113las apmekl\u0113t pas\u0101kumus maz\u0101k, jo papildu izdevumi ir p\u0101r\u0101k lieli. T\u0101pat svar\u012bgi ir padom\u0101t par cilv\u0113kiem ar zem\u0101kiem ien\u0101kumiem \u2013 vai vi\u0146i var\u0113s at\u013cauties \u0161\u0101du pakalpojumu?<\/p>\n<p>Kam b\u016btu j\u0101atbild par \u0161\u0101du pakalpojumu?<\/p>\n<p>Lai gan tv3.lv nor\u0101da, ka nenes atbild\u012bbu par lietot\u0101ju ievietoto inform\u0101ciju, tom\u0113r \u0161\u0101das zi\u0146as rada lielu rezonansi. Ja tom\u0113r k\u0101da iest\u0101de vai pas\u0101kuma organizators nolems ieviest \u0161\u0101du maksas pakalpojumu, b\u016btu svar\u012bgi, lai vi\u0146i skaidri komunic\u0113tu savus iemeslus un tarifus. Pagaid\u0101m gan \u0161\u012b inform\u0101cija izskat\u0101s vair\u0101k k\u0101 baumu l\u012bmen\u012b, tom\u0113r ir v\u0113rts sekot l\u012bdzi notikumu att\u012bst\u012bbai un b\u016bt inform\u0113tiem. *Vienm\u0113r ir labi pirms apmekl\u0113juma p\u0101rbaud\u012bt inform\u0101ciju par konkr\u0113to vietu vai pas\u0101kumu, lai izvair\u012btos no nepat\u012bkamiem p\u0101rsteigumiem.*<\/p>\n","protected":false},"excerpt":{"rendered":"Garderobes maksas: Vai par katras jakas novieto\u0161anu b\u016bs j\u0101maks\u0101 2 eiro? \u0160obr\u012bd Latvij\u0101 par\u0101d\u012bjusies satrauco\u0161a inform\u0101cija, kas liecina,&hellip;\n","protected":false},"author":2,"featured_media":73929,"comment_status":"","ping_status":"","sticky":false,"template":"","format":"standard","meta":{"footnotes":""},"categories":[19],"tags":[18819,18820,89,15892,90,35,39,38,36,37,34,40,18818,18821],"class_list":{"0":"post-73928","1":"post","2":"type-post","3":"status-publish","4":"format-standard","5":"has-post-thumbnail","7":"category-izklaide","8":"tag-2-eiro","9":"tag-apmekletaju-ertibas","10":"tag-entertainment","11":"tag-garderobe","12":"tag-izklaide","13":"tag-latvia","14":"tag-latvian","15":"tag-latviesu","16":"tag-latviesu-valoda","17":"tag-latviesuvaloda","18":"tag-latvija","19":"tag-lv","20":"tag-maksas-pakalpojums","21":"tag-sabiedriskas-vietas"},"share_on_mastodon":{"url":"https:\/\/pubeurope.com\/@lv\/115716052988113476","error":""},"_links":{"self":[{"href":"https:\/\/www.europesays.com\/lv\/wp-json\/wp\/v2\/posts\/73928","targetHints":{"allow":["GET"]}}],"collection":[{"href":"https:\/\/www.europesays.com\/lv\/wp-json\/wp\/v2\/posts"}],"about":[{"href":"https:\/\/www.europesays.com\/lv\/wp-json\/wp\/v2\/types\/post"}],"author":[{"embeddable":true,"href":"https:\/\/www.europesays.com\/lv\/wp-json\/wp\/v2\/users\/2"}],"replies":[{"embeddable":true,"href":"https:\/\/www.europesays.com\/lv\/wp-json\/wp\/v2\/comments?post=73928"}],"version-history":[{"count":0,"href":"https:\/\/www.europesays.com\/lv\/wp-json\/wp\/v2\/posts\/73928\/revisions"}],"wp:featuredmedia":[{"embeddable":true,"href":"https:\/\/www.europesays.com\/lv\/wp-json\/wp\/v2\/media\/73929"}],"wp:attachment":[{"href":"https:\/\/www.europesays.com\/lv\/wp-json\/wp\/v2\/media?parent=73928"}],"wp:term":[{"taxonomy":"category","embeddable":true,"href":"https:\/\/www.europesays.com\/lv\/wp-json\/wp\/v2\/categories?post=73928"},{"taxonomy":"post_tag","embeddable":true,"href":"https:\/\/www.europesays.com\/lv\/wp-json\/wp\/v2\/tags?post=73928"}],"curies":[{"name":"wp","href":"https:\/\/api.w.org\/{rel}","templated":true}]}}