{"id":73957,"date":"2025-12-14T06:18:30","date_gmt":"2025-12-14T06:18:30","guid":{"rendered":"https:\/\/www.europesays.com\/lv\/73957\/"},"modified":"2025-12-14T06:18:30","modified_gmt":"2025-12-14T06:18:30","slug":"decembra-sakums-bijis-36-gradus-siltaks-par-normu-1188-lv","status":"publish","type":"post","link":"https:\/\/www.europesays.com\/lv\/73957\/","title":{"rendered":"Decembra s\u0101kums bijis 3,6 gr\u0101dus silt\u0101ks par normu &#8211; 1188.lv"},"content":{"rendered":"<ol>\n<li><a href=\"https:\/\/news.google.com\/rss\/articles\/CBMiigFBVV95cUxNdFBGcDFzZEN4VzJjOS1Uc20tWFlRbWpnNlNfVGJMVmhRZkRpSEV4c0VwNUs5RGIyZjg4cldqVTdGQU1JTFNTU0xxc3JUTWZ3THdDNl9VTG85Rmhrb1VMdDdOSWpXTHRhVFU0RzdkMGpGUnpqNlFZOFc3SWRNc1NWbUJfcTE4LUo4Mmc?oc=5\" target=\"_blank\" rel=\"nofollow noopener\">Decembra s\u0101kums bijis 3,6 gr\u0101dus silt\u0101ks par normu<\/a>&nbsp;&nbsp;1188.lv<\/li>\n<li><a href=\"https:\/\/news.google.com\/rss\/articles\/CBMiwwFBVV95cUxPNVVvenlmanQ3NnNlWVNGQWZqckROYjItR255VC1CQWpONWozSXpMcjJVODYyVWdDM1lObHFFUkc2UWdFR3BRa2ExRXp2QU1iUXhBR3hNYThkbVZxZUdlUVJvcXZsUXh2djY4MUxXZl9IbmlQNnI2OTZ3ME1zUHcxWUVRRkI0cTZYWk9NVndiZW9mQmxLQ09QV2J2cm56N0tYX2FwLUVEQnlpSnBkQkxYbWFfV1FyaUFpTVRwVTYyOF9hQjA?oc=5\" target=\"_blank\" rel=\"nofollow noopener\">Ceturtdien tre\u0161o dienu p\u0113c k\u0101rtas jauni siltuma rekordi \/ Raksts<\/a>&nbsp;&nbsp;LSM<\/li>\n<li><a href=\"https:\/\/news.google.com\/rss\/articles\/CBMirgFBVV95cUxNSlNaSVJyN05XUkVEc3BSaTd3bmctRHhjbkR2QTVnS3M5UW9uYXZDOVlTV1RTYlRVN2FFdnQ3ZEFFRmg4WV9ld1FkYUs4WEZEdzFadUQ2eml5MWx4XzlQQl9ibVhxYWRTbHBSZFlzdHc4S1hRM2NQV2JPdllWa29zWVJuVTNyMEZRcWlTVUNTbXhnSjMtRGRQMkl3Q1poR19hQXRxOXlmRTNZZm1oR1HSAbMBQVVfeXFMTXNaVVFnWmtLWWZrbTVLYjc5TGNqVzZENXJ1THpRcGNKLTFkamE1VGlZQWwySnNLbzJDdHhFdnlTbDZZOGdZZXhVQ1J6ZHMtNEplSWpZNTNTUDJURVRFamtNdnQ4OVVTVHF3V3d2Uk9TSVdHNkFZSks2MUg1d2xYOTR0Wm11LVhzTWkxenJDWlZwYXZGb1c4TEdRYURnX1U2bkREY2d6QkdqQnBkTWFKQlFVc2c?oc=5\" target=\"_blank\" rel=\"nofollow noopener\">Decembra s\u0101kums bija par 3,6 gr\u0101diem silt\u0101ks nek\u0101 norma<\/a>&nbsp;&nbsp;bb.lv<\/li>\n<li><a href=\"https:\/\/news.google.com\/rss\/articles\/CBMixAFBVV95cUxQYTVvQUpiOTg3TGRkakVPRzJSbmtOdjJZMVkzMzFaVFpsbUlYNGsxUk94ZmFBQ09PcDNqeGtrTmkwR25EM2dPekV3MWI0Y044QW1hMDNHbUYzUDlVU19UTEd0UVh6d2dWNGpLeWlXVUppQmJMWWY0eEFPa1lQVVN3TUcxcDhELXhIakVHQ0hEelBJdXZYNEpZWGhKcW94WGIxWG9fcEpnZllOX21LcHJEMUJ0Rnk3WjZhVlhNU0NRTHJibUlL?oc=5\" target=\"_blank\" rel=\"nofollow noopener\">Tre\u0161diena Latvij\u0101 k\u013cuvusi par silt\u0101ko 10. decembri nov\u0113rojumu v\u0113stur\u0113<\/a>&nbsp;&nbsp;Delfi<\/li>\n<li><a href=\"https:\/\/news.google.com\/rss\/articles\/CBMimgFBVV95cUxOX2lHUkxwRkUtcUcwN0s0NmJINzYtSkE2ak04c1NtX3ZOYkZSalBicEZoWTBUTTJQd2E3RVlwamR2U2Z1RnJOT0s3UVZabHhXTmpKMEE0OTJ1cXdISXpsaFRSWW04OEIzekgwMGppeFpxUHhoeXFlT2F5TE4wcnVVcDBXaXhJSWFybWFRVGZBUVNVXzRsR1IxYU5n?oc=5\" target=\"_blank\" rel=\"nofollow noopener\">S\u0101kot no rietumiem, tre\u0161dien vis\u0101 valst\u012b l\u012bs<\/a>&nbsp;&nbsp;Diena<\/li>\n<\/ol>\n","protected":false},"excerpt":{"rendered":"Decembra s\u0101kums bijis 3,6 gr\u0101dus silt\u0101ks par normu&nbsp;&nbsp;1188.lv Ceturtdien tre\u0161o dienu p\u0113c k\u0101rtas jauni siltuma rekordi \/ Raksts&nbsp;&nbsp;LSM&hellip;\n","protected":false},"author":2,"featured_media":73958,"comment_status":"","ping_status":"","sticky":false,"template":"","format":"standard","meta":{"footnotes":""},"categories":[12],"tags":[129,1395,3333,23,28,29,32,33,22,30,31,35,39,38,36,37,34,40,20,26,27,3334,1396,3335,1397,24,25,21],"class_list":{"0":"post-73957","1":"post","2":"type-post","3":"status-publish","4":"format-standard","5":"has-post-thumbnail","7":"category-latvija","8":"tag-__typenameadvicekeyword","9":"tag-id408","10":"tag-id563","11":"tag-aktualitates","12":"tag-breaking-news","13":"tag-breakingnews","14":"tag-featured-news","15":"tag-featurednews","16":"tag-headlines","17":"tag-latest-news","18":"tag-latestnews","19":"tag-latvia","20":"tag-latvian","21":"tag-latviesu","22":"tag-latviesu-valoda","23":"tag-latviesuvaloda","24":"tag-latvija","25":"tag-lv","26":"tag-news","27":"tag-popularakas-zinas","28":"tag-popularakaszinas","29":"tag-sluglaika-zina","30":"tag-sluglaikapstakli","31":"tag-titlelaika-zina","32":"tag-titlelaikapstakli","33":"tag-top-stories","34":"tag-topstories","35":"tag-zinas"},"share_on_mastodon":{"url":"https:\/\/pubeurope.com\/@lv\/115716469798478849","error":""},"_links":{"self":[{"href":"https:\/\/www.europesays.com\/lv\/wp-json\/wp\/v2\/posts\/73957","targetHints":{"allow":["GET"]}}],"collection":[{"href":"https:\/\/www.europesays.com\/lv\/wp-json\/wp\/v2\/posts"}],"about":[{"href":"https:\/\/www.europesays.com\/lv\/wp-json\/wp\/v2\/types\/post"}],"author":[{"embeddable":true,"href":"https:\/\/www.europesays.com\/lv\/wp-json\/wp\/v2\/users\/2"}],"replies":[{"embeddable":true,"href":"https:\/\/www.europesays.com\/lv\/wp-json\/wp\/v2\/comments?post=73957"}],"version-history":[{"count":0,"href":"https:\/\/www.europesays.com\/lv\/wp-json\/wp\/v2\/posts\/73957\/revisions"}],"wp:featuredmedia":[{"embeddable":true,"href":"https:\/\/www.europesays.com\/lv\/wp-json\/wp\/v2\/media\/73958"}],"wp:attachment":[{"href":"https:\/\/www.europesays.com\/lv\/wp-json\/wp\/v2\/media?parent=73957"}],"wp:term":[{"taxonomy":"category","embeddable":true,"href":"https:\/\/www.europesays.com\/lv\/wp-json\/wp\/v2\/categories?post=73957"},{"taxonomy":"post_tag","embeddable":true,"href":"https:\/\/www.europesays.com\/lv\/wp-json\/wp\/v2\/tags?post=73957"}],"curies":[{"name":"wp","href":"https:\/\/api.w.org\/{rel}","templated":true}]}}